{"id":2738,"date":"2026-09-03T13:27:31","date_gmt":"2026-09-03T13:27:31","guid":{"rendered":"https:\/\/www.hsce.com.br\/?p=2738"},"modified":"2026-09-03T13:27:31","modified_gmt":"2026-09-03T13:27:31","slug":"reforma-tributaria-reduz-ipi-em-95-e-is-nao-cobre-nem-metade-em-2027","status":"publish","type":"post","link":"https:\/\/www.hsce.com.br\/en\/reforma-tributaria-reduz-ipi-em-95-e-is-nao-cobre-nem-metade-em-2027\/","title":{"rendered":"Reforma tribut\u00e1ria reduz IPI em 95% e IS n\u00e3o cobre nem metade em 2027"},"content":{"rendered":"<p class=\"wp-block-paragraph\">O Projeto de Lei Or\u00e7ament\u00e1ria Anual (PLOA) para 2027, enviado pelo governo federal ao Congresso Nacional em 31 de agosto, traz alguns n\u00fameros que mostram o efeito da transi\u00e7\u00e3o da reforma tribut\u00e1ria sobre o consumo.<\/p>\n\n\n\n<p class=\"wp-block-paragraph\">A substitui\u00e7\u00e3o quase total do IPI (Imposto sobre Produtos Industrializados) pelo novo Imposto Seletivo (IS) vai reduzir, ao menos no primeiro ano de transi\u00e7\u00e3o, a arrecada\u00e7\u00e3o federal ligada a esses dois tributos. Isso vai exigir um aporte bilion\u00e1rio a um fundo criado para compensar estados pela perda de receita.<\/p>\n\n\n\n<p class=\"wp-block-paragraph\">Segundo a proposta or\u00e7ament\u00e1ria, a arrecada\u00e7\u00e3o com o IPI, hoje em vias de ser praticamente extinto, est\u00e1 estimada em cerca de R$ 100 bilh\u00f5es para 2026. Em 2027, por\u00e9m, o tributo praticamente desaparece: como passar\u00e1 a incidir apenas sobre produtos com industrializa\u00e7\u00e3o incentivada na Zona Franca de Manaus, sua arrecada\u00e7\u00e3o residual foi projetada em apenas R$ 5,5 bilh\u00f5es.<\/p>\n\n\n\n<p class=\"wp-block-paragraph\">Na outra ponta, o novo Imposto Seletivo (que passa a incidir sobre bens e servi\u00e7os considerados nocivos \u00e0 sa\u00fade ou ao meio ambiente, como cigarros, bebidas alco\u00f3licas e bebidas a\u00e7ucaradas) foi estimado em R$ 42 bilh\u00f5es para o pr\u00f3ximo ano.<\/p>\n\n\n\n<p class=\"wp-block-paragraph\">Somados, IPI residual e Imposto Seletivo chegam a aproximadamente R$ 47,5 bilh\u00f5es em 2027, menos da metade do que era arrecadado com o IPI em sua configura\u00e7\u00e3o atual.<\/p>\n\n\n\n<p class=\"wp-block-paragraph\">O pr\u00f3prio governo reconhece, na Mensagem Presidencial que acompanha o projeto de lei, que a transi\u00e7\u00e3o para o novo modelo de tributa\u00e7\u00e3o sobre o consumo faz com que, no curto prazo, a arrecada\u00e7\u00e3o de tributos como IPI, PIS\/Pasep e Cofins caia, \u00e0 medida que a nova Contribui\u00e7\u00e3o sobre Bens e Servi\u00e7os (CBS) assume gradualmente o espa\u00e7o desses tributos.<\/p>\n\n\n\n<p class=\"wp-block-paragraph\"><strong>Fundo de compensa\u00e7\u00e3o aos estados<\/strong><\/p>\n\n\n\n<p class=\"wp-block-paragraph\">Para lidar com esse descompasso, o Or\u00e7amento de 2027 reserva R$ 33,8 bilh\u00f5es para o Fundo de Compensa\u00e7\u00e3o aos Estados pela substitui\u00e7\u00e3o do IPI pelo Imposto Seletivo. Esse recurso \u00e9 destinado a ressarcir os governos estaduais por eventuais perdas de receita decorrentes do fim do imposto federal, que hoje alimenta parte do Fundo de Participa\u00e7\u00e3o dos Estados (FPE) e do Fundo de Participa\u00e7\u00e3o dos Munic\u00edpios (FPM).<\/p>\n\n\n\n<p class=\"wp-block-paragraph\">Tanto IPI como IS s\u00e3o repartidos com estados. A emenda da reforma tribut\u00e1ria j\u00e1 previa a necessidade de compensar estados por eventual perda de arrecada\u00e7\u00e3o com o fim do IPI e essas transfer\u00eancias s\u00e3o tratadas como exce\u00e7\u00e3o aos limites de gastos do arcabou\u00e7o fiscal.<\/p>\n\n\n\n<p class=\"wp-block-paragraph\"><strong>Reforma foi pensada para ser neutra no total<\/strong><\/p>\n\n\n\n<p class=\"wp-block-paragraph\">O recuo na dupla IPI\/Imposto Seletivo n\u00e3o deve ser confundido com uma perda geral de arrecada\u00e7\u00e3o da Uni\u00e3o. Pelo contr\u00e1rio. A reforma tribut\u00e1ria do consumo (que substitui PIS, Cofins, IPI, ICMS e ISS por um IVA dual, formado pela CBS federal e pelo IBS de estados e munic\u00edpios) foi desenhada para ser fiscalmente neutra como um todo, mas o governo computa ganhos na tributa\u00e7\u00e3o sobre o consumo.<\/p>\n\n\n\n<p class=\"wp-block-paragraph\">Enquanto IPI, PIS\/Pasep e Cofins minguam durante a fase de transi\u00e7\u00e3o, a nova CBS j\u00e1 deve arrecadar R$ 636,8 bilh\u00f5es em 2027, mais do que compensando, na compara\u00e7\u00e3o agregada, a queda dos tributos que substitui.<\/p>\n\n\n\n<p class=\"wp-block-paragraph\">A receita de R$ 42 bilh\u00f5es prevista para o Imposto Seletivo em 2027 \u00e9 classificada como &#8220;fonte condicionada&#8221;: as al\u00edquotas do tributo ainda dependem de lei ordin\u00e1ria a ser votada pelo Congresso, de modo que o valor final arrecadado ainda pode ser revisto at\u00e9 a aprova\u00e7\u00e3o da legisla\u00e7\u00e3o espec\u00edfica.<\/p>\n\n\n\n<p class=\"wp-block-paragraph\"><strong>Total da arrecada\u00e7\u00e3o<\/strong><\/p>\n\n\n\n<p class=\"wp-block-paragraph\">O total dos impostos sobre o consumo mostra um avan\u00e7o na passagem de 2026 para 2027, de 0,5 ponto percentual do PIB (de R$ 630 bilh\u00f5es para R$ 750 bilh\u00f5es, o equivalente a um crescimento nominal de 19%).<\/p>\n\n\n\n<p class=\"wp-block-paragraph\">No total, no entanto, as receitas administradas pela Receita Federal (onde est\u00e3o os impostos e tributos) caem em rela\u00e7\u00e3o ao PIB, de 23,7% previstos em 2026 para 23,4%. Em reais, crescem de R$ 2 trilh\u00f5es para R$ 2,2 trilh\u00f5es (avan\u00e7o nominal de 6,8%).<\/p>\n\n\n\n<blockquote class=\"wp-block-quote is-layout-flow wp-block-quote-is-layout-flow\">\n<p class=\"wp-block-paragraph\">Source:&nbsp;<a href=\"https:\/\/www.jota.info\/tributos\" target=\"_blank\" rel=\"noreferrer noopener\">JOTA<\/a><\/p>\n<\/blockquote>\n\n\n\n<p class=\"wp-block-paragraph\"><\/p>","protected":false},"excerpt":{"rendered":"<p>O Projeto de Lei Or\u00e7ament\u00e1ria Anual (PLOA) para 2027, enviado pelo governo federal ao Congresso Nacional em 31 de agosto, traz alguns n\u00fameros que mostram o efeito da transi\u00e7\u00e3o da reforma tribut\u00e1ria sobre o consumo. A substitui\u00e7\u00e3o quase total do IPI (Imposto sobre Produtos Industrializados) pelo novo Imposto Seletivo (IS) vai reduzir, ao menos no [&hellip;]<\/p>\n","protected":false},"author":8,"featured_media":1956,"comment_status":"open","ping_status":"open","sticky":false,"template":"","format":"standard","meta":{"_monsterinsights_skip_tracking":false,"_monsterinsights_sitenote_active":false,"_monsterinsights_sitenote_note":"","_monsterinsights_sitenote_category":0,"footnotes":""},"categories":[76],"tags":[],"class_list":["post-2738","post","type-post","status-publish","format-standard","has-post-thumbnail","hentry","category-noticias"],"yoast_head":"<!-- This site is optimized with the Yoast SEO plugin v27.2 - https:\/\/yoast.com\/product\/yoast-seo-wordpress\/ -->\n<title>Reforma tribut\u00e1ria reduz IPI em 95% e IS n\u00e3o cobre nem metade em 2027 - Hands on Solutions<\/title>\n<meta name=\"robots\" content=\"index, follow, max-snippet:-1, max-image-preview:large, max-video-preview:-1\" \/>\n<link rel=\"canonical\" href=\"https:\/\/www.hsce.com.br\/en\/reforma-tributaria-reduz-ipi-em-95-e-is-nao-cobre-nem-metade-em-2027\/\" \/>\n<meta property=\"og:locale\" content=\"en_US\" \/>\n<meta property=\"og:type\" content=\"article\" \/>\n<meta property=\"og:title\" content=\"Reforma tribut\u00e1ria reduz IPI em 95% e IS n\u00e3o cobre nem metade em 2027 - Hands on Solutions\" \/>\n<meta property=\"og:description\" content=\"O Projeto de Lei Or\u00e7ament\u00e1ria Anual (PLOA) para 2027, enviado pelo governo federal ao Congresso Nacional em 31 de agosto, traz alguns n\u00fameros que mostram o efeito da transi\u00e7\u00e3o da reforma tribut\u00e1ria sobre o consumo. A substitui\u00e7\u00e3o quase total do IPI (Imposto sobre Produtos Industrializados) pelo novo Imposto Seletivo (IS) vai reduzir, ao menos no [&hellip;]\" \/>\n<meta property=\"og:url\" content=\"https:\/\/www.hsce.com.br\/en\/reforma-tributaria-reduz-ipi-em-95-e-is-nao-cobre-nem-metade-em-2027\/\" \/>\n<meta property=\"og:site_name\" content=\"Hands on Solutions\" \/>\n<meta property=\"article:published_time\" content=\"2026-09-03T13:27:31+00:00\" \/>\n<meta property=\"og:image\" content=\"https:\/\/www.hsce.com.br\/wp-content\/uploads\/2026\/03\/economia_1609210405_0.webp\" \/>\n\t<meta property=\"og:image:width\" content=\"770\" \/>\n\t<meta property=\"og:image:height\" content=\"512\" \/>\n\t<meta property=\"og:image:type\" content=\"image\/webp\" \/>\n<meta name=\"author\" content=\"hsce\" \/>\n<meta name=\"twitter:label1\" content=\"Written by\" \/>\n\t<meta name=\"twitter:data1\" content=\"hsce\" \/>\n\t<meta name=\"twitter:label2\" content=\"Est. reading time\" \/>\n\t<meta name=\"twitter:data2\" content=\"4 minutes\" \/>\n<script type=\"application\/ld+json\" class=\"yoast-schema-graph\">{\"@context\":\"https:\/\/schema.org\",\"@graph\":[{\"@type\":\"Article\",\"@id\":\"https:\/\/www.hsce.com.br\/reforma-tributaria-reduz-ipi-em-95-e-is-nao-cobre-nem-metade-em-2027\/#article\",\"isPartOf\":{\"@id\":\"https:\/\/www.hsce.com.br\/reforma-tributaria-reduz-ipi-em-95-e-is-nao-cobre-nem-metade-em-2027\/\"},\"author\":{\"name\":\"hsce\",\"@id\":\"https:\/\/www.hsce.com.br\/#\/schema\/person\/ce400a0e9f66b1195f845fb1fdca8b33\"},\"headline\":\"Reforma tribut\u00e1ria reduz IPI em 95% e IS n\u00e3o cobre nem metade em 2027\",\"datePublished\":\"2026-09-03T13:27:31+00:00\",\"mainEntityOfPage\":{\"@id\":\"https:\/\/www.hsce.com.br\/reforma-tributaria-reduz-ipi-em-95-e-is-nao-cobre-nem-metade-em-2027\/\"},\"wordCount\":687,\"commentCount\":0,\"publisher\":{\"@id\":\"https:\/\/www.hsce.com.br\/#organization\"},\"image\":{\"@id\":\"https:\/\/www.hsce.com.br\/reforma-tributaria-reduz-ipi-em-95-e-is-nao-cobre-nem-metade-em-2027\/#primaryimage\"},\"thumbnailUrl\":\"https:\/\/www.hsce.com.br\/wp-content\/uploads\/2026\/03\/economia_1609210405_0.webp\",\"articleSection\":[\"Not\u00edcias\"],\"inLanguage\":\"en-US\",\"potentialAction\":[{\"@type\":\"CommentAction\",\"name\":\"Comment\",\"target\":[\"https:\/\/www.hsce.com.br\/reforma-tributaria-reduz-ipi-em-95-e-is-nao-cobre-nem-metade-em-2027\/#respond\"]}]},{\"@type\":\"WebPage\",\"@id\":\"https:\/\/www.hsce.com.br\/reforma-tributaria-reduz-ipi-em-95-e-is-nao-cobre-nem-metade-em-2027\/\",\"url\":\"https:\/\/www.hsce.com.br\/reforma-tributaria-reduz-ipi-em-95-e-is-nao-cobre-nem-metade-em-2027\/\",\"name\":\"Reforma tribut\u00e1ria reduz IPI em 95% e IS n\u00e3o cobre nem metade em 2027 - Hands on Solutions\",\"isPartOf\":{\"@id\":\"https:\/\/www.hsce.com.br\/#website\"},\"primaryImageOfPage\":{\"@id\":\"https:\/\/www.hsce.com.br\/reforma-tributaria-reduz-ipi-em-95-e-is-nao-cobre-nem-metade-em-2027\/#primaryimage\"},\"image\":{\"@id\":\"https:\/\/www.hsce.com.br\/reforma-tributaria-reduz-ipi-em-95-e-is-nao-cobre-nem-metade-em-2027\/#primaryimage\"},\"thumbnailUrl\":\"https:\/\/www.hsce.com.br\/wp-content\/uploads\/2026\/03\/economia_1609210405_0.webp\",\"datePublished\":\"2026-09-03T13:27:31+00:00\",\"breadcrumb\":{\"@id\":\"https:\/\/www.hsce.com.br\/reforma-tributaria-reduz-ipi-em-95-e-is-nao-cobre-nem-metade-em-2027\/#breadcrumb\"},\"inLanguage\":\"en-US\",\"potentialAction\":[{\"@type\":\"ReadAction\",\"target\":[\"https:\/\/www.hsce.com.br\/reforma-tributaria-reduz-ipi-em-95-e-is-nao-cobre-nem-metade-em-2027\/\"]}]},{\"@type\":\"ImageObject\",\"inLanguage\":\"en-US\",\"@id\":\"https:\/\/www.hsce.com.br\/reforma-tributaria-reduz-ipi-em-95-e-is-nao-cobre-nem-metade-em-2027\/#primaryimage\",\"url\":\"https:\/\/www.hsce.com.br\/wp-content\/uploads\/2026\/03\/economia_1609210405_0.webp\",\"contentUrl\":\"https:\/\/www.hsce.com.br\/wp-content\/uploads\/2026\/03\/economia_1609210405_0.webp\",\"width\":770,\"height\":512},{\"@type\":\"BreadcrumbList\",\"@id\":\"https:\/\/www.hsce.com.br\/reforma-tributaria-reduz-ipi-em-95-e-is-nao-cobre-nem-metade-em-2027\/#breadcrumb\",\"itemListElement\":[{\"@type\":\"ListItem\",\"position\":1,\"name\":\"In\u00edcio\",\"item\":\"https:\/\/www.hsce.com.br\/\"},{\"@type\":\"ListItem\",\"position\":2,\"name\":\"Reforma tribut\u00e1ria reduz IPI em 95% e IS n\u00e3o cobre nem metade em 2027\"}]},{\"@type\":\"WebSite\",\"@id\":\"https:\/\/www.hsce.com.br\/#website\",\"url\":\"https:\/\/www.hsce.com.br\/\",\"name\":\"Hands on Solutions\",\"description\":\"\",\"publisher\":{\"@id\":\"https:\/\/www.hsce.com.br\/#organization\"},\"potentialAction\":[{\"@type\":\"SearchAction\",\"target\":{\"@type\":\"EntryPoint\",\"urlTemplate\":\"https:\/\/www.hsce.com.br\/?s={search_term_string}\"},\"query-input\":{\"@type\":\"PropertyValueSpecification\",\"valueRequired\":true,\"valueName\":\"search_term_string\"}}],\"inLanguage\":\"en-US\"},{\"@type\":\"Organization\",\"@id\":\"https:\/\/www.hsce.com.br\/#organization\",\"name\":\"Hands on Solutions\",\"url\":\"https:\/\/www.hsce.com.br\/\",\"logo\":{\"@type\":\"ImageObject\",\"inLanguage\":\"en-US\",\"@id\":\"https:\/\/www.hsce.com.br\/#\/schema\/logo\/image\/\",\"url\":\"https:\/\/www.hsce.com.br\/wp-content\/uploads\/2015\/09\/handson.png\",\"contentUrl\":\"https:\/\/www.hsce.com.br\/wp-content\/uploads\/2015\/09\/handson.png\",\"width\":230,\"height\":68,\"caption\":\"Hands on Solutions\"},\"image\":{\"@id\":\"https:\/\/www.hsce.com.br\/#\/schema\/logo\/image\/\"},\"sameAs\":[\"https:\/\/www.linkedin.com\/company\/hsce-ltda?trk=company_logo\"]},{\"@type\":\"Person\",\"@id\":\"https:\/\/www.hsce.com.br\/#\/schema\/person\/ce400a0e9f66b1195f845fb1fdca8b33\",\"name\":\"hsce\",\"image\":{\"@type\":\"ImageObject\",\"inLanguage\":\"en-US\",\"@id\":\"https:\/\/secure.gravatar.com\/avatar\/5cfe77ad71593df19912d9dffea7f5a8f3b3f45feff1ac302d60b22d3629b491?s=96&d=mm&r=g\",\"url\":\"https:\/\/secure.gravatar.com\/avatar\/5cfe77ad71593df19912d9dffea7f5a8f3b3f45feff1ac302d60b22d3629b491?s=96&d=mm&r=g\",\"contentUrl\":\"https:\/\/secure.gravatar.com\/avatar\/5cfe77ad71593df19912d9dffea7f5a8f3b3f45feff1ac302d60b22d3629b491?s=96&d=mm&r=g\",\"caption\":\"hsce\"},\"url\":\"https:\/\/www.hsce.com.br\/en\/author\/hsce\/\"}]}<\/script>\n<!-- \/ Yoast SEO plugin. -->","yoast_head_json":{"title":"Reforma tribut\u00e1ria reduz IPI em 95% e IS n\u00e3o cobre nem metade em 2027 - Hands on Solutions","robots":{"index":"index","follow":"follow","max-snippet":"max-snippet:-1","max-image-preview":"max-image-preview:large","max-video-preview":"max-video-preview:-1"},"canonical":"https:\/\/www.hsce.com.br\/en\/reforma-tributaria-reduz-ipi-em-95-e-is-nao-cobre-nem-metade-em-2027\/","og_locale":"en_US","og_type":"article","og_title":"Reforma tribut\u00e1ria reduz IPI em 95% e IS n\u00e3o cobre nem metade em 2027 - Hands on Solutions","og_description":"O Projeto de Lei Or\u00e7ament\u00e1ria Anual (PLOA) para 2027, enviado pelo governo federal ao Congresso Nacional em 31 de agosto, traz alguns n\u00fameros que mostram o efeito da transi\u00e7\u00e3o da reforma tribut\u00e1ria sobre o consumo. A substitui\u00e7\u00e3o quase total do IPI (Imposto sobre Produtos Industrializados) pelo novo Imposto Seletivo (IS) vai reduzir, ao menos no [&hellip;]","og_url":"https:\/\/www.hsce.com.br\/en\/reforma-tributaria-reduz-ipi-em-95-e-is-nao-cobre-nem-metade-em-2027\/","og_site_name":"Hands on Solutions","article_published_time":"2026-09-03T13:27:31+00:00","og_image":[{"width":770,"height":512,"url":"https:\/\/www.hsce.com.br\/wp-content\/uploads\/2026\/03\/economia_1609210405_0.webp","type":"image\/webp"}],"author":"hsce","twitter_misc":{"Written by":"hsce","Est. reading time":"4 minutes"},"schema":{"@context":"https:\/\/schema.org","@graph":[{"@type":"Article","@id":"https:\/\/www.hsce.com.br\/reforma-tributaria-reduz-ipi-em-95-e-is-nao-cobre-nem-metade-em-2027\/#article","isPartOf":{"@id":"https:\/\/www.hsce.com.br\/reforma-tributaria-reduz-ipi-em-95-e-is-nao-cobre-nem-metade-em-2027\/"},"author":{"name":"hsce","@id":"https:\/\/www.hsce.com.br\/#\/schema\/person\/ce400a0e9f66b1195f845fb1fdca8b33"},"headline":"Reforma tribut\u00e1ria reduz IPI em 95% e IS n\u00e3o cobre nem metade em 2027","datePublished":"2026-09-03T13:27:31+00:00","mainEntityOfPage":{"@id":"https:\/\/www.hsce.com.br\/reforma-tributaria-reduz-ipi-em-95-e-is-nao-cobre-nem-metade-em-2027\/"},"wordCount":687,"commentCount":0,"publisher":{"@id":"https:\/\/www.hsce.com.br\/#organization"},"image":{"@id":"https:\/\/www.hsce.com.br\/reforma-tributaria-reduz-ipi-em-95-e-is-nao-cobre-nem-metade-em-2027\/#primaryimage"},"thumbnailUrl":"https:\/\/www.hsce.com.br\/wp-content\/uploads\/2026\/03\/economia_1609210405_0.webp","articleSection":["Not\u00edcias"],"inLanguage":"en-US","potentialAction":[{"@type":"CommentAction","name":"Comment","target":["https:\/\/www.hsce.com.br\/reforma-tributaria-reduz-ipi-em-95-e-is-nao-cobre-nem-metade-em-2027\/#respond"]}]},{"@type":"WebPage","@id":"https:\/\/www.hsce.com.br\/reforma-tributaria-reduz-ipi-em-95-e-is-nao-cobre-nem-metade-em-2027\/","url":"https:\/\/www.hsce.com.br\/reforma-tributaria-reduz-ipi-em-95-e-is-nao-cobre-nem-metade-em-2027\/","name":"Reforma tribut\u00e1ria reduz IPI em 95% e IS n\u00e3o cobre nem metade em 2027 - Hands on Solutions","isPartOf":{"@id":"https:\/\/www.hsce.com.br\/#website"},"primaryImageOfPage":{"@id":"https:\/\/www.hsce.com.br\/reforma-tributaria-reduz-ipi-em-95-e-is-nao-cobre-nem-metade-em-2027\/#primaryimage"},"image":{"@id":"https:\/\/www.hsce.com.br\/reforma-tributaria-reduz-ipi-em-95-e-is-nao-cobre-nem-metade-em-2027\/#primaryimage"},"thumbnailUrl":"https:\/\/www.hsce.com.br\/wp-content\/uploads\/2026\/03\/economia_1609210405_0.webp","datePublished":"2026-09-03T13:27:31+00:00","breadcrumb":{"@id":"https:\/\/www.hsce.com.br\/reforma-tributaria-reduz-ipi-em-95-e-is-nao-cobre-nem-metade-em-2027\/#breadcrumb"},"inLanguage":"en-US","potentialAction":[{"@type":"ReadAction","target":["https:\/\/www.hsce.com.br\/reforma-tributaria-reduz-ipi-em-95-e-is-nao-cobre-nem-metade-em-2027\/"]}]},{"@type":"ImageObject","inLanguage":"en-US","@id":"https:\/\/www.hsce.com.br\/reforma-tributaria-reduz-ipi-em-95-e-is-nao-cobre-nem-metade-em-2027\/#primaryimage","url":"https:\/\/www.hsce.com.br\/wp-content\/uploads\/2026\/03\/economia_1609210405_0.webp","contentUrl":"https:\/\/www.hsce.com.br\/wp-content\/uploads\/2026\/03\/economia_1609210405_0.webp","width":770,"height":512},{"@type":"BreadcrumbList","@id":"https:\/\/www.hsce.com.br\/reforma-tributaria-reduz-ipi-em-95-e-is-nao-cobre-nem-metade-em-2027\/#breadcrumb","itemListElement":[{"@type":"ListItem","position":1,"name":"In\u00edcio","item":"https:\/\/www.hsce.com.br\/"},{"@type":"ListItem","position":2,"name":"Reforma tribut\u00e1ria reduz IPI em 95% e IS n\u00e3o cobre nem metade em 2027"}]},{"@type":"WebSite","@id":"https:\/\/www.hsce.com.br\/#website","url":"https:\/\/www.hsce.com.br\/","name":"Hands on Solutions","description":"","publisher":{"@id":"https:\/\/www.hsce.com.br\/#organization"},"potentialAction":[{"@type":"SearchAction","target":{"@type":"EntryPoint","urlTemplate":"https:\/\/www.hsce.com.br\/?s={search_term_string}"},"query-input":{"@type":"PropertyValueSpecification","valueRequired":true,"valueName":"search_term_string"}}],"inLanguage":"en-US"},{"@type":"Organization","@id":"https:\/\/www.hsce.com.br\/#organization","name":"Hands on Solutions","url":"https:\/\/www.hsce.com.br\/","logo":{"@type":"ImageObject","inLanguage":"en-US","@id":"https:\/\/www.hsce.com.br\/#\/schema\/logo\/image\/","url":"https:\/\/www.hsce.com.br\/wp-content\/uploads\/2015\/09\/handson.png","contentUrl":"https:\/\/www.hsce.com.br\/wp-content\/uploads\/2015\/09\/handson.png","width":230,"height":68,"caption":"Hands on Solutions"},"image":{"@id":"https:\/\/www.hsce.com.br\/#\/schema\/logo\/image\/"},"sameAs":["https:\/\/www.linkedin.com\/company\/hsce-ltda?trk=company_logo"]},{"@type":"Person","@id":"https:\/\/www.hsce.com.br\/#\/schema\/person\/ce400a0e9f66b1195f845fb1fdca8b33","name":"hsce","image":{"@type":"ImageObject","inLanguage":"en-US","@id":"https:\/\/secure.gravatar.com\/avatar\/5cfe77ad71593df19912d9dffea7f5a8f3b3f45feff1ac302d60b22d3629b491?s=96&d=mm&r=g","url":"https:\/\/secure.gravatar.com\/avatar\/5cfe77ad71593df19912d9dffea7f5a8f3b3f45feff1ac302d60b22d3629b491?s=96&d=mm&r=g","contentUrl":"https:\/\/secure.gravatar.com\/avatar\/5cfe77ad71593df19912d9dffea7f5a8f3b3f45feff1ac302d60b22d3629b491?s=96&d=mm&r=g","caption":"hsce"},"url":"https:\/\/www.hsce.com.br\/en\/author\/hsce\/"}]}},"_links":{"self":[{"href":"https:\/\/www.hsce.com.br\/en\/wp-json\/wp\/v2\/posts\/2738","targetHints":{"allow":["GET"]}}],"collection":[{"href":"https:\/\/www.hsce.com.br\/en\/wp-json\/wp\/v2\/posts"}],"about":[{"href":"https:\/\/www.hsce.com.br\/en\/wp-json\/wp\/v2\/types\/post"}],"author":[{"embeddable":true,"href":"https:\/\/www.hsce.com.br\/en\/wp-json\/wp\/v2\/users\/8"}],"replies":[{"embeddable":true,"href":"https:\/\/www.hsce.com.br\/en\/wp-json\/wp\/v2\/comments?post=2738"}],"version-history":[{"count":1,"href":"https:\/\/www.hsce.com.br\/en\/wp-json\/wp\/v2\/posts\/2738\/revisions"}],"predecessor-version":[{"id":2739,"href":"https:\/\/www.hsce.com.br\/en\/wp-json\/wp\/v2\/posts\/2738\/revisions\/2739"}],"wp:featuredmedia":[{"embeddable":true,"href":"https:\/\/www.hsce.com.br\/en\/wp-json\/wp\/v2\/media\/1956"}],"wp:attachment":[{"href":"https:\/\/www.hsce.com.br\/en\/wp-json\/wp\/v2\/media?parent=2738"}],"wp:term":[{"taxonomy":"category","embeddable":true,"href":"https:\/\/www.hsce.com.br\/en\/wp-json\/wp\/v2\/categories?post=2738"},{"taxonomy":"post_tag","embeddable":true,"href":"https:\/\/www.hsce.com.br\/en\/wp-json\/wp\/v2\/tags?post=2738"}],"curies":[{"name":"wp","href":"https:\/\/api.w.org\/{rel}","templated":true}]}}