{"id":2731,"date":"2026-09-01T17:27:02","date_gmt":"2026-09-01T17:27:02","guid":{"rendered":"https:\/\/www.hsce.com.br\/?p=2731"},"modified":"2026-09-01T17:27:03","modified_gmt":"2026-09-01T17:27:03","slug":"carf-anula-cobranca-contra-petro-rio-em-caso-de-r-18-bilhoes-2","status":"publish","type":"post","link":"https:\/\/www.hsce.com.br\/en\/carf-anula-cobranca-contra-petro-rio-em-caso-de-r-18-bilhoes-2\/","title":{"rendered":"Carf anula cobran\u00e7a contra Petro Rio em caso de R$ 18 bilh\u00f5es"},"content":{"rendered":"<p class=\"wp-block-paragraph\">A 3\u00aa Turma da C\u00e2mara Superior do Conselho Administrativo de Recursos Fiscais (Carf) declarou a nulidade de auto de infra\u00e7\u00e3o contra a Petro Rio Jaguar Petr\u00f3leo S.A. por entender que a fiscaliza\u00e7\u00e3o n\u00e3o seguiu o procedimento adequado para questionar o regime aduaneiro j\u00e1 concedido \u00e0 empresa. O caso envolve cerca de R$ 18 bilh\u00f5es em valores atualizados e trata de supostas irregularidades relacionadas ao Repetro-Sped.<\/p>\n\n\n\n<p class=\"wp-block-paragraph\">A maioria do colegiado seguiu o voto da relatora, conselheira Tatiana Belis\u00e1rio. Para ela, a Receita apresentou fundamentos relacionados aos requisitos para concess\u00e3o do regime, mas formalizou a cobran\u00e7a como decorrente de descumprimento das condi\u00e7\u00f5es de utiliza\u00e7\u00e3o.<\/p>\n\n\n\n<p class=\"wp-block-paragraph\">Belis\u00e1rio defendeu que se a inten\u00e7\u00e3o era afastar a concess\u00e3o do Repetro-Sped, seria necess\u00e1rio seguir o procedimento de revis\u00e3o ou cassa\u00e7\u00e3o do ato de concess\u00e3o, e n\u00e3o simplesmente lavrar o auto para cobrar os tributos suspensos.<\/p>\n\n\n\n<p class=\"wp-block-paragraph\">A relatora tamb\u00e9m apontou que a falta de clareza comprometeu o direito de defesa da contribuinte, j\u00e1 que n\u00e3o era poss\u00edvel identificar com precis\u00e3o se a fiscaliza\u00e7\u00e3o pretendia revisar a concess\u00e3o do regime ou apurar irregularidades em sua utiliza\u00e7\u00e3o. O voto restabelece, nesse ponto, a conclus\u00e3o da Delegacia de Julgamento (DRJ) pela nulidade do lan\u00e7amento, com fundamento no artigo 59, inciso II, do Decreto 70.235\/1972.<\/p>\n\n\n\n<p class=\"wp-block-paragraph\">A defesa da empresa sustentou que a Receita abriu o procedimento e lavrou diretamente o auto de infra\u00e7\u00e3o, sem a pr\u00e9via intima\u00e7\u00e3o para corrigir ou esclarecer supostas falhas ou para apresentar o recurso administrativo previsto nas normas do regime \u00e0 \u00e9poca dos fatos.<\/p>\n\n\n\n<p class=\"wp-block-paragraph\">\u201cA C\u00e2mara Superior reconheceu que exigir R$ 17 bilh\u00f5es sem esclarecer sequer o que se pretendia (rever a concess\u00e3o ou apurar descumprimento) cerceia a defesa do contribuinte e torna nulo o lan\u00e7amento. O caso da PetroRio, portanto, al\u00e9m de um absurdo jur\u00eddico, \u00e9 emblem\u00e1tico, pois materializa o compromisso do Carf com a higidez das normas e procedimentos da Receita Federal\u201d, afirmou o advogado Eduardo Kiralyhegy, do NMK Advogados, ao JOTA.<\/p>\n\n\n\n<p class=\"wp-block-paragraph\">Parecerista do caso, o tributarista Leonardo Branco, do Daniel, Diniz e Branco \u2013 Advocacia Tribut\u00e1ria e Aduaneira, classificou o processo como \u201cbastante peculiar\u201d e destacou que a fiscaliza\u00e7\u00e3o, ao reanalisar os requisitos do Repetro durante a migra\u00e7\u00e3o para o Repetro-Sped, deveria ter seguido o procedimento revisional previsto na legisla\u00e7\u00e3o para cancelar ou desconsiderar o regime especial. Branco tamb\u00e9m afirmou que, poucas semanas ap\u00f3s a lavratura do auto, o auditor respons\u00e1vel deixou a Receita Federal.<\/p>\n\n\n\n<p class=\"wp-block-paragraph\">No julgamento, a Fazenda, representada pelo procurador Fabr\u00edcio Sarmanho de Albuquerque, apontou uma insatisfa\u00e7\u00e3o com o fato de a discuss\u00e3o sobre a natureza do v\u00edcio n\u00e3o ter sido enfrentada integralmente, em raz\u00e3o da inexist\u00eancia de \u201crecurso adesivo\u201d no processo administrativo. Belis\u00e1rio concordou com a cr\u00edtica e apontou a necessidade de ajustes no regimento.<\/p>\n\n\n\n<p class=\"wp-block-paragraph\">Ficou vencido o conselheiro Vin\u00edcius Guimar\u00e3es, que no m\u00e9rito votou para negar o recurso da empresa. Antes, Guimar\u00e3es havia votado pelo n\u00e3o conhecimento do recurso.<\/p>\n\n\n\n<p class=\"wp-block-paragraph\">O processo em tramita\u00e7\u00e3o \u00e9 o 10730.726286\/2022-80.<\/p>\n\n\n\n<blockquote class=\"wp-block-quote is-layout-flow wp-block-quote-is-layout-flow\">\n<p class=\"wp-block-paragraph\">Source:&nbsp;<a href=\"https:\/\/www.jota.info\/tributos\" target=\"_blank\" rel=\"noreferrer noopener\">JOTA<\/a><\/p>\n<\/blockquote>\n\n\n\n<p class=\"wp-block-paragraph\"><\/p>","protected":false},"excerpt":{"rendered":"<p>A 3\u00aa Turma da C\u00e2mara Superior do Conselho Administrativo de Recursos Fiscais (Carf) declarou a nulidade de auto de infra\u00e7\u00e3o contra a Petro Rio Jaguar Petr\u00f3leo S.A. por entender que a fiscaliza\u00e7\u00e3o n\u00e3o seguiu o procedimento adequado para questionar o regime aduaneiro j\u00e1 concedido \u00e0 empresa. O caso envolve cerca de R$ 18 bilh\u00f5es em [&hellip;]<\/p>\n","protected":false},"author":8,"featured_media":2689,"comment_status":"open","ping_status":"open","sticky":false,"template":"","format":"standard","meta":{"_monsterinsights_skip_tracking":false,"_monsterinsights_sitenote_active":false,"_monsterinsights_sitenote_note":"","_monsterinsights_sitenote_category":0,"footnotes":""},"categories":[76],"tags":[],"class_list":["post-2731","post","type-post","status-publish","format-standard","has-post-thumbnail","hentry","category-noticias"],"yoast_head":"<!-- This site is optimized with the Yoast SEO plugin v27.2 - https:\/\/yoast.com\/product\/yoast-seo-wordpress\/ -->\n<title>Carf anula cobran\u00e7a contra Petro Rio em caso de R$ 18 bilh\u00f5es - Hands on Solutions<\/title>\n<meta name=\"robots\" content=\"index, follow, max-snippet:-1, max-image-preview:large, max-video-preview:-1\" \/>\n<link rel=\"canonical\" href=\"https:\/\/www.hsce.com.br\/en\/carf-anula-cobranca-contra-petro-rio-em-caso-de-r-18-bilhoes-2\/\" \/>\n<meta property=\"og:locale\" content=\"en_US\" \/>\n<meta property=\"og:type\" content=\"article\" \/>\n<meta property=\"og:title\" content=\"Carf anula cobran\u00e7a contra Petro Rio em caso de R$ 18 bilh\u00f5es - Hands on Solutions\" \/>\n<meta property=\"og:description\" content=\"A 3\u00aa Turma da C\u00e2mara Superior do Conselho Administrativo de Recursos Fiscais (Carf) declarou a nulidade de auto de infra\u00e7\u00e3o contra a Petro Rio Jaguar Petr\u00f3leo S.A. por entender que a fiscaliza\u00e7\u00e3o n\u00e3o seguiu o procedimento adequado para questionar o regime aduaneiro j\u00e1 concedido \u00e0 empresa. O caso envolve cerca de R$ 18 bilh\u00f5es em [&hellip;]\" \/>\n<meta property=\"og:url\" content=\"https:\/\/www.hsce.com.br\/en\/carf-anula-cobranca-contra-petro-rio-em-caso-de-r-18-bilhoes-2\/\" \/>\n<meta property=\"og:site_name\" content=\"Hands on Solutions\" \/>\n<meta property=\"article:published_time\" content=\"2026-09-01T17:27:02+00:00\" \/>\n<meta property=\"article:modified_time\" content=\"2026-09-01T17:27:03+00:00\" \/>\n<meta property=\"og:image\" content=\"https:\/\/www.hsce.com.br\/wp-content\/uploads\/2026\/08\/plataforma_arquivo.webp\" \/>\n\t<meta property=\"og:image:width\" content=\"1170\" \/>\n\t<meta property=\"og:image:height\" content=\"700\" \/>\n\t<meta property=\"og:image:type\" content=\"image\/webp\" \/>\n<meta name=\"author\" content=\"hsce\" \/>\n<meta name=\"twitter:label1\" content=\"Written by\" \/>\n\t<meta name=\"twitter:data1\" content=\"hsce\" \/>\n\t<meta name=\"twitter:label2\" content=\"Est. reading time\" \/>\n\t<meta name=\"twitter:data2\" content=\"3 minutes\" \/>\n<script type=\"application\/ld+json\" class=\"yoast-schema-graph\">{\"@context\":\"https:\/\/schema.org\",\"@graph\":[{\"@type\":\"Article\",\"@id\":\"https:\/\/www.hsce.com.br\/carf-anula-cobranca-contra-petro-rio-em-caso-de-r-18-bilhoes-2\/#article\",\"isPartOf\":{\"@id\":\"https:\/\/www.hsce.com.br\/carf-anula-cobranca-contra-petro-rio-em-caso-de-r-18-bilhoes-2\/\"},\"author\":{\"name\":\"hsce\",\"@id\":\"https:\/\/www.hsce.com.br\/#\/schema\/person\/ce400a0e9f66b1195f845fb1fdca8b33\"},\"headline\":\"Carf anula cobran\u00e7a contra Petro Rio em caso de R$ 18 bilh\u00f5es\",\"datePublished\":\"2026-09-01T17:27:02+00:00\",\"dateModified\":\"2026-09-01T17:27:03+00:00\",\"mainEntityOfPage\":{\"@id\":\"https:\/\/www.hsce.com.br\/carf-anula-cobranca-contra-petro-rio-em-caso-de-r-18-bilhoes-2\/\"},\"wordCount\":542,\"commentCount\":0,\"publisher\":{\"@id\":\"https:\/\/www.hsce.com.br\/#organization\"},\"image\":{\"@id\":\"https:\/\/www.hsce.com.br\/carf-anula-cobranca-contra-petro-rio-em-caso-de-r-18-bilhoes-2\/#primaryimage\"},\"thumbnailUrl\":\"https:\/\/www.hsce.com.br\/wp-content\/uploads\/2026\/08\/plataforma_arquivo.webp\",\"articleSection\":[\"Not\u00edcias\"],\"inLanguage\":\"en-US\",\"potentialAction\":[{\"@type\":\"CommentAction\",\"name\":\"Comment\",\"target\":[\"https:\/\/www.hsce.com.br\/carf-anula-cobranca-contra-petro-rio-em-caso-de-r-18-bilhoes-2\/#respond\"]}]},{\"@type\":\"WebPage\",\"@id\":\"https:\/\/www.hsce.com.br\/carf-anula-cobranca-contra-petro-rio-em-caso-de-r-18-bilhoes-2\/\",\"url\":\"https:\/\/www.hsce.com.br\/carf-anula-cobranca-contra-petro-rio-em-caso-de-r-18-bilhoes-2\/\",\"name\":\"Carf anula cobran\u00e7a contra Petro Rio em caso de R$ 18 bilh\u00f5es - Hands on Solutions\",\"isPartOf\":{\"@id\":\"https:\/\/www.hsce.com.br\/#website\"},\"primaryImageOfPage\":{\"@id\":\"https:\/\/www.hsce.com.br\/carf-anula-cobranca-contra-petro-rio-em-caso-de-r-18-bilhoes-2\/#primaryimage\"},\"image\":{\"@id\":\"https:\/\/www.hsce.com.br\/carf-anula-cobranca-contra-petro-rio-em-caso-de-r-18-bilhoes-2\/#primaryimage\"},\"thumbnailUrl\":\"https:\/\/www.hsce.com.br\/wp-content\/uploads\/2026\/08\/plataforma_arquivo.webp\",\"datePublished\":\"2026-09-01T17:27:02+00:00\",\"dateModified\":\"2026-09-01T17:27:03+00:00\",\"breadcrumb\":{\"@id\":\"https:\/\/www.hsce.com.br\/carf-anula-cobranca-contra-petro-rio-em-caso-de-r-18-bilhoes-2\/#breadcrumb\"},\"inLanguage\":\"en-US\",\"potentialAction\":[{\"@type\":\"ReadAction\",\"target\":[\"https:\/\/www.hsce.com.br\/carf-anula-cobranca-contra-petro-rio-em-caso-de-r-18-bilhoes-2\/\"]}]},{\"@type\":\"ImageObject\",\"inLanguage\":\"en-US\",\"@id\":\"https:\/\/www.hsce.com.br\/carf-anula-cobranca-contra-petro-rio-em-caso-de-r-18-bilhoes-2\/#primaryimage\",\"url\":\"https:\/\/www.hsce.com.br\/wp-content\/uploads\/2026\/08\/plataforma_arquivo.webp\",\"contentUrl\":\"https:\/\/www.hsce.com.br\/wp-content\/uploads\/2026\/08\/plataforma_arquivo.webp\",\"width\":1170,\"height\":700},{\"@type\":\"BreadcrumbList\",\"@id\":\"https:\/\/www.hsce.com.br\/carf-anula-cobranca-contra-petro-rio-em-caso-de-r-18-bilhoes-2\/#breadcrumb\",\"itemListElement\":[{\"@type\":\"ListItem\",\"position\":1,\"name\":\"In\u00edcio\",\"item\":\"https:\/\/www.hsce.com.br\/\"},{\"@type\":\"ListItem\",\"position\":2,\"name\":\"Carf anula cobran\u00e7a contra Petro Rio em caso de R$ 18 bilh\u00f5es\"}]},{\"@type\":\"WebSite\",\"@id\":\"https:\/\/www.hsce.com.br\/#website\",\"url\":\"https:\/\/www.hsce.com.br\/\",\"name\":\"Hands on Solutions\",\"description\":\"\",\"publisher\":{\"@id\":\"https:\/\/www.hsce.com.br\/#organization\"},\"potentialAction\":[{\"@type\":\"SearchAction\",\"target\":{\"@type\":\"EntryPoint\",\"urlTemplate\":\"https:\/\/www.hsce.com.br\/?s={search_term_string}\"},\"query-input\":{\"@type\":\"PropertyValueSpecification\",\"valueRequired\":true,\"valueName\":\"search_term_string\"}}],\"inLanguage\":\"en-US\"},{\"@type\":\"Organization\",\"@id\":\"https:\/\/www.hsce.com.br\/#organization\",\"name\":\"Hands on Solutions\",\"url\":\"https:\/\/www.hsce.com.br\/\",\"logo\":{\"@type\":\"ImageObject\",\"inLanguage\":\"en-US\",\"@id\":\"https:\/\/www.hsce.com.br\/#\/schema\/logo\/image\/\",\"url\":\"https:\/\/www.hsce.com.br\/wp-content\/uploads\/2015\/09\/handson.png\",\"contentUrl\":\"https:\/\/www.hsce.com.br\/wp-content\/uploads\/2015\/09\/handson.png\",\"width\":230,\"height\":68,\"caption\":\"Hands on Solutions\"},\"image\":{\"@id\":\"https:\/\/www.hsce.com.br\/#\/schema\/logo\/image\/\"},\"sameAs\":[\"https:\/\/www.linkedin.com\/company\/hsce-ltda?trk=company_logo\"]},{\"@type\":\"Person\",\"@id\":\"https:\/\/www.hsce.com.br\/#\/schema\/person\/ce400a0e9f66b1195f845fb1fdca8b33\",\"name\":\"hsce\",\"image\":{\"@type\":\"ImageObject\",\"inLanguage\":\"en-US\",\"@id\":\"https:\/\/secure.gravatar.com\/avatar\/5cfe77ad71593df19912d9dffea7f5a8f3b3f45feff1ac302d60b22d3629b491?s=96&d=mm&r=g\",\"url\":\"https:\/\/secure.gravatar.com\/avatar\/5cfe77ad71593df19912d9dffea7f5a8f3b3f45feff1ac302d60b22d3629b491?s=96&d=mm&r=g\",\"contentUrl\":\"https:\/\/secure.gravatar.com\/avatar\/5cfe77ad71593df19912d9dffea7f5a8f3b3f45feff1ac302d60b22d3629b491?s=96&d=mm&r=g\",\"caption\":\"hsce\"},\"url\":\"https:\/\/www.hsce.com.br\/en\/author\/hsce\/\"}]}<\/script>\n<!-- \/ Yoast SEO plugin. -->","yoast_head_json":{"title":"Carf anula cobran\u00e7a contra Petro Rio em caso de R$ 18 bilh\u00f5es - Hands on Solutions","robots":{"index":"index","follow":"follow","max-snippet":"max-snippet:-1","max-image-preview":"max-image-preview:large","max-video-preview":"max-video-preview:-1"},"canonical":"https:\/\/www.hsce.com.br\/en\/carf-anula-cobranca-contra-petro-rio-em-caso-de-r-18-bilhoes-2\/","og_locale":"en_US","og_type":"article","og_title":"Carf anula cobran\u00e7a contra Petro Rio em caso de R$ 18 bilh\u00f5es - Hands on Solutions","og_description":"A 3\u00aa Turma da C\u00e2mara Superior do Conselho Administrativo de Recursos Fiscais (Carf) declarou a nulidade de auto de infra\u00e7\u00e3o contra a Petro Rio Jaguar Petr\u00f3leo S.A. por entender que a fiscaliza\u00e7\u00e3o n\u00e3o seguiu o procedimento adequado para questionar o regime aduaneiro j\u00e1 concedido \u00e0 empresa. O caso envolve cerca de R$ 18 bilh\u00f5es em [&hellip;]","og_url":"https:\/\/www.hsce.com.br\/en\/carf-anula-cobranca-contra-petro-rio-em-caso-de-r-18-bilhoes-2\/","og_site_name":"Hands on Solutions","article_published_time":"2026-09-01T17:27:02+00:00","article_modified_time":"2026-09-01T17:27:03+00:00","og_image":[{"width":1170,"height":700,"url":"https:\/\/www.hsce.com.br\/wp-content\/uploads\/2026\/08\/plataforma_arquivo.webp","type":"image\/webp"}],"author":"hsce","twitter_misc":{"Written by":"hsce","Est. reading time":"3 minutes"},"schema":{"@context":"https:\/\/schema.org","@graph":[{"@type":"Article","@id":"https:\/\/www.hsce.com.br\/carf-anula-cobranca-contra-petro-rio-em-caso-de-r-18-bilhoes-2\/#article","isPartOf":{"@id":"https:\/\/www.hsce.com.br\/carf-anula-cobranca-contra-petro-rio-em-caso-de-r-18-bilhoes-2\/"},"author":{"name":"hsce","@id":"https:\/\/www.hsce.com.br\/#\/schema\/person\/ce400a0e9f66b1195f845fb1fdca8b33"},"headline":"Carf anula cobran\u00e7a contra Petro Rio em caso de R$ 18 bilh\u00f5es","datePublished":"2026-09-01T17:27:02+00:00","dateModified":"2026-09-01T17:27:03+00:00","mainEntityOfPage":{"@id":"https:\/\/www.hsce.com.br\/carf-anula-cobranca-contra-petro-rio-em-caso-de-r-18-bilhoes-2\/"},"wordCount":542,"commentCount":0,"publisher":{"@id":"https:\/\/www.hsce.com.br\/#organization"},"image":{"@id":"https:\/\/www.hsce.com.br\/carf-anula-cobranca-contra-petro-rio-em-caso-de-r-18-bilhoes-2\/#primaryimage"},"thumbnailUrl":"https:\/\/www.hsce.com.br\/wp-content\/uploads\/2026\/08\/plataforma_arquivo.webp","articleSection":["Not\u00edcias"],"inLanguage":"en-US","potentialAction":[{"@type":"CommentAction","name":"Comment","target":["https:\/\/www.hsce.com.br\/carf-anula-cobranca-contra-petro-rio-em-caso-de-r-18-bilhoes-2\/#respond"]}]},{"@type":"WebPage","@id":"https:\/\/www.hsce.com.br\/carf-anula-cobranca-contra-petro-rio-em-caso-de-r-18-bilhoes-2\/","url":"https:\/\/www.hsce.com.br\/carf-anula-cobranca-contra-petro-rio-em-caso-de-r-18-bilhoes-2\/","name":"Carf anula cobran\u00e7a contra Petro Rio em caso de R$ 18 bilh\u00f5es - Hands on Solutions","isPartOf":{"@id":"https:\/\/www.hsce.com.br\/#website"},"primaryImageOfPage":{"@id":"https:\/\/www.hsce.com.br\/carf-anula-cobranca-contra-petro-rio-em-caso-de-r-18-bilhoes-2\/#primaryimage"},"image":{"@id":"https:\/\/www.hsce.com.br\/carf-anula-cobranca-contra-petro-rio-em-caso-de-r-18-bilhoes-2\/#primaryimage"},"thumbnailUrl":"https:\/\/www.hsce.com.br\/wp-content\/uploads\/2026\/08\/plataforma_arquivo.webp","datePublished":"2026-09-01T17:27:02+00:00","dateModified":"2026-09-01T17:27:03+00:00","breadcrumb":{"@id":"https:\/\/www.hsce.com.br\/carf-anula-cobranca-contra-petro-rio-em-caso-de-r-18-bilhoes-2\/#breadcrumb"},"inLanguage":"en-US","potentialAction":[{"@type":"ReadAction","target":["https:\/\/www.hsce.com.br\/carf-anula-cobranca-contra-petro-rio-em-caso-de-r-18-bilhoes-2\/"]}]},{"@type":"ImageObject","inLanguage":"en-US","@id":"https:\/\/www.hsce.com.br\/carf-anula-cobranca-contra-petro-rio-em-caso-de-r-18-bilhoes-2\/#primaryimage","url":"https:\/\/www.hsce.com.br\/wp-content\/uploads\/2026\/08\/plataforma_arquivo.webp","contentUrl":"https:\/\/www.hsce.com.br\/wp-content\/uploads\/2026\/08\/plataforma_arquivo.webp","width":1170,"height":700},{"@type":"BreadcrumbList","@id":"https:\/\/www.hsce.com.br\/carf-anula-cobranca-contra-petro-rio-em-caso-de-r-18-bilhoes-2\/#breadcrumb","itemListElement":[{"@type":"ListItem","position":1,"name":"In\u00edcio","item":"https:\/\/www.hsce.com.br\/"},{"@type":"ListItem","position":2,"name":"Carf anula cobran\u00e7a contra Petro Rio em caso de R$ 18 bilh\u00f5es"}]},{"@type":"WebSite","@id":"https:\/\/www.hsce.com.br\/#website","url":"https:\/\/www.hsce.com.br\/","name":"Hands on Solutions","description":"","publisher":{"@id":"https:\/\/www.hsce.com.br\/#organization"},"potentialAction":[{"@type":"SearchAction","target":{"@type":"EntryPoint","urlTemplate":"https:\/\/www.hsce.com.br\/?s={search_term_string}"},"query-input":{"@type":"PropertyValueSpecification","valueRequired":true,"valueName":"search_term_string"}}],"inLanguage":"en-US"},{"@type":"Organization","@id":"https:\/\/www.hsce.com.br\/#organization","name":"Hands on Solutions","url":"https:\/\/www.hsce.com.br\/","logo":{"@type":"ImageObject","inLanguage":"en-US","@id":"https:\/\/www.hsce.com.br\/#\/schema\/logo\/image\/","url":"https:\/\/www.hsce.com.br\/wp-content\/uploads\/2015\/09\/handson.png","contentUrl":"https:\/\/www.hsce.com.br\/wp-content\/uploads\/2015\/09\/handson.png","width":230,"height":68,"caption":"Hands on Solutions"},"image":{"@id":"https:\/\/www.hsce.com.br\/#\/schema\/logo\/image\/"},"sameAs":["https:\/\/www.linkedin.com\/company\/hsce-ltda?trk=company_logo"]},{"@type":"Person","@id":"https:\/\/www.hsce.com.br\/#\/schema\/person\/ce400a0e9f66b1195f845fb1fdca8b33","name":"hsce","image":{"@type":"ImageObject","inLanguage":"en-US","@id":"https:\/\/secure.gravatar.com\/avatar\/5cfe77ad71593df19912d9dffea7f5a8f3b3f45feff1ac302d60b22d3629b491?s=96&d=mm&r=g","url":"https:\/\/secure.gravatar.com\/avatar\/5cfe77ad71593df19912d9dffea7f5a8f3b3f45feff1ac302d60b22d3629b491?s=96&d=mm&r=g","contentUrl":"https:\/\/secure.gravatar.com\/avatar\/5cfe77ad71593df19912d9dffea7f5a8f3b3f45feff1ac302d60b22d3629b491?s=96&d=mm&r=g","caption":"hsce"},"url":"https:\/\/www.hsce.com.br\/en\/author\/hsce\/"}]}},"_links":{"self":[{"href":"https:\/\/www.hsce.com.br\/en\/wp-json\/wp\/v2\/posts\/2731","targetHints":{"allow":["GET"]}}],"collection":[{"href":"https:\/\/www.hsce.com.br\/en\/wp-json\/wp\/v2\/posts"}],"about":[{"href":"https:\/\/www.hsce.com.br\/en\/wp-json\/wp\/v2\/types\/post"}],"author":[{"embeddable":true,"href":"https:\/\/www.hsce.com.br\/en\/wp-json\/wp\/v2\/users\/8"}],"replies":[{"embeddable":true,"href":"https:\/\/www.hsce.com.br\/en\/wp-json\/wp\/v2\/comments?post=2731"}],"version-history":[{"count":1,"href":"https:\/\/www.hsce.com.br\/en\/wp-json\/wp\/v2\/posts\/2731\/revisions"}],"predecessor-version":[{"id":2732,"href":"https:\/\/www.hsce.com.br\/en\/wp-json\/wp\/v2\/posts\/2731\/revisions\/2732"}],"wp:featuredmedia":[{"embeddable":true,"href":"https:\/\/www.hsce.com.br\/en\/wp-json\/wp\/v2\/media\/2689"}],"wp:attachment":[{"href":"https:\/\/www.hsce.com.br\/en\/wp-json\/wp\/v2\/media?parent=2731"}],"wp:term":[{"taxonomy":"category","embeddable":true,"href":"https:\/\/www.hsce.com.br\/en\/wp-json\/wp\/v2\/categories?post=2731"},{"taxonomy":"post_tag","embeddable":true,"href":"https:\/\/www.hsce.com.br\/en\/wp-json\/wp\/v2\/tags?post=2731"}],"curies":[{"name":"wp","href":"https:\/\/api.w.org\/{rel}","templated":true}]}}