{"id":2728,"date":"2026-09-01T12:31:29","date_gmt":"2026-09-01T12:31:29","guid":{"rendered":"https:\/\/www.hsce.com.br\/?p=2728"},"modified":"2026-09-01T12:31:30","modified_gmt":"2026-09-01T12:31:30","slug":"empresas-enfrentam-inseguranca-com-aliquotas-da-reforma-tributaria-indefinidas","status":"publish","type":"post","link":"https:\/\/www.hsce.com.br\/en\/empresas-enfrentam-inseguranca-com-aliquotas-da-reforma-tributaria-indefinidas\/","title":{"rendered":"Empresas enfrentam inseguran\u00e7a com al\u00edquotas da reforma tribut\u00e1ria indefinidas"},"content":{"rendered":"\n<p class=\"wp-block-paragraph\">A cinco meses do in\u00edcio da cobran\u00e7a efetiva dos novos tributos da reforma tribut\u00e1ria, companhias correm o risco de conhecer as al\u00edquotas da Contribui\u00e7\u00e3o sobre Bens e Servi\u00e7os (CBS) e do Imposto Seletivo (IS) apenas em dezembro. Para as empresas, a indefini\u00e7\u00e3o permanece justamente quando s\u00e3o fechados or\u00e7amentos, contratos, tabelas de pre\u00e7os e investimentos para 2027, o que cria um ambiente de inseguran\u00e7a econ\u00f4mica e operacional.<\/p>\n\n\n\n<p class=\"wp-block-paragraph\">As sucessivas regulamenta\u00e7\u00f5es e mudan\u00e7as nos cronogramas de adapta\u00e7\u00e3o \u00e0s notas fiscais contribuem para a sensa\u00e7\u00e3o de inseguran\u00e7a envolvendo as al\u00edquotas. Do ponto de vista jur\u00eddico, existe ainda o risco de judicializa\u00e7\u00e3o em 2027 envolvendo a necessidade ou n\u00e3o de aplica\u00e7\u00e3o da noventena para a fixa\u00e7\u00e3o da al\u00edquota da CBS.<\/p>\n\n\n\n<p class=\"wp-block-paragraph\">Al\u00e9m das al\u00edquotas da CBS e do IS, est\u00e1 pendente a defini\u00e7\u00e3o da lista de produtos produzidos na Zona Franca de Manaus que permanecer\u00e3o sujeitos ao IPI. Como o IBS permanece em 0,1% em 2027 e em 2028 e ser\u00e1 implementado gradualmente a partir de 2029, ele ainda n\u00e3o est\u00e1 no centro das discuss\u00f5es envolvendo al\u00edquotas de refer\u00eancia.<\/p>\n\n\n\n<p class=\"wp-block-paragraph\"><strong>Prazos para a defini\u00e7\u00e3o das al\u00edquotas<\/strong><\/p>\n\n\n\n<p class=\"wp-block-paragraph\">O JOTA apurou que o governo est\u00e1 trabalhando nos \u00faltimos detalhes da proposta para o c\u00e1lculo da al\u00edquota de refer\u00eancia da CBS. A previs\u00e3o \u00e9 que o texto seja enviado dentro do prazo, que \u00e9 14 de setembro, ao Tribunal de Contas da Uni\u00e3o (TCU). O TCU, ent\u00e3o, poder\u00e1 alterar os par\u00e2metros ou simplesmente homolog\u00e1-los para, ent\u00e3o, envi\u00e1-los ao Senado at\u00e9 30 de outubro. Para minimizar a possibilidade de mudan\u00e7as, a metodologia a ser enviada foi discutida em conjunto por t\u00e9cnicos da Receita Federal, do TCU e do Congresso Nacional.<\/p>\n\n\n\n<p class=\"wp-block-paragraph\">Pela Lei Complementar 214\/2026, o Senado, por sua vez, dever\u00e1 fixar as al\u00edquotas at\u00e9 15 de dezembro. Mesmo com algum atraso, se essa fixa\u00e7\u00e3o ultrapassar 22 de dezembro, ser\u00e3o utilizadas temporariamente as al\u00edquotas fixadas pelo TCU.<\/p>\n\n\n\n<p class=\"wp-block-paragraph\">A proposta com as al\u00edquotas do Imposto Seletivo deve ser enviada ao Congresso Nacional na primeira quinzena de setembro. A lista com os produtos Zona Franca de Manaus que permanecer\u00e3o sujeitos ao IPI deve ser definida pelo governo no mesmo per\u00edodo.<\/p>\n\n\n\n<p class=\"wp-block-paragraph\"><strong>Elei\u00e7\u00f5es<\/strong><\/p>\n\n\n\n<p class=\"wp-block-paragraph\">Especialistas ouvidos pelo JOTA , no entanto, afirmam que, ainda que o Poder Executivo esteja dentro dos prazos, o per\u00edodo ser\u00e1 apertado no Congresso Nacional para a defini\u00e7\u00e3o das al\u00edquotas. As elei\u00e7\u00f5es s\u00e3o um fator adicional de press\u00e3o, j\u00e1 que, muito provavelmente, os parlamentares n\u00e3o v\u00e3o votar pautas pouco populares como a do Imposto Seletivo antes de outubro.<\/p>\n\n\n\n<p class=\"wp-block-paragraph\">Patrick Seixas, s\u00f3cio-l\u00edder de Tributos Indiretos da EY Brasil, observa que a falta de clareza sobre cada tema impacta os demais e gera mais incerteza. Como a proposta da reforma \u00e9 manter a carga tribut\u00e1ria neutra, quanto mais exce\u00e7\u00f5es houver no Imposto Seletivo, por exemplo, maior dever\u00e1 ser a al\u00edquota da CBS para manter a arrecada\u00e7\u00e3o no n\u00edvel atual, o que pode atrasar ainda mais a discuss\u00e3o no Congresso.<\/p>\n\n\n\n<p class=\"wp-block-paragraph\">\u201cVai restar pouco tempo para as empresas atualizarem seus modelos de neg\u00f3cios, fazerem adapta\u00e7\u00e3o dos sistemas e negociarem contratos com clientes\u201d, diz Seixas.<\/p>\n\n\n\n<p class=\"wp-block-paragraph\"><strong>Noventena<\/strong><\/p>\n\n\n\n<p class=\"wp-block-paragraph\">O advogado Jo\u00e3o Andr\u00e9 Buttini de Moraes, s\u00f3cio-fundador do escrit\u00f3rio ButtiniMoraes, afirma que a Emenda Constitucional 132\/2023, que regulamentou a reforma tribut\u00e1ria, afastou a necessidade da noventena prevista no artigo 150, inciso III, al\u00ednea \u201cc\u201d da Constitui\u00e7\u00e3o para para a fixa\u00e7\u00e3o das al\u00edquotas de refer\u00eancia da CBS e do IBS.<\/p>\n\n\n\n<p class=\"wp-block-paragraph\">No entanto, observa que, talvez por esquecimento, o legislador n\u00e3o afastou a noventena prevista no artigo 195, \u00a7 6\u00ba, da Constitui\u00e7\u00e3o. O dispositivo define que as contribui\u00e7\u00f5es sociais, entre elas a CBS, s\u00f3 poder\u00e3o ser exigidas depois de 90 dias da sua institui\u00e7\u00e3o ou modifica\u00e7\u00e3o. \u201cO texto resolve o problema do IBS, mas n\u00e3o da CBS\u201d, diz.<\/p>\n\n\n\n<p class=\"wp-block-paragraph\">Muito embora a leitura geral da legisla\u00e7\u00e3o da reforma d\u00ea a entender que a noventena n\u00e3o \u00e9 necess\u00e1ria, Buttini de Moraes afirma que este ponto pode causar judicializa\u00e7\u00e3o em 2027. O JOTA apurou que o governo trabalha focado no cumprimento dos prazos para a fixa\u00e7\u00e3o da refer\u00eancia da al\u00edquota, com o entendimento que n\u00e3o cabe a noventena por for\u00e7a da EC 132\/2023.<\/p>\n\n\n\n<p class=\"wp-block-paragraph\">\u201cEsse \u00e9 um tema que provavelmente vai acabar em contencioso. Um dos pontos sens\u00edveis na reforma \u00e9 o n\u00edvel de constitucionaliza\u00e7\u00e3o [com a inser\u00e7\u00e3o das normas na Constitui\u00e7\u00e3o]\u201d, que a tornou t\u00e3o r\u00edgida que \u00e9 dif\u00edcil mud\u00e1-la quando \u00e9 necess\u00e1rio\u201d, critica.<\/p>\n\n\n\n<p class=\"wp-block-paragraph\">Seixas, da EY Brasil, aponta que o questionamento judicial pode recair sobre o mecanismo de fixa\u00e7\u00e3o das al\u00edquotas, uma vez que a LC 214\/2026 fixou os prazos sem observar a noventena do artigo 195, \u00a7 6\u00ba, da Constitui\u00e7\u00e3o.<\/p>\n\n\n\n<p class=\"wp-block-paragraph\"><strong>Inseguran\u00e7a para empresas<\/strong><\/p>\n\n\n\n<p class=\"wp-block-paragraph\">O advogado tributarista especializado em economia Carlos Roberto Occaso afirma que existe uma \u201cinseguran\u00e7a de calibragem\u201d que gera incertezas principalmente \u00e0s empresas. O problema envolve, sobretudo, a forma\u00e7\u00e3o de pre\u00e7os dos produtos e servi\u00e7os. \u201cAs empresas est\u00e3o, em agosto, fechando tabela de pre\u00e7os, propostas comerciais e participa\u00e7\u00e3o em editais com vig\u00eancia em 2027, e o fazem sem conhecer completamente o componente tribut\u00e1rio que definir\u00e1 esse pre\u00e7o\u201d, diz.<\/p>\n\n\n\n<p class=\"wp-block-paragraph\">Occaso observa que todo contrato firmado agora precisaria de uma cl\u00e1usula de reequil\u00edbrio tribut\u00e1rio, utilizada para ajustar pre\u00e7os combinados quando h\u00e1 mudan\u00e7a nos tributos. \u201cSem a al\u00edquota n\u00e3o se quantifica o risco, apenas se define quem ir\u00e1 suport\u00e1-lo\u201d, explica.<\/p>\n\n\n\n<p class=\"wp-block-paragraph\">Nesse cen\u00e1rio, Occaso afirma que a orienta\u00e7\u00e3o aos clientes \u00e9 considerar uma al\u00edquota de CBS e IBS de 28%. Este \u00e9 praticamente o patamar m\u00e1ximo calculado pelo Comit\u00ea Gestor do IBS, que estimou o percentual em 27,91% na Resolu\u00e7\u00e3o CGIBS 14\/2026, publicada em 31 de julho.<\/p>\n\n\n\n<p class=\"wp-block-paragraph\">\u201cDo ponto de vista da competitividade, por n\u00e3o saber a al\u00edquota, posso adiar contratos ou prever reajuste com base na mudan\u00e7a de alguma al\u00edquota\u201d, avalia Daniel Galante, CEO da Claranet no Brasil, empresa global de tecnologia. \u201cH\u00e1 uma incerteza n\u00e3o s\u00f3 em rela\u00e7\u00e3o \u00e0s al\u00edquotas, mas a como adaptar os sistemas e os processos\u201d, avalia.<\/p>\n\n\n\n<blockquote class=\"wp-block-quote is-layout-flow wp-block-quote-is-layout-flow\">\n<p class=\"wp-block-paragraph\">Fonte:&nbsp;<a href=\"https:\/\/www.jota.info\/tributos\" target=\"_blank\" rel=\"noreferrer noopener\">JOTA<\/a><\/p>\n<\/blockquote>\n\n\n\n<p class=\"wp-block-paragraph\"><\/p>\n","protected":false},"excerpt":{"rendered":"<p>A cinco meses do in\u00edcio da cobran\u00e7a efetiva dos novos tributos da reforma tribut\u00e1ria, companhias correm o risco de conhecer as al\u00edquotas da Contribui\u00e7\u00e3o sobre Bens e Servi\u00e7os (CBS) e do Imposto Seletivo (IS) apenas em dezembro. Para as empresas, a indefini\u00e7\u00e3o permanece justamente quando s\u00e3o fechados or\u00e7amentos, contratos, tabelas de pre\u00e7os e investimentos para [&hellip;]<\/p>\n","protected":false},"author":8,"featured_media":2729,"comment_status":"open","ping_status":"open","sticky":false,"template":"","format":"standard","meta":{"_monsterinsights_skip_tracking":false,"_monsterinsights_sitenote_active":false,"_monsterinsights_sitenote_note":"","_monsterinsights_sitenote_category":0,"footnotes":""},"categories":[76],"tags":[],"class_list":["post-2728","post","type-post","status-publish","format-standard","has-post-thumbnail","hentry","category-noticias"],"yoast_head":"<!-- This site is optimized with the Yoast SEO plugin v27.2 - https:\/\/yoast.com\/product\/yoast-seo-wordpress\/ -->\n<title>Empresas enfrentam inseguran\u00e7a com al\u00edquotas da reforma tribut\u00e1ria indefinidas - Hands on Solutions<\/title>\n<meta name=\"robots\" content=\"index, follow, max-snippet:-1, max-image-preview:large, max-video-preview:-1\" \/>\n<link rel=\"canonical\" href=\"https:\/\/www.hsce.com.br\/en\/empresas-enfrentam-inseguranca-com-aliquotas-da-reforma-tributaria-indefinidas\/\" \/>\n<meta property=\"og:locale\" content=\"en_US\" \/>\n<meta property=\"og:type\" content=\"article\" \/>\n<meta property=\"og:title\" content=\"Empresas enfrentam inseguran\u00e7a com al\u00edquotas da reforma tribut\u00e1ria indefinidas - Hands on Solutions\" \/>\n<meta property=\"og:description\" content=\"A cinco meses do in\u00edcio da cobran\u00e7a efetiva dos novos tributos da reforma tribut\u00e1ria, companhias correm o risco de conhecer as al\u00edquotas da Contribui\u00e7\u00e3o sobre Bens e Servi\u00e7os (CBS) e do Imposto Seletivo (IS) apenas em dezembro. Para as empresas, a indefini\u00e7\u00e3o permanece justamente quando s\u00e3o fechados or\u00e7amentos, contratos, tabelas de pre\u00e7os e investimentos para [&hellip;]\" \/>\n<meta property=\"og:url\" content=\"https:\/\/www.hsce.com.br\/en\/empresas-enfrentam-inseguranca-com-aliquotas-da-reforma-tributaria-indefinidas\/\" \/>\n<meta property=\"og:site_name\" content=\"Hands on Solutions\" \/>\n<meta property=\"article:published_time\" content=\"2026-09-01T12:31:29+00:00\" \/>\n<meta property=\"article:modified_time\" content=\"2026-09-01T12:31:30+00:00\" \/>\n<meta property=\"og:image\" content=\"https:\/\/www.hsce.com.br\/wp-content\/uploads\/2026\/09\/congresso_nacional_0.webp\" \/>\n\t<meta property=\"og:image:width\" content=\"1170\" \/>\n\t<meta property=\"og:image:height\" content=\"700\" \/>\n\t<meta property=\"og:image:type\" content=\"image\/webp\" \/>\n<meta name=\"author\" content=\"hsce\" \/>\n<meta name=\"twitter:label1\" content=\"Written by\" \/>\n\t<meta name=\"twitter:data1\" content=\"hsce\" \/>\n\t<meta name=\"twitter:label2\" content=\"Est. reading time\" \/>\n\t<meta name=\"twitter:data2\" content=\"6 minutes\" \/>\n<script type=\"application\/ld+json\" class=\"yoast-schema-graph\">{\"@context\":\"https:\/\/schema.org\",\"@graph\":[{\"@type\":\"Article\",\"@id\":\"https:\/\/www.hsce.com.br\/empresas-enfrentam-inseguranca-com-aliquotas-da-reforma-tributaria-indefinidas\/#article\",\"isPartOf\":{\"@id\":\"https:\/\/www.hsce.com.br\/empresas-enfrentam-inseguranca-com-aliquotas-da-reforma-tributaria-indefinidas\/\"},\"author\":{\"name\":\"hsce\",\"@id\":\"https:\/\/www.hsce.com.br\/#\/schema\/person\/ce400a0e9f66b1195f845fb1fdca8b33\"},\"headline\":\"Empresas enfrentam inseguran\u00e7a com al\u00edquotas da reforma tribut\u00e1ria indefinidas\",\"datePublished\":\"2026-09-01T12:31:29+00:00\",\"dateModified\":\"2026-09-01T12:31:30+00:00\",\"mainEntityOfPage\":{\"@id\":\"https:\/\/www.hsce.com.br\/empresas-enfrentam-inseguranca-com-aliquotas-da-reforma-tributaria-indefinidas\/\"},\"wordCount\":1074,\"commentCount\":0,\"publisher\":{\"@id\":\"https:\/\/www.hsce.com.br\/#organization\"},\"image\":{\"@id\":\"https:\/\/www.hsce.com.br\/empresas-enfrentam-inseguranca-com-aliquotas-da-reforma-tributaria-indefinidas\/#primaryimage\"},\"thumbnailUrl\":\"https:\/\/www.hsce.com.br\/wp-content\/uploads\/2026\/09\/congresso_nacional_0.webp\",\"articleSection\":[\"Not\u00edcias\"],\"inLanguage\":\"en-US\",\"potentialAction\":[{\"@type\":\"CommentAction\",\"name\":\"Comment\",\"target\":[\"https:\/\/www.hsce.com.br\/empresas-enfrentam-inseguranca-com-aliquotas-da-reforma-tributaria-indefinidas\/#respond\"]}]},{\"@type\":\"WebPage\",\"@id\":\"https:\/\/www.hsce.com.br\/empresas-enfrentam-inseguranca-com-aliquotas-da-reforma-tributaria-indefinidas\/\",\"url\":\"https:\/\/www.hsce.com.br\/empresas-enfrentam-inseguranca-com-aliquotas-da-reforma-tributaria-indefinidas\/\",\"name\":\"Empresas enfrentam inseguran\u00e7a com al\u00edquotas da reforma tribut\u00e1ria indefinidas - Hands on Solutions\",\"isPartOf\":{\"@id\":\"https:\/\/www.hsce.com.br\/#website\"},\"primaryImageOfPage\":{\"@id\":\"https:\/\/www.hsce.com.br\/empresas-enfrentam-inseguranca-com-aliquotas-da-reforma-tributaria-indefinidas\/#primaryimage\"},\"image\":{\"@id\":\"https:\/\/www.hsce.com.br\/empresas-enfrentam-inseguranca-com-aliquotas-da-reforma-tributaria-indefinidas\/#primaryimage\"},\"thumbnailUrl\":\"https:\/\/www.hsce.com.br\/wp-content\/uploads\/2026\/09\/congresso_nacional_0.webp\",\"datePublished\":\"2026-09-01T12:31:29+00:00\",\"dateModified\":\"2026-09-01T12:31:30+00:00\",\"breadcrumb\":{\"@id\":\"https:\/\/www.hsce.com.br\/empresas-enfrentam-inseguranca-com-aliquotas-da-reforma-tributaria-indefinidas\/#breadcrumb\"},\"inLanguage\":\"en-US\",\"potentialAction\":[{\"@type\":\"ReadAction\",\"target\":[\"https:\/\/www.hsce.com.br\/empresas-enfrentam-inseguranca-com-aliquotas-da-reforma-tributaria-indefinidas\/\"]}]},{\"@type\":\"ImageObject\",\"inLanguage\":\"en-US\",\"@id\":\"https:\/\/www.hsce.com.br\/empresas-enfrentam-inseguranca-com-aliquotas-da-reforma-tributaria-indefinidas\/#primaryimage\",\"url\":\"https:\/\/www.hsce.com.br\/wp-content\/uploads\/2026\/09\/congresso_nacional_0.webp\",\"contentUrl\":\"https:\/\/www.hsce.com.br\/wp-content\/uploads\/2026\/09\/congresso_nacional_0.webp\",\"width\":1170,\"height\":700},{\"@type\":\"BreadcrumbList\",\"@id\":\"https:\/\/www.hsce.com.br\/empresas-enfrentam-inseguranca-com-aliquotas-da-reforma-tributaria-indefinidas\/#breadcrumb\",\"itemListElement\":[{\"@type\":\"ListItem\",\"position\":1,\"name\":\"In\u00edcio\",\"item\":\"https:\/\/www.hsce.com.br\/\"},{\"@type\":\"ListItem\",\"position\":2,\"name\":\"Empresas enfrentam inseguran\u00e7a com al\u00edquotas da reforma tribut\u00e1ria indefinidas\"}]},{\"@type\":\"WebSite\",\"@id\":\"https:\/\/www.hsce.com.br\/#website\",\"url\":\"https:\/\/www.hsce.com.br\/\",\"name\":\"Hands on Solutions\",\"description\":\"\",\"publisher\":{\"@id\":\"https:\/\/www.hsce.com.br\/#organization\"},\"potentialAction\":[{\"@type\":\"SearchAction\",\"target\":{\"@type\":\"EntryPoint\",\"urlTemplate\":\"https:\/\/www.hsce.com.br\/?s={search_term_string}\"},\"query-input\":{\"@type\":\"PropertyValueSpecification\",\"valueRequired\":true,\"valueName\":\"search_term_string\"}}],\"inLanguage\":\"en-US\"},{\"@type\":\"Organization\",\"@id\":\"https:\/\/www.hsce.com.br\/#organization\",\"name\":\"Hands on Solutions\",\"url\":\"https:\/\/www.hsce.com.br\/\",\"logo\":{\"@type\":\"ImageObject\",\"inLanguage\":\"en-US\",\"@id\":\"https:\/\/www.hsce.com.br\/#\/schema\/logo\/image\/\",\"url\":\"https:\/\/www.hsce.com.br\/wp-content\/uploads\/2015\/09\/handson.png\",\"contentUrl\":\"https:\/\/www.hsce.com.br\/wp-content\/uploads\/2015\/09\/handson.png\",\"width\":230,\"height\":68,\"caption\":\"Hands on Solutions\"},\"image\":{\"@id\":\"https:\/\/www.hsce.com.br\/#\/schema\/logo\/image\/\"},\"sameAs\":[\"https:\/\/www.linkedin.com\/company\/hsce-ltda?trk=company_logo\"]},{\"@type\":\"Person\",\"@id\":\"https:\/\/www.hsce.com.br\/#\/schema\/person\/ce400a0e9f66b1195f845fb1fdca8b33\",\"name\":\"hsce\",\"image\":{\"@type\":\"ImageObject\",\"inLanguage\":\"en-US\",\"@id\":\"https:\/\/secure.gravatar.com\/avatar\/5cfe77ad71593df19912d9dffea7f5a8f3b3f45feff1ac302d60b22d3629b491?s=96&d=mm&r=g\",\"url\":\"https:\/\/secure.gravatar.com\/avatar\/5cfe77ad71593df19912d9dffea7f5a8f3b3f45feff1ac302d60b22d3629b491?s=96&d=mm&r=g\",\"contentUrl\":\"https:\/\/secure.gravatar.com\/avatar\/5cfe77ad71593df19912d9dffea7f5a8f3b3f45feff1ac302d60b22d3629b491?s=96&d=mm&r=g\",\"caption\":\"hsce\"},\"url\":\"https:\/\/www.hsce.com.br\/en\/author\/hsce\/\"}]}<\/script>\n<!-- \/ Yoast SEO plugin. -->","yoast_head_json":{"title":"Empresas enfrentam inseguran\u00e7a com al\u00edquotas da reforma tribut\u00e1ria indefinidas - Hands on Solutions","robots":{"index":"index","follow":"follow","max-snippet":"max-snippet:-1","max-image-preview":"max-image-preview:large","max-video-preview":"max-video-preview:-1"},"canonical":"https:\/\/www.hsce.com.br\/en\/empresas-enfrentam-inseguranca-com-aliquotas-da-reforma-tributaria-indefinidas\/","og_locale":"en_US","og_type":"article","og_title":"Empresas enfrentam inseguran\u00e7a com al\u00edquotas da reforma tribut\u00e1ria indefinidas - Hands on Solutions","og_description":"A cinco meses do in\u00edcio da cobran\u00e7a efetiva dos novos tributos da reforma tribut\u00e1ria, companhias correm o risco de conhecer as al\u00edquotas da Contribui\u00e7\u00e3o sobre Bens e Servi\u00e7os (CBS) e do Imposto Seletivo (IS) apenas em dezembro. Para as empresas, a indefini\u00e7\u00e3o permanece justamente quando s\u00e3o fechados or\u00e7amentos, contratos, tabelas de pre\u00e7os e investimentos para [&hellip;]","og_url":"https:\/\/www.hsce.com.br\/en\/empresas-enfrentam-inseguranca-com-aliquotas-da-reforma-tributaria-indefinidas\/","og_site_name":"Hands on Solutions","article_published_time":"2026-09-01T12:31:29+00:00","article_modified_time":"2026-09-01T12:31:30+00:00","og_image":[{"width":1170,"height":700,"url":"https:\/\/www.hsce.com.br\/wp-content\/uploads\/2026\/09\/congresso_nacional_0.webp","type":"image\/webp"}],"author":"hsce","twitter_misc":{"Written by":"hsce","Est. reading time":"6 minutes"},"schema":{"@context":"https:\/\/schema.org","@graph":[{"@type":"Article","@id":"https:\/\/www.hsce.com.br\/empresas-enfrentam-inseguranca-com-aliquotas-da-reforma-tributaria-indefinidas\/#article","isPartOf":{"@id":"https:\/\/www.hsce.com.br\/empresas-enfrentam-inseguranca-com-aliquotas-da-reforma-tributaria-indefinidas\/"},"author":{"name":"hsce","@id":"https:\/\/www.hsce.com.br\/#\/schema\/person\/ce400a0e9f66b1195f845fb1fdca8b33"},"headline":"Empresas enfrentam inseguran\u00e7a com al\u00edquotas da reforma tribut\u00e1ria indefinidas","datePublished":"2026-09-01T12:31:29+00:00","dateModified":"2026-09-01T12:31:30+00:00","mainEntityOfPage":{"@id":"https:\/\/www.hsce.com.br\/empresas-enfrentam-inseguranca-com-aliquotas-da-reforma-tributaria-indefinidas\/"},"wordCount":1074,"commentCount":0,"publisher":{"@id":"https:\/\/www.hsce.com.br\/#organization"},"image":{"@id":"https:\/\/www.hsce.com.br\/empresas-enfrentam-inseguranca-com-aliquotas-da-reforma-tributaria-indefinidas\/#primaryimage"},"thumbnailUrl":"https:\/\/www.hsce.com.br\/wp-content\/uploads\/2026\/09\/congresso_nacional_0.webp","articleSection":["Not\u00edcias"],"inLanguage":"en-US","potentialAction":[{"@type":"CommentAction","name":"Comment","target":["https:\/\/www.hsce.com.br\/empresas-enfrentam-inseguranca-com-aliquotas-da-reforma-tributaria-indefinidas\/#respond"]}]},{"@type":"WebPage","@id":"https:\/\/www.hsce.com.br\/empresas-enfrentam-inseguranca-com-aliquotas-da-reforma-tributaria-indefinidas\/","url":"https:\/\/www.hsce.com.br\/empresas-enfrentam-inseguranca-com-aliquotas-da-reforma-tributaria-indefinidas\/","name":"Empresas enfrentam inseguran\u00e7a com al\u00edquotas da reforma tribut\u00e1ria indefinidas - Hands on Solutions","isPartOf":{"@id":"https:\/\/www.hsce.com.br\/#website"},"primaryImageOfPage":{"@id":"https:\/\/www.hsce.com.br\/empresas-enfrentam-inseguranca-com-aliquotas-da-reforma-tributaria-indefinidas\/#primaryimage"},"image":{"@id":"https:\/\/www.hsce.com.br\/empresas-enfrentam-inseguranca-com-aliquotas-da-reforma-tributaria-indefinidas\/#primaryimage"},"thumbnailUrl":"https:\/\/www.hsce.com.br\/wp-content\/uploads\/2026\/09\/congresso_nacional_0.webp","datePublished":"2026-09-01T12:31:29+00:00","dateModified":"2026-09-01T12:31:30+00:00","breadcrumb":{"@id":"https:\/\/www.hsce.com.br\/empresas-enfrentam-inseguranca-com-aliquotas-da-reforma-tributaria-indefinidas\/#breadcrumb"},"inLanguage":"en-US","potentialAction":[{"@type":"ReadAction","target":["https:\/\/www.hsce.com.br\/empresas-enfrentam-inseguranca-com-aliquotas-da-reforma-tributaria-indefinidas\/"]}]},{"@type":"ImageObject","inLanguage":"en-US","@id":"https:\/\/www.hsce.com.br\/empresas-enfrentam-inseguranca-com-aliquotas-da-reforma-tributaria-indefinidas\/#primaryimage","url":"https:\/\/www.hsce.com.br\/wp-content\/uploads\/2026\/09\/congresso_nacional_0.webp","contentUrl":"https:\/\/www.hsce.com.br\/wp-content\/uploads\/2026\/09\/congresso_nacional_0.webp","width":1170,"height":700},{"@type":"BreadcrumbList","@id":"https:\/\/www.hsce.com.br\/empresas-enfrentam-inseguranca-com-aliquotas-da-reforma-tributaria-indefinidas\/#breadcrumb","itemListElement":[{"@type":"ListItem","position":1,"name":"In\u00edcio","item":"https:\/\/www.hsce.com.br\/"},{"@type":"ListItem","position":2,"name":"Empresas enfrentam inseguran\u00e7a com al\u00edquotas da reforma tribut\u00e1ria indefinidas"}]},{"@type":"WebSite","@id":"https:\/\/www.hsce.com.br\/#website","url":"https:\/\/www.hsce.com.br\/","name":"Hands on Solutions","description":"","publisher":{"@id":"https:\/\/www.hsce.com.br\/#organization"},"potentialAction":[{"@type":"SearchAction","target":{"@type":"EntryPoint","urlTemplate":"https:\/\/www.hsce.com.br\/?s={search_term_string}"},"query-input":{"@type":"PropertyValueSpecification","valueRequired":true,"valueName":"search_term_string"}}],"inLanguage":"en-US"},{"@type":"Organization","@id":"https:\/\/www.hsce.com.br\/#organization","name":"Hands on Solutions","url":"https:\/\/www.hsce.com.br\/","logo":{"@type":"ImageObject","inLanguage":"en-US","@id":"https:\/\/www.hsce.com.br\/#\/schema\/logo\/image\/","url":"https:\/\/www.hsce.com.br\/wp-content\/uploads\/2015\/09\/handson.png","contentUrl":"https:\/\/www.hsce.com.br\/wp-content\/uploads\/2015\/09\/handson.png","width":230,"height":68,"caption":"Hands on Solutions"},"image":{"@id":"https:\/\/www.hsce.com.br\/#\/schema\/logo\/image\/"},"sameAs":["https:\/\/www.linkedin.com\/company\/hsce-ltda?trk=company_logo"]},{"@type":"Person","@id":"https:\/\/www.hsce.com.br\/#\/schema\/person\/ce400a0e9f66b1195f845fb1fdca8b33","name":"hsce","image":{"@type":"ImageObject","inLanguage":"en-US","@id":"https:\/\/secure.gravatar.com\/avatar\/5cfe77ad71593df19912d9dffea7f5a8f3b3f45feff1ac302d60b22d3629b491?s=96&d=mm&r=g","url":"https:\/\/secure.gravatar.com\/avatar\/5cfe77ad71593df19912d9dffea7f5a8f3b3f45feff1ac302d60b22d3629b491?s=96&d=mm&r=g","contentUrl":"https:\/\/secure.gravatar.com\/avatar\/5cfe77ad71593df19912d9dffea7f5a8f3b3f45feff1ac302d60b22d3629b491?s=96&d=mm&r=g","caption":"hsce"},"url":"https:\/\/www.hsce.com.br\/en\/author\/hsce\/"}]}},"_links":{"self":[{"href":"https:\/\/www.hsce.com.br\/en\/wp-json\/wp\/v2\/posts\/2728","targetHints":{"allow":["GET"]}}],"collection":[{"href":"https:\/\/www.hsce.com.br\/en\/wp-json\/wp\/v2\/posts"}],"about":[{"href":"https:\/\/www.hsce.com.br\/en\/wp-json\/wp\/v2\/types\/post"}],"author":[{"embeddable":true,"href":"https:\/\/www.hsce.com.br\/en\/wp-json\/wp\/v2\/users\/8"}],"replies":[{"embeddable":true,"href":"https:\/\/www.hsce.com.br\/en\/wp-json\/wp\/v2\/comments?post=2728"}],"version-history":[{"count":1,"href":"https:\/\/www.hsce.com.br\/en\/wp-json\/wp\/v2\/posts\/2728\/revisions"}],"predecessor-version":[{"id":2730,"href":"https:\/\/www.hsce.com.br\/en\/wp-json\/wp\/v2\/posts\/2728\/revisions\/2730"}],"wp:featuredmedia":[{"embeddable":true,"href":"https:\/\/www.hsce.com.br\/en\/wp-json\/wp\/v2\/media\/2729"}],"wp:attachment":[{"href":"https:\/\/www.hsce.com.br\/en\/wp-json\/wp\/v2\/media?parent=2728"}],"wp:term":[{"taxonomy":"category","embeddable":true,"href":"https:\/\/www.hsce.com.br\/en\/wp-json\/wp\/v2\/categories?post=2728"},{"taxonomy":"post_tag","embeddable":true,"href":"https:\/\/www.hsce.com.br\/en\/wp-json\/wp\/v2\/tags?post=2728"}],"curies":[{"name":"wp","href":"https:\/\/api.w.org\/{rel}","templated":true}]}}