{"id":2220,"date":"2026-04-22T12:29:52","date_gmt":"2026-04-22T12:29:52","guid":{"rendered":"https:\/\/www.hsce.com.br\/?p=2220"},"modified":"2026-04-28T15:29:25","modified_gmt":"2026-04-28T15:29:25","slug":"carf-restringe-tributacao-de-fundos-imobiliarios-pela-receita-federal","status":"publish","type":"post","link":"https:\/\/www.hsce.com.br\/en\/carf-restringe-tributacao-de-fundos-imobiliarios-pela-receita-federal\/","title":{"rendered":"Carf restringe tributa\u00e7\u00e3o de fundos imobili\u00e1rios pela Receita Federal"},"content":{"rendered":"<p>O jornal VALOR ECON\u00d4MICO informa que decis\u00e3o da 1\u00aa Turma da C\u00e2mara Superior do Carf travou discuss\u00e3o relevante para a Fazenda sobre a tributa\u00e7\u00e3o de fundos imobili\u00e1rios ao rejeitar ac\u00f3rd\u00e3os paradigmas apresentados pela Uni\u00e3o, sob o entendimento de que s\u00f3 se aplicariam a casos com fraude. Com isso, sem precedente apto, como o do Fundo Pen\u00ednsula, ligado ao empres\u00e1rio Abilio Diniz, especialistas avaliam que o fisco perde capacidade de reverter decis\u00f5es desfavor\u00e1veis na \u00faltima inst\u00e2ncia administrativa. O entendimento, ressalta o jornal, beneficia dois FIIs que, em turma ordin\u00e1ria, afastaram cobran\u00e7as de IRPJ, CSLL, PIS e Cofins. Em regra, esses fundos n\u00e3o s\u00e3o tributados diretamente, e a incid\u00eancia recai sobre os cotistas ou na distribui\u00e7\u00e3o de resultados, mas a Lei 9.779\/1999 imp\u00f5e limite para evitar concorr\u00eancia com empresas do setor, vedando participa\u00e7\u00e3o relevante de cotistas em empreendimentos vinculados. O descumprimento dessa regra autoriza a equipara\u00e7\u00e3o a pessoa jur\u00eddica para fins de tributa\u00e7\u00e3o.<\/p>\n\n\n\n<blockquote class=\"wp-block-quote is-layout-flow wp-block-quote-is-layout-flow\">\n<p>Source:&nbsp;<a href=\"http:\/\/www.jota.pro\/\" target=\"_blank\" rel=\"noreferrer noopener\">www.jota.pro<\/a><\/p>\n<\/blockquote>","protected":false},"excerpt":{"rendered":"<p>O jornal VALOR ECON\u00d4MICO informa que decis\u00e3o da 1\u00aa Turma da C\u00e2mara Superior do Carf travou discuss\u00e3o relevante para a Fazenda sobre a tributa\u00e7\u00e3o de fundos imobili\u00e1rios ao rejeitar ac\u00f3rd\u00e3os paradigmas apresentados pela Uni\u00e3o, sob o entendimento de que s\u00f3 se aplicariam a casos com fraude. Com isso, sem precedente apto, como o do Fundo [&hellip;]<\/p>","protected":false},"author":8,"featured_media":2221,"comment_status":"open","ping_status":"open","sticky":false,"template":"","format":"standard","meta":{"_monsterinsights_skip_tracking":false,"_monsterinsights_sitenote_active":false,"_monsterinsights_sitenote_note":"","_monsterinsights_sitenote_category":0,"footnotes":""},"categories":[76],"tags":[1272,165,637,113,144,720,748,1269,1270,169,689,1273,1274,956,677,808,654,1271,1275],"class_list":["post-2220","post","type-post","status-publish","format-standard","has-post-thumbnail","hentry","category-noticias","tag-acordaoparadigma","tag-carf","tag-contenciosotributario","tag-creditotributario","tag-csll","tag-direitotributario","tag-fazendanacional","tag-fii","tag-fundosimobiliarios","tag-irpj-2","tag-jurisprudenciatributaria","tag-lei9779","tag-mercadoimobiliario","tag-piscofins","tag-planejamentotributario","tag-processoadministrativofiscal","tag-segurancajuridica","tag-tributacaodefundos","tag-tributacaodeinvestimentos"],"yoast_head":"<!-- This site is optimized with the Yoast SEO plugin v27.2 - https:\/\/yoast.com\/product\/yoast-seo-wordpress\/ -->\n<title>Carf restringe tributa\u00e7\u00e3o de fundos imobili\u00e1rios pela Receita Federal - Hands on Solutions<\/title>\n<meta name=\"robots\" content=\"index, follow, max-snippet:-1, max-image-preview:large, max-video-preview:-1\" \/>\n<link rel=\"canonical\" href=\"https:\/\/www.hsce.com.br\/en\/carf-restringe-tributacao-de-fundos-imobiliarios-pela-receita-federal\/\" \/>\n<meta property=\"og:locale\" content=\"en_US\" \/>\n<meta property=\"og:type\" content=\"article\" \/>\n<meta property=\"og:title\" content=\"Carf restringe tributa\u00e7\u00e3o de fundos imobili\u00e1rios pela Receita Federal - Hands on Solutions\" \/>\n<meta property=\"og:description\" content=\"O jornal VALOR ECON\u00d4MICO informa que decis\u00e3o da 1\u00aa Turma da C\u00e2mara Superior do Carf travou discuss\u00e3o relevante para a Fazenda sobre a tributa\u00e7\u00e3o de fundos imobili\u00e1rios ao rejeitar ac\u00f3rd\u00e3os paradigmas apresentados pela Uni\u00e3o, sob o entendimento de que s\u00f3 se aplicariam a casos com fraude. Com isso, sem precedente apto, como o do Fundo [&hellip;]\" \/>\n<meta property=\"og:url\" content=\"https:\/\/www.hsce.com.br\/en\/carf-restringe-tributacao-de-fundos-imobiliarios-pela-receita-federal\/\" \/>\n<meta property=\"og:site_name\" content=\"Hands on Solutions\" \/>\n<meta property=\"article:published_time\" content=\"2026-04-22T12:29:52+00:00\" \/>\n<meta property=\"article:modified_time\" content=\"2026-04-28T15:29:25+00:00\" \/>\n<meta property=\"og:image\" content=\"https:\/\/www.hsce.com.br\/wp-content\/uploads\/2026\/04\/sao_paulo_070120dsc_31155335.webp\" \/>\n\t<meta property=\"og:image:width\" content=\"1170\" \/>\n\t<meta property=\"og:image:height\" content=\"700\" \/>\n\t<meta property=\"og:image:type\" content=\"image\/webp\" \/>\n<meta name=\"author\" content=\"hsce\" \/>\n<meta name=\"twitter:label1\" content=\"Written by\" \/>\n\t<meta name=\"twitter:data1\" content=\"hsce\" \/>\n\t<meta name=\"twitter:label2\" content=\"Est. reading time\" \/>\n\t<meta name=\"twitter:data2\" content=\"2 minutes\" \/>\n<script type=\"application\/ld+json\" class=\"yoast-schema-graph\">{\"@context\":\"https:\/\/schema.org\",\"@graph\":[{\"@type\":\"Article\",\"@id\":\"https:\/\/www.hsce.com.br\/carf-restringe-tributacao-de-fundos-imobiliarios-pela-receita-federal\/#article\",\"isPartOf\":{\"@id\":\"https:\/\/www.hsce.com.br\/carf-restringe-tributacao-de-fundos-imobiliarios-pela-receita-federal\/\"},\"author\":{\"name\":\"hsce\",\"@id\":\"https:\/\/www.hsce.com.br\/#\/schema\/person\/ce400a0e9f66b1195f845fb1fdca8b33\"},\"headline\":\"Carf restringe tributa\u00e7\u00e3o de fundos imobili\u00e1rios pela Receita Federal\",\"datePublished\":\"2026-04-22T12:29:52+00:00\",\"dateModified\":\"2026-04-28T15:29:25+00:00\",\"mainEntityOfPage\":{\"@id\":\"https:\/\/www.hsce.com.br\/carf-restringe-tributacao-de-fundos-imobiliarios-pela-receita-federal\/\"},\"wordCount\":191,\"commentCount\":0,\"publisher\":{\"@id\":\"https:\/\/www.hsce.com.br\/#organization\"},\"image\":{\"@id\":\"https:\/\/www.hsce.com.br\/carf-restringe-tributacao-de-fundos-imobiliarios-pela-receita-federal\/#primaryimage\"},\"thumbnailUrl\":\"https:\/\/www.hsce.com.br\/wp-content\/uploads\/2026\/04\/sao_paulo_070120dsc_31155335.webp\",\"keywords\":[\"#acordaoparadigma\",\"#CARF\",\"#ContenciosoTributario\",\"#creditotributario\",\"#CSLL\",\"#DireitoTributario\",\"#FazendaNacional\",\"#fii\",\"#fundosimobiliarios\",\"#IRPJ\",\"#JurisprudenciaTributaria\",\"#lei9779\",\"#mercadoimobiliario\",\"#piscofins\",\"#PlanejamentoTributario\",\"#processoadministrativofiscal\",\"#SegurancaJuridica\",\"#tributacaodefundos\",\"#tributacaodeinvestimentos\"],\"articleSection\":[\"Not\u00edcias\"],\"inLanguage\":\"en-US\",\"potentialAction\":[{\"@type\":\"CommentAction\",\"name\":\"Comment\",\"target\":[\"https:\/\/www.hsce.com.br\/carf-restringe-tributacao-de-fundos-imobiliarios-pela-receita-federal\/#respond\"]}]},{\"@type\":\"WebPage\",\"@id\":\"https:\/\/www.hsce.com.br\/carf-restringe-tributacao-de-fundos-imobiliarios-pela-receita-federal\/\",\"url\":\"https:\/\/www.hsce.com.br\/carf-restringe-tributacao-de-fundos-imobiliarios-pela-receita-federal\/\",\"name\":\"Carf restringe tributa\u00e7\u00e3o de fundos imobili\u00e1rios pela Receita Federal - Hands on Solutions\",\"isPartOf\":{\"@id\":\"https:\/\/www.hsce.com.br\/#website\"},\"primaryImageOfPage\":{\"@id\":\"https:\/\/www.hsce.com.br\/carf-restringe-tributacao-de-fundos-imobiliarios-pela-receita-federal\/#primaryimage\"},\"image\":{\"@id\":\"https:\/\/www.hsce.com.br\/carf-restringe-tributacao-de-fundos-imobiliarios-pela-receita-federal\/#primaryimage\"},\"thumbnailUrl\":\"https:\/\/www.hsce.com.br\/wp-content\/uploads\/2026\/04\/sao_paulo_070120dsc_31155335.webp\",\"datePublished\":\"2026-04-22T12:29:52+00:00\",\"dateModified\":\"2026-04-28T15:29:25+00:00\",\"breadcrumb\":{\"@id\":\"https:\/\/www.hsce.com.br\/carf-restringe-tributacao-de-fundos-imobiliarios-pela-receita-federal\/#breadcrumb\"},\"inLanguage\":\"en-US\",\"potentialAction\":[{\"@type\":\"ReadAction\",\"target\":[\"https:\/\/www.hsce.com.br\/carf-restringe-tributacao-de-fundos-imobiliarios-pela-receita-federal\/\"]}]},{\"@type\":\"ImageObject\",\"inLanguage\":\"en-US\",\"@id\":\"https:\/\/www.hsce.com.br\/carf-restringe-tributacao-de-fundos-imobiliarios-pela-receita-federal\/#primaryimage\",\"url\":\"https:\/\/www.hsce.com.br\/wp-content\/uploads\/2026\/04\/sao_paulo_070120dsc_31155335.webp\",\"contentUrl\":\"https:\/\/www.hsce.com.br\/wp-content\/uploads\/2026\/04\/sao_paulo_070120dsc_31155335.webp\",\"width\":1170,\"height\":700},{\"@type\":\"BreadcrumbList\",\"@id\":\"https:\/\/www.hsce.com.br\/carf-restringe-tributacao-de-fundos-imobiliarios-pela-receita-federal\/#breadcrumb\",\"itemListElement\":[{\"@type\":\"ListItem\",\"position\":1,\"name\":\"In\u00edcio\",\"item\":\"https:\/\/www.hsce.com.br\/\"},{\"@type\":\"ListItem\",\"position\":2,\"name\":\"Carf restringe tributa\u00e7\u00e3o de fundos imobili\u00e1rios pela Receita Federal\"}]},{\"@type\":\"WebSite\",\"@id\":\"https:\/\/www.hsce.com.br\/#website\",\"url\":\"https:\/\/www.hsce.com.br\/\",\"name\":\"Hands on Solutions\",\"description\":\"\",\"publisher\":{\"@id\":\"https:\/\/www.hsce.com.br\/#organization\"},\"potentialAction\":[{\"@type\":\"SearchAction\",\"target\":{\"@type\":\"EntryPoint\",\"urlTemplate\":\"https:\/\/www.hsce.com.br\/?s={search_term_string}\"},\"query-input\":{\"@type\":\"PropertyValueSpecification\",\"valueRequired\":true,\"valueName\":\"search_term_string\"}}],\"inLanguage\":\"en-US\"},{\"@type\":\"Organization\",\"@id\":\"https:\/\/www.hsce.com.br\/#organization\",\"name\":\"Hands on Solutions\",\"url\":\"https:\/\/www.hsce.com.br\/\",\"logo\":{\"@type\":\"ImageObject\",\"inLanguage\":\"en-US\",\"@id\":\"https:\/\/www.hsce.com.br\/#\/schema\/logo\/image\/\",\"url\":\"https:\/\/www.hsce.com.br\/wp-content\/uploads\/2015\/09\/handson.png\",\"contentUrl\":\"https:\/\/www.hsce.com.br\/wp-content\/uploads\/2015\/09\/handson.png\",\"width\":230,\"height\":68,\"caption\":\"Hands on Solutions\"},\"image\":{\"@id\":\"https:\/\/www.hsce.com.br\/#\/schema\/logo\/image\/\"},\"sameAs\":[\"https:\/\/www.linkedin.com\/company\/hsce-ltda?trk=company_logo\"]},{\"@type\":\"Person\",\"@id\":\"https:\/\/www.hsce.com.br\/#\/schema\/person\/ce400a0e9f66b1195f845fb1fdca8b33\",\"name\":\"hsce\",\"image\":{\"@type\":\"ImageObject\",\"inLanguage\":\"en-US\",\"@id\":\"https:\/\/secure.gravatar.com\/avatar\/5cfe77ad71593df19912d9dffea7f5a8f3b3f45feff1ac302d60b22d3629b491?s=96&d=mm&r=g\",\"url\":\"https:\/\/secure.gravatar.com\/avatar\/5cfe77ad71593df19912d9dffea7f5a8f3b3f45feff1ac302d60b22d3629b491?s=96&d=mm&r=g\",\"contentUrl\":\"https:\/\/secure.gravatar.com\/avatar\/5cfe77ad71593df19912d9dffea7f5a8f3b3f45feff1ac302d60b22d3629b491?s=96&d=mm&r=g\",\"caption\":\"hsce\"},\"url\":\"https:\/\/www.hsce.com.br\/en\/author\/hsce\/\"}]}<\/script>\n<!-- \/ Yoast SEO plugin. -->","yoast_head_json":{"title":"Carf restringe tributa\u00e7\u00e3o de fundos imobili\u00e1rios pela Receita Federal - Hands on Solutions","robots":{"index":"index","follow":"follow","max-snippet":"max-snippet:-1","max-image-preview":"max-image-preview:large","max-video-preview":"max-video-preview:-1"},"canonical":"https:\/\/www.hsce.com.br\/en\/carf-restringe-tributacao-de-fundos-imobiliarios-pela-receita-federal\/","og_locale":"en_US","og_type":"article","og_title":"Carf restringe tributa\u00e7\u00e3o de fundos imobili\u00e1rios pela Receita Federal - Hands on Solutions","og_description":"O jornal VALOR ECON\u00d4MICO informa que decis\u00e3o da 1\u00aa Turma da C\u00e2mara Superior do Carf travou discuss\u00e3o relevante para a Fazenda sobre a tributa\u00e7\u00e3o de fundos imobili\u00e1rios ao rejeitar ac\u00f3rd\u00e3os paradigmas apresentados pela Uni\u00e3o, sob o entendimento de que s\u00f3 se aplicariam a casos com fraude. Com isso, sem precedente apto, como o do Fundo [&hellip;]","og_url":"https:\/\/www.hsce.com.br\/en\/carf-restringe-tributacao-de-fundos-imobiliarios-pela-receita-federal\/","og_site_name":"Hands on Solutions","article_published_time":"2026-04-22T12:29:52+00:00","article_modified_time":"2026-04-28T15:29:25+00:00","og_image":[{"width":1170,"height":700,"url":"https:\/\/www.hsce.com.br\/wp-content\/uploads\/2026\/04\/sao_paulo_070120dsc_31155335.webp","type":"image\/webp"}],"author":"hsce","twitter_misc":{"Written by":"hsce","Est. reading time":"2 minutes"},"schema":{"@context":"https:\/\/schema.org","@graph":[{"@type":"Article","@id":"https:\/\/www.hsce.com.br\/carf-restringe-tributacao-de-fundos-imobiliarios-pela-receita-federal\/#article","isPartOf":{"@id":"https:\/\/www.hsce.com.br\/carf-restringe-tributacao-de-fundos-imobiliarios-pela-receita-federal\/"},"author":{"name":"hsce","@id":"https:\/\/www.hsce.com.br\/#\/schema\/person\/ce400a0e9f66b1195f845fb1fdca8b33"},"headline":"Carf restringe tributa\u00e7\u00e3o de fundos imobili\u00e1rios pela Receita Federal","datePublished":"2026-04-22T12:29:52+00:00","dateModified":"2026-04-28T15:29:25+00:00","mainEntityOfPage":{"@id":"https:\/\/www.hsce.com.br\/carf-restringe-tributacao-de-fundos-imobiliarios-pela-receita-federal\/"},"wordCount":191,"commentCount":0,"publisher":{"@id":"https:\/\/www.hsce.com.br\/#organization"},"image":{"@id":"https:\/\/www.hsce.com.br\/carf-restringe-tributacao-de-fundos-imobiliarios-pela-receita-federal\/#primaryimage"},"thumbnailUrl":"https:\/\/www.hsce.com.br\/wp-content\/uploads\/2026\/04\/sao_paulo_070120dsc_31155335.webp","keywords":["#acordaoparadigma","#CARF","#ContenciosoTributario","#creditotributario","#CSLL","#DireitoTributario","#FazendaNacional","#fii","#fundosimobiliarios","#IRPJ","#JurisprudenciaTributaria","#lei9779","#mercadoimobiliario","#piscofins","#PlanejamentoTributario","#processoadministrativofiscal","#SegurancaJuridica","#tributacaodefundos","#tributacaodeinvestimentos"],"articleSection":["Not\u00edcias"],"inLanguage":"en-US","potentialAction":[{"@type":"CommentAction","name":"Comment","target":["https:\/\/www.hsce.com.br\/carf-restringe-tributacao-de-fundos-imobiliarios-pela-receita-federal\/#respond"]}]},{"@type":"WebPage","@id":"https:\/\/www.hsce.com.br\/carf-restringe-tributacao-de-fundos-imobiliarios-pela-receita-federal\/","url":"https:\/\/www.hsce.com.br\/carf-restringe-tributacao-de-fundos-imobiliarios-pela-receita-federal\/","name":"Carf restringe tributa\u00e7\u00e3o de fundos imobili\u00e1rios pela Receita Federal - Hands on Solutions","isPartOf":{"@id":"https:\/\/www.hsce.com.br\/#website"},"primaryImageOfPage":{"@id":"https:\/\/www.hsce.com.br\/carf-restringe-tributacao-de-fundos-imobiliarios-pela-receita-federal\/#primaryimage"},"image":{"@id":"https:\/\/www.hsce.com.br\/carf-restringe-tributacao-de-fundos-imobiliarios-pela-receita-federal\/#primaryimage"},"thumbnailUrl":"https:\/\/www.hsce.com.br\/wp-content\/uploads\/2026\/04\/sao_paulo_070120dsc_31155335.webp","datePublished":"2026-04-22T12:29:52+00:00","dateModified":"2026-04-28T15:29:25+00:00","breadcrumb":{"@id":"https:\/\/www.hsce.com.br\/carf-restringe-tributacao-de-fundos-imobiliarios-pela-receita-federal\/#breadcrumb"},"inLanguage":"en-US","potentialAction":[{"@type":"ReadAction","target":["https:\/\/www.hsce.com.br\/carf-restringe-tributacao-de-fundos-imobiliarios-pela-receita-federal\/"]}]},{"@type":"ImageObject","inLanguage":"en-US","@id":"https:\/\/www.hsce.com.br\/carf-restringe-tributacao-de-fundos-imobiliarios-pela-receita-federal\/#primaryimage","url":"https:\/\/www.hsce.com.br\/wp-content\/uploads\/2026\/04\/sao_paulo_070120dsc_31155335.webp","contentUrl":"https:\/\/www.hsce.com.br\/wp-content\/uploads\/2026\/04\/sao_paulo_070120dsc_31155335.webp","width":1170,"height":700},{"@type":"BreadcrumbList","@id":"https:\/\/www.hsce.com.br\/carf-restringe-tributacao-de-fundos-imobiliarios-pela-receita-federal\/#breadcrumb","itemListElement":[{"@type":"ListItem","position":1,"name":"In\u00edcio","item":"https:\/\/www.hsce.com.br\/"},{"@type":"ListItem","position":2,"name":"Carf restringe tributa\u00e7\u00e3o de fundos imobili\u00e1rios pela Receita Federal"}]},{"@type":"WebSite","@id":"https:\/\/www.hsce.com.br\/#website","url":"https:\/\/www.hsce.com.br\/","name":"Hands on Solutions","description":"","publisher":{"@id":"https:\/\/www.hsce.com.br\/#organization"},"potentialAction":[{"@type":"SearchAction","target":{"@type":"EntryPoint","urlTemplate":"https:\/\/www.hsce.com.br\/?s={search_term_string}"},"query-input":{"@type":"PropertyValueSpecification","valueRequired":true,"valueName":"search_term_string"}}],"inLanguage":"en-US"},{"@type":"Organization","@id":"https:\/\/www.hsce.com.br\/#organization","name":"Hands on Solutions","url":"https:\/\/www.hsce.com.br\/","logo":{"@type":"ImageObject","inLanguage":"en-US","@id":"https:\/\/www.hsce.com.br\/#\/schema\/logo\/image\/","url":"https:\/\/www.hsce.com.br\/wp-content\/uploads\/2015\/09\/handson.png","contentUrl":"https:\/\/www.hsce.com.br\/wp-content\/uploads\/2015\/09\/handson.png","width":230,"height":68,"caption":"Hands on Solutions"},"image":{"@id":"https:\/\/www.hsce.com.br\/#\/schema\/logo\/image\/"},"sameAs":["https:\/\/www.linkedin.com\/company\/hsce-ltda?trk=company_logo"]},{"@type":"Person","@id":"https:\/\/www.hsce.com.br\/#\/schema\/person\/ce400a0e9f66b1195f845fb1fdca8b33","name":"hsce","image":{"@type":"ImageObject","inLanguage":"en-US","@id":"https:\/\/secure.gravatar.com\/avatar\/5cfe77ad71593df19912d9dffea7f5a8f3b3f45feff1ac302d60b22d3629b491?s=96&d=mm&r=g","url":"https:\/\/secure.gravatar.com\/avatar\/5cfe77ad71593df19912d9dffea7f5a8f3b3f45feff1ac302d60b22d3629b491?s=96&d=mm&r=g","contentUrl":"https:\/\/secure.gravatar.com\/avatar\/5cfe77ad71593df19912d9dffea7f5a8f3b3f45feff1ac302d60b22d3629b491?s=96&d=mm&r=g","caption":"hsce"},"url":"https:\/\/www.hsce.com.br\/en\/author\/hsce\/"}]}},"_links":{"self":[{"href":"https:\/\/www.hsce.com.br\/en\/wp-json\/wp\/v2\/posts\/2220","targetHints":{"allow":["GET"]}}],"collection":[{"href":"https:\/\/www.hsce.com.br\/en\/wp-json\/wp\/v2\/posts"}],"about":[{"href":"https:\/\/www.hsce.com.br\/en\/wp-json\/wp\/v2\/types\/post"}],"author":[{"embeddable":true,"href":"https:\/\/www.hsce.com.br\/en\/wp-json\/wp\/v2\/users\/8"}],"replies":[{"embeddable":true,"href":"https:\/\/www.hsce.com.br\/en\/wp-json\/wp\/v2\/comments?post=2220"}],"version-history":[{"count":1,"href":"https:\/\/www.hsce.com.br\/en\/wp-json\/wp\/v2\/posts\/2220\/revisions"}],"predecessor-version":[{"id":2222,"href":"https:\/\/www.hsce.com.br\/en\/wp-json\/wp\/v2\/posts\/2220\/revisions\/2222"}],"wp:featuredmedia":[{"embeddable":true,"href":"https:\/\/www.hsce.com.br\/en\/wp-json\/wp\/v2\/media\/2221"}],"wp:attachment":[{"href":"https:\/\/www.hsce.com.br\/en\/wp-json\/wp\/v2\/media?parent=2220"}],"wp:term":[{"taxonomy":"category","embeddable":true,"href":"https:\/\/www.hsce.com.br\/en\/wp-json\/wp\/v2\/categories?post=2220"},{"taxonomy":"post_tag","embeddable":true,"href":"https:\/\/www.hsce.com.br\/en\/wp-json\/wp\/v2\/tags?post=2220"}],"curies":[{"name":"wp","href":"https:\/\/api.w.org\/{rel}","templated":true}]}}