{"id":2216,"date":"2026-04-28T12:04:06","date_gmt":"2026-04-28T12:04:06","guid":{"rendered":"https:\/\/www.hsce.com.br\/?p=2216"},"modified":"2026-04-28T12:30:22","modified_gmt":"2026-04-28T12:30:22","slug":"fim-da-taxa-das-blusinhas-divide-integrantes-do-governo","status":"publish","type":"post","link":"https:\/\/www.hsce.com.br\/en\/fim-da-taxa-das-blusinhas-divide-integrantes-do-governo\/","title":{"rendered":"Fim da taxa das blusinhas divide integrantes do governo"},"content":{"rendered":"<p>O dia foi marcado por falas contradit\u00f3rias de integrantes do governo sobre a chamada taxa das blusinhas. No come\u00e7o desta quinta-feira (16\/4), a jornalistas, o ministro das Rela\u00e7\u00f5es Institucionais, Jos\u00e9 Guimar\u00e3es, afirmou ser favor\u00e1vel \u00e0 revoga\u00e7\u00e3o da medida, que impacta na popularidade do presidente Lula. Mais tarde, por\u00e9m, o vice-presidente Geraldo Alckmin disse que, neste momento, n\u00e3o h\u00e1 decis\u00e3o do governo sobre o tema.<\/p>\n\n\n\n<p>A taxa das blusinhas \u00e9 uma al\u00edquota de 20% sobre compras internacionais de at\u00e9 US$ 50 realizadas por pessoas f\u00edsicas. A equipe econ\u00f4mica \u00e9 favor\u00e1vel \u00e0 medida, apesar de ultimamente integrantes do Executivo terem defendido a derrubada da cobran\u00e7a.<\/p>\n\n\n\n<p>Guimar\u00e3es \u00e9 um deles. Nesta quinta-feira, em caf\u00e9 da manh\u00e3 com a imprensa, o ministro afirmou em p\u00fablico algo que integrantes do governo vinham admitindo nos bastidores: a taxa \u00e9 um dos principais fatores a contribuir para a impopularidade do presidente Lula.<\/p>\n\n\n\n<p>O ministro soma-se, desta forma, ao ministro da Secom, Sid\u00f4nio Palmeira, um dos principais defensores da queda da taxa dentro do governo. Guimar\u00e3es afirmou nunca ter sido favor\u00e1vel \u00e0 mudan\u00e7a. \u201cQuando essa mat\u00e9ria foi votada eu achava que ela n\u00e3o deveria ser aprovada. Foi um dos elementos mais fortes de desgaste do governo. Se o governo decidir revogar, eu acho uma boa\u201d, afirmou, durante caf\u00e9 com jornalistas no Pal\u00e1cio do Planalto.<\/p>\n\n\n\n<p>A fala, por\u00e9m, foi contraposta por Alckmin, que afirmou que em coletiva de imprensa no Pal\u00e1cio do Planalto que \u201cn\u00e3o h\u00e1 nenhuma decis\u00e3o nesse momento sobre esse tema\u201d. Segundo ele, mesmo com a cobran\u00e7a, a tributa\u00e7\u00e3o sobre importados ainda \u00e9 inferior \u00e0 enfrentada pela produ\u00e7\u00e3o nacional.<\/p>\n\n\n\n<p>Ao justificar a posi\u00e7\u00e3o, o vice-presidente afirmou que a soma do Imposto de Importa\u00e7\u00e3o e do ICMS ainda resulta em carga inferior \u00e0 paga pela ind\u00fastria brasileira. \u201cSe voc\u00ea for somar 20% do Imposto de Importa\u00e7\u00e3o, mais o ICMS dos Estados, vai dar menos de 40 [%]. O produtor nacional paga quase 50 [%]\u201d, declarou.<\/p>\n\n\n\n<p>Ele acrescentou que a preserva\u00e7\u00e3o do emprego deve ser considerada no debate: \u201c\u00c9 importante destacar o emprego. Preservar o emprego \u00e9 o mais [importante]\u201d.<\/p>\n\n\n\n<p>Gasolina<\/p>\n\n\n\n<p>Ainda durante caf\u00e9 com jornalistas, Guimar\u00e3es confirmou que o governo est\u00e1 discutindo uma maneira de subsidiar a gasolina, entre outras medidas que devem ser anunciadas em breve e que ele n\u00e3o detalhou.<\/p>\n\n\n\n<p>Essa informa\u00e7\u00e3o havia sido repassada a investidores pelo ministro da Fazenda, Dario Durigan, e confirmada ao JOTA por fontes a par da conversa. Segundo Guimar\u00e3es, a popula\u00e7\u00e3o n\u00e3o pode pagar o pre\u00e7o da guerra do Ir\u00e3.<\/p>\n\n\n\n<blockquote class=\"wp-block-quote is-layout-flow wp-block-quote-is-layout-flow\">\n<p>Source:&nbsp;<a href=\"http:\/\/www.jota.pro\/\" target=\"_blank\" rel=\"noreferrer noopener\">www.jota.pro<\/a><\/p>\n<\/blockquote>\n\n\n\n<p><\/p>","protected":false},"excerpt":{"rendered":"<p>O dia foi marcado por falas contradit\u00f3rias de integrantes do governo sobre a chamada taxa das blusinhas. No come\u00e7o desta quinta-feira (16\/4), a jornalistas, o ministro das Rela\u00e7\u00f5es Institucionais, Jos\u00e9 Guimar\u00e3es, afirmou ser favor\u00e1vel \u00e0 revoga\u00e7\u00e3o da medida, que impacta na popularidade do presidente Lula. Mais tarde, por\u00e9m, o vice-presidente Geraldo Alckmin disse que, neste [&hellip;]<\/p>","protected":false},"author":8,"featured_media":2223,"comment_status":"open","ping_status":"open","sticky":false,"template":"","format":"standard","meta":{"_monsterinsights_skip_tracking":false,"_monsterinsights_sitenote_active":false,"_monsterinsights_sitenote_note":"","_monsterinsights_sitenote_category":0,"footnotes":""},"categories":[76],"tags":[742,739,408,1267,1266,1268,720,253,861,622,102,1045,755,1265,665,654,1197,140,514],"class_list":["post-2216","post","type-post","status-publish","format-standard","has-post-thumbnail","hentry","category-noticias","tag-arrecadacao","tag-cargatributaria","tag-comercioeletronico-2","tag-comerciointernacional","tag-competitividade","tag-consumidor","tag-direitotributario","tag-ecommerce","tag-economia","tag-governofederal","tag-icms-2","tag-importacao-2","tag-impostodeimportacao","tag-industrianacional","tag-politicafiscal","tag-segurancajuridica","tag-taxadasblusinhas","tag-tributacao","tag-varejo"],"yoast_head":"<!-- This site is optimized with the Yoast SEO plugin v27.2 - https:\/\/yoast.com\/product\/yoast-seo-wordpress\/ -->\n<title>Fim da taxa das blusinhas divide integrantes do governo - Hands on Solutions<\/title>\n<meta name=\"robots\" content=\"index, follow, max-snippet:-1, max-image-preview:large, max-video-preview:-1\" \/>\n<link rel=\"canonical\" href=\"https:\/\/www.hsce.com.br\/en\/fim-da-taxa-das-blusinhas-divide-integrantes-do-governo\/\" \/>\n<meta property=\"og:locale\" content=\"en_US\" \/>\n<meta property=\"og:type\" content=\"article\" \/>\n<meta property=\"og:title\" content=\"Fim da taxa das blusinhas divide integrantes do governo - Hands on Solutions\" \/>\n<meta property=\"og:description\" content=\"O dia foi marcado por falas contradit\u00f3rias de integrantes do governo sobre a chamada taxa das blusinhas. No come\u00e7o desta quinta-feira (16\/4), a jornalistas, o ministro das Rela\u00e7\u00f5es Institucionais, Jos\u00e9 Guimar\u00e3es, afirmou ser favor\u00e1vel \u00e0 revoga\u00e7\u00e3o da medida, que impacta na popularidade do presidente Lula. Mais tarde, por\u00e9m, o vice-presidente Geraldo Alckmin disse que, neste [&hellip;]\" \/>\n<meta property=\"og:url\" content=\"https:\/\/www.hsce.com.br\/en\/fim-da-taxa-das-blusinhas-divide-integrantes-do-governo\/\" \/>\n<meta property=\"og:site_name\" content=\"Hands on Solutions\" \/>\n<meta property=\"article:published_time\" content=\"2026-04-28T12:04:06+00:00\" \/>\n<meta property=\"article:modified_time\" content=\"2026-04-28T12:30:22+00:00\" \/>\n<meta property=\"og:image\" content=\"https:\/\/www.hsce.com.br\/wp-content\/uploads\/2026\/04\/imagem_do_whatsapp_de_2024-06-01_as_16.55.52_b4540200.webp\" \/>\n\t<meta property=\"og:image:width\" content=\"1170\" \/>\n\t<meta property=\"og:image:height\" content=\"700\" \/>\n\t<meta property=\"og:image:type\" content=\"image\/webp\" \/>\n<meta name=\"author\" content=\"hsce\" \/>\n<meta name=\"twitter:label1\" content=\"Written by\" \/>\n\t<meta name=\"twitter:data1\" content=\"hsce\" \/>\n\t<meta name=\"twitter:label2\" content=\"Est. reading time\" \/>\n\t<meta name=\"twitter:data2\" content=\"3 minutes\" \/>\n<script type=\"application\/ld+json\" class=\"yoast-schema-graph\">{\"@context\":\"https:\/\/schema.org\",\"@graph\":[{\"@type\":\"Article\",\"@id\":\"https:\/\/www.hsce.com.br\/fim-da-taxa-das-blusinhas-divide-integrantes-do-governo\/#article\",\"isPartOf\":{\"@id\":\"https:\/\/www.hsce.com.br\/fim-da-taxa-das-blusinhas-divide-integrantes-do-governo\/\"},\"author\":{\"name\":\"hsce\",\"@id\":\"https:\/\/www.hsce.com.br\/#\/schema\/person\/ce400a0e9f66b1195f845fb1fdca8b33\"},\"headline\":\"Fim da taxa das blusinhas divide integrantes do governo\",\"datePublished\":\"2026-04-28T12:04:06+00:00\",\"dateModified\":\"2026-04-28T12:30:22+00:00\",\"mainEntityOfPage\":{\"@id\":\"https:\/\/www.hsce.com.br\/fim-da-taxa-das-blusinhas-divide-integrantes-do-governo\/\"},\"wordCount\":446,\"commentCount\":0,\"publisher\":{\"@id\":\"https:\/\/www.hsce.com.br\/#organization\"},\"image\":{\"@id\":\"https:\/\/www.hsce.com.br\/fim-da-taxa-das-blusinhas-divide-integrantes-do-governo\/#primaryimage\"},\"thumbnailUrl\":\"https:\/\/www.hsce.com.br\/wp-content\/uploads\/2026\/04\/imagem_do_whatsapp_de_2024-06-01_as_16.55.52_b4540200.webp\",\"keywords\":[\"#Arrecadacao\",\"#CargaTributaria\",\"#comercioeletronico\",\"#comerciointernacional\",\"#competitividade\",\"#consumidor\",\"#DireitoTributario\",\"#ecommerce\",\"#economia\",\"#GovernoFederal\",\"#ICMS\",\"#importacao\",\"#ImpostoDeImportacao\",\"#industrianacional\",\"#PoliticaFiscal\",\"#SegurancaJuridica\",\"#taxadasblusinhas\",\"#tributacao\",\"#varejo\"],\"articleSection\":[\"Not\u00edcias\"],\"inLanguage\":\"en-US\",\"potentialAction\":[{\"@type\":\"CommentAction\",\"name\":\"Comment\",\"target\":[\"https:\/\/www.hsce.com.br\/fim-da-taxa-das-blusinhas-divide-integrantes-do-governo\/#respond\"]}]},{\"@type\":\"WebPage\",\"@id\":\"https:\/\/www.hsce.com.br\/fim-da-taxa-das-blusinhas-divide-integrantes-do-governo\/\",\"url\":\"https:\/\/www.hsce.com.br\/fim-da-taxa-das-blusinhas-divide-integrantes-do-governo\/\",\"name\":\"Fim da taxa das blusinhas divide integrantes do governo - Hands on Solutions\",\"isPartOf\":{\"@id\":\"https:\/\/www.hsce.com.br\/#website\"},\"primaryImageOfPage\":{\"@id\":\"https:\/\/www.hsce.com.br\/fim-da-taxa-das-blusinhas-divide-integrantes-do-governo\/#primaryimage\"},\"image\":{\"@id\":\"https:\/\/www.hsce.com.br\/fim-da-taxa-das-blusinhas-divide-integrantes-do-governo\/#primaryimage\"},\"thumbnailUrl\":\"https:\/\/www.hsce.com.br\/wp-content\/uploads\/2026\/04\/imagem_do_whatsapp_de_2024-06-01_as_16.55.52_b4540200.webp\",\"datePublished\":\"2026-04-28T12:04:06+00:00\",\"dateModified\":\"2026-04-28T12:30:22+00:00\",\"breadcrumb\":{\"@id\":\"https:\/\/www.hsce.com.br\/fim-da-taxa-das-blusinhas-divide-integrantes-do-governo\/#breadcrumb\"},\"inLanguage\":\"en-US\",\"potentialAction\":[{\"@type\":\"ReadAction\",\"target\":[\"https:\/\/www.hsce.com.br\/fim-da-taxa-das-blusinhas-divide-integrantes-do-governo\/\"]}]},{\"@type\":\"ImageObject\",\"inLanguage\":\"en-US\",\"@id\":\"https:\/\/www.hsce.com.br\/fim-da-taxa-das-blusinhas-divide-integrantes-do-governo\/#primaryimage\",\"url\":\"https:\/\/www.hsce.com.br\/wp-content\/uploads\/2026\/04\/imagem_do_whatsapp_de_2024-06-01_as_16.55.52_b4540200.webp\",\"contentUrl\":\"https:\/\/www.hsce.com.br\/wp-content\/uploads\/2026\/04\/imagem_do_whatsapp_de_2024-06-01_as_16.55.52_b4540200.webp\",\"width\":1170,\"height\":700},{\"@type\":\"BreadcrumbList\",\"@id\":\"https:\/\/www.hsce.com.br\/fim-da-taxa-das-blusinhas-divide-integrantes-do-governo\/#breadcrumb\",\"itemListElement\":[{\"@type\":\"ListItem\",\"position\":1,\"name\":\"In\u00edcio\",\"item\":\"https:\/\/www.hsce.com.br\/\"},{\"@type\":\"ListItem\",\"position\":2,\"name\":\"Fim da taxa das blusinhas divide integrantes do governo\"}]},{\"@type\":\"WebSite\",\"@id\":\"https:\/\/www.hsce.com.br\/#website\",\"url\":\"https:\/\/www.hsce.com.br\/\",\"name\":\"Hands on Solutions\",\"description\":\"\",\"publisher\":{\"@id\":\"https:\/\/www.hsce.com.br\/#organization\"},\"potentialAction\":[{\"@type\":\"SearchAction\",\"target\":{\"@type\":\"EntryPoint\",\"urlTemplate\":\"https:\/\/www.hsce.com.br\/?s={search_term_string}\"},\"query-input\":{\"@type\":\"PropertyValueSpecification\",\"valueRequired\":true,\"valueName\":\"search_term_string\"}}],\"inLanguage\":\"en-US\"},{\"@type\":\"Organization\",\"@id\":\"https:\/\/www.hsce.com.br\/#organization\",\"name\":\"Hands on Solutions\",\"url\":\"https:\/\/www.hsce.com.br\/\",\"logo\":{\"@type\":\"ImageObject\",\"inLanguage\":\"en-US\",\"@id\":\"https:\/\/www.hsce.com.br\/#\/schema\/logo\/image\/\",\"url\":\"https:\/\/www.hsce.com.br\/wp-content\/uploads\/2015\/09\/handson.png\",\"contentUrl\":\"https:\/\/www.hsce.com.br\/wp-content\/uploads\/2015\/09\/handson.png\",\"width\":230,\"height\":68,\"caption\":\"Hands on Solutions\"},\"image\":{\"@id\":\"https:\/\/www.hsce.com.br\/#\/schema\/logo\/image\/\"},\"sameAs\":[\"https:\/\/www.linkedin.com\/company\/hsce-ltda?trk=company_logo\"]},{\"@type\":\"Person\",\"@id\":\"https:\/\/www.hsce.com.br\/#\/schema\/person\/ce400a0e9f66b1195f845fb1fdca8b33\",\"name\":\"hsce\",\"image\":{\"@type\":\"ImageObject\",\"inLanguage\":\"en-US\",\"@id\":\"https:\/\/secure.gravatar.com\/avatar\/5cfe77ad71593df19912d9dffea7f5a8f3b3f45feff1ac302d60b22d3629b491?s=96&d=mm&r=g\",\"url\":\"https:\/\/secure.gravatar.com\/avatar\/5cfe77ad71593df19912d9dffea7f5a8f3b3f45feff1ac302d60b22d3629b491?s=96&d=mm&r=g\",\"contentUrl\":\"https:\/\/secure.gravatar.com\/avatar\/5cfe77ad71593df19912d9dffea7f5a8f3b3f45feff1ac302d60b22d3629b491?s=96&d=mm&r=g\",\"caption\":\"hsce\"},\"url\":\"https:\/\/www.hsce.com.br\/en\/author\/hsce\/\"}]}<\/script>\n<!-- \/ Yoast SEO plugin. -->","yoast_head_json":{"title":"Fim da taxa das blusinhas divide integrantes do governo - Hands on Solutions","robots":{"index":"index","follow":"follow","max-snippet":"max-snippet:-1","max-image-preview":"max-image-preview:large","max-video-preview":"max-video-preview:-1"},"canonical":"https:\/\/www.hsce.com.br\/en\/fim-da-taxa-das-blusinhas-divide-integrantes-do-governo\/","og_locale":"en_US","og_type":"article","og_title":"Fim da taxa das blusinhas divide integrantes do governo - Hands on Solutions","og_description":"O dia foi marcado por falas contradit\u00f3rias de integrantes do governo sobre a chamada taxa das blusinhas. No come\u00e7o desta quinta-feira (16\/4), a jornalistas, o ministro das Rela\u00e7\u00f5es Institucionais, Jos\u00e9 Guimar\u00e3es, afirmou ser favor\u00e1vel \u00e0 revoga\u00e7\u00e3o da medida, que impacta na popularidade do presidente Lula. Mais tarde, por\u00e9m, o vice-presidente Geraldo Alckmin disse que, neste [&hellip;]","og_url":"https:\/\/www.hsce.com.br\/en\/fim-da-taxa-das-blusinhas-divide-integrantes-do-governo\/","og_site_name":"Hands on Solutions","article_published_time":"2026-04-28T12:04:06+00:00","article_modified_time":"2026-04-28T12:30:22+00:00","og_image":[{"width":1170,"height":700,"url":"https:\/\/www.hsce.com.br\/wp-content\/uploads\/2026\/04\/imagem_do_whatsapp_de_2024-06-01_as_16.55.52_b4540200.webp","type":"image\/webp"}],"author":"hsce","twitter_misc":{"Written by":"hsce","Est. reading time":"3 minutes"},"schema":{"@context":"https:\/\/schema.org","@graph":[{"@type":"Article","@id":"https:\/\/www.hsce.com.br\/fim-da-taxa-das-blusinhas-divide-integrantes-do-governo\/#article","isPartOf":{"@id":"https:\/\/www.hsce.com.br\/fim-da-taxa-das-blusinhas-divide-integrantes-do-governo\/"},"author":{"name":"hsce","@id":"https:\/\/www.hsce.com.br\/#\/schema\/person\/ce400a0e9f66b1195f845fb1fdca8b33"},"headline":"Fim da taxa das blusinhas divide integrantes do governo","datePublished":"2026-04-28T12:04:06+00:00","dateModified":"2026-04-28T12:30:22+00:00","mainEntityOfPage":{"@id":"https:\/\/www.hsce.com.br\/fim-da-taxa-das-blusinhas-divide-integrantes-do-governo\/"},"wordCount":446,"commentCount":0,"publisher":{"@id":"https:\/\/www.hsce.com.br\/#organization"},"image":{"@id":"https:\/\/www.hsce.com.br\/fim-da-taxa-das-blusinhas-divide-integrantes-do-governo\/#primaryimage"},"thumbnailUrl":"https:\/\/www.hsce.com.br\/wp-content\/uploads\/2026\/04\/imagem_do_whatsapp_de_2024-06-01_as_16.55.52_b4540200.webp","keywords":["#Arrecadacao","#CargaTributaria","#comercioeletronico","#comerciointernacional","#competitividade","#consumidor","#DireitoTributario","#ecommerce","#economia","#GovernoFederal","#ICMS","#importacao","#ImpostoDeImportacao","#industrianacional","#PoliticaFiscal","#SegurancaJuridica","#taxadasblusinhas","#tributacao","#varejo"],"articleSection":["Not\u00edcias"],"inLanguage":"en-US","potentialAction":[{"@type":"CommentAction","name":"Comment","target":["https:\/\/www.hsce.com.br\/fim-da-taxa-das-blusinhas-divide-integrantes-do-governo\/#respond"]}]},{"@type":"WebPage","@id":"https:\/\/www.hsce.com.br\/fim-da-taxa-das-blusinhas-divide-integrantes-do-governo\/","url":"https:\/\/www.hsce.com.br\/fim-da-taxa-das-blusinhas-divide-integrantes-do-governo\/","name":"Fim da taxa das blusinhas divide integrantes do governo - Hands on Solutions","isPartOf":{"@id":"https:\/\/www.hsce.com.br\/#website"},"primaryImageOfPage":{"@id":"https:\/\/www.hsce.com.br\/fim-da-taxa-das-blusinhas-divide-integrantes-do-governo\/#primaryimage"},"image":{"@id":"https:\/\/www.hsce.com.br\/fim-da-taxa-das-blusinhas-divide-integrantes-do-governo\/#primaryimage"},"thumbnailUrl":"https:\/\/www.hsce.com.br\/wp-content\/uploads\/2026\/04\/imagem_do_whatsapp_de_2024-06-01_as_16.55.52_b4540200.webp","datePublished":"2026-04-28T12:04:06+00:00","dateModified":"2026-04-28T12:30:22+00:00","breadcrumb":{"@id":"https:\/\/www.hsce.com.br\/fim-da-taxa-das-blusinhas-divide-integrantes-do-governo\/#breadcrumb"},"inLanguage":"en-US","potentialAction":[{"@type":"ReadAction","target":["https:\/\/www.hsce.com.br\/fim-da-taxa-das-blusinhas-divide-integrantes-do-governo\/"]}]},{"@type":"ImageObject","inLanguage":"en-US","@id":"https:\/\/www.hsce.com.br\/fim-da-taxa-das-blusinhas-divide-integrantes-do-governo\/#primaryimage","url":"https:\/\/www.hsce.com.br\/wp-content\/uploads\/2026\/04\/imagem_do_whatsapp_de_2024-06-01_as_16.55.52_b4540200.webp","contentUrl":"https:\/\/www.hsce.com.br\/wp-content\/uploads\/2026\/04\/imagem_do_whatsapp_de_2024-06-01_as_16.55.52_b4540200.webp","width":1170,"height":700},{"@type":"BreadcrumbList","@id":"https:\/\/www.hsce.com.br\/fim-da-taxa-das-blusinhas-divide-integrantes-do-governo\/#breadcrumb","itemListElement":[{"@type":"ListItem","position":1,"name":"In\u00edcio","item":"https:\/\/www.hsce.com.br\/"},{"@type":"ListItem","position":2,"name":"Fim da taxa das blusinhas divide integrantes do governo"}]},{"@type":"WebSite","@id":"https:\/\/www.hsce.com.br\/#website","url":"https:\/\/www.hsce.com.br\/","name":"Hands on Solutions","description":"","publisher":{"@id":"https:\/\/www.hsce.com.br\/#organization"},"potentialAction":[{"@type":"SearchAction","target":{"@type":"EntryPoint","urlTemplate":"https:\/\/www.hsce.com.br\/?s={search_term_string}"},"query-input":{"@type":"PropertyValueSpecification","valueRequired":true,"valueName":"search_term_string"}}],"inLanguage":"en-US"},{"@type":"Organization","@id":"https:\/\/www.hsce.com.br\/#organization","name":"Hands on Solutions","url":"https:\/\/www.hsce.com.br\/","logo":{"@type":"ImageObject","inLanguage":"en-US","@id":"https:\/\/www.hsce.com.br\/#\/schema\/logo\/image\/","url":"https:\/\/www.hsce.com.br\/wp-content\/uploads\/2015\/09\/handson.png","contentUrl":"https:\/\/www.hsce.com.br\/wp-content\/uploads\/2015\/09\/handson.png","width":230,"height":68,"caption":"Hands on Solutions"},"image":{"@id":"https:\/\/www.hsce.com.br\/#\/schema\/logo\/image\/"},"sameAs":["https:\/\/www.linkedin.com\/company\/hsce-ltda?trk=company_logo"]},{"@type":"Person","@id":"https:\/\/www.hsce.com.br\/#\/schema\/person\/ce400a0e9f66b1195f845fb1fdca8b33","name":"hsce","image":{"@type":"ImageObject","inLanguage":"en-US","@id":"https:\/\/secure.gravatar.com\/avatar\/5cfe77ad71593df19912d9dffea7f5a8f3b3f45feff1ac302d60b22d3629b491?s=96&d=mm&r=g","url":"https:\/\/secure.gravatar.com\/avatar\/5cfe77ad71593df19912d9dffea7f5a8f3b3f45feff1ac302d60b22d3629b491?s=96&d=mm&r=g","contentUrl":"https:\/\/secure.gravatar.com\/avatar\/5cfe77ad71593df19912d9dffea7f5a8f3b3f45feff1ac302d60b22d3629b491?s=96&d=mm&r=g","caption":"hsce"},"url":"https:\/\/www.hsce.com.br\/en\/author\/hsce\/"}]}},"_links":{"self":[{"href":"https:\/\/www.hsce.com.br\/en\/wp-json\/wp\/v2\/posts\/2216","targetHints":{"allow":["GET"]}}],"collection":[{"href":"https:\/\/www.hsce.com.br\/en\/wp-json\/wp\/v2\/posts"}],"about":[{"href":"https:\/\/www.hsce.com.br\/en\/wp-json\/wp\/v2\/types\/post"}],"author":[{"embeddable":true,"href":"https:\/\/www.hsce.com.br\/en\/wp-json\/wp\/v2\/users\/8"}],"replies":[{"embeddable":true,"href":"https:\/\/www.hsce.com.br\/en\/wp-json\/wp\/v2\/comments?post=2216"}],"version-history":[{"count":1,"href":"https:\/\/www.hsce.com.br\/en\/wp-json\/wp\/v2\/posts\/2216\/revisions"}],"predecessor-version":[{"id":2217,"href":"https:\/\/www.hsce.com.br\/en\/wp-json\/wp\/v2\/posts\/2216\/revisions\/2217"}],"wp:featuredmedia":[{"embeddable":true,"href":"https:\/\/www.hsce.com.br\/en\/wp-json\/wp\/v2\/media\/2223"}],"wp:attachment":[{"href":"https:\/\/www.hsce.com.br\/en\/wp-json\/wp\/v2\/media?parent=2216"}],"wp:term":[{"taxonomy":"category","embeddable":true,"href":"https:\/\/www.hsce.com.br\/en\/wp-json\/wp\/v2\/categories?post=2216"},{"taxonomy":"post_tag","embeddable":true,"href":"https:\/\/www.hsce.com.br\/en\/wp-json\/wp\/v2\/tags?post=2216"}],"curies":[{"name":"wp","href":"https:\/\/api.w.org\/{rel}","templated":true}]}}