{"id":1757,"date":"2025-09-15T12:23:00","date_gmt":"2025-09-15T12:23:00","guid":{"rendered":"https:\/\/www.hsce.com.br\/?p=1757"},"modified":"2025-09-15T12:23:00","modified_gmt":"2025-09-15T12:23:00","slug":"carf-aprova-sumulas-sobre-credito-extemporaneo-e-preco-de-transferencia","status":"publish","type":"post","link":"https:\/\/www.hsce.com.br\/en\/carf-aprova-sumulas-sobre-credito-extemporaneo-e-preco-de-transferencia\/","title":{"rendered":"Carf aprova s\u00famulas sobre cr\u00e9dito extempor\u00e2neo e pre\u00e7o de transfer\u00eancia"},"content":{"rendered":"<p>O Conselho Administrativo de Recursos Fiscais (Carf) aprovou, nesta sexta-feira (5\/9), 11 novas s\u00famulas, incluindo a que trata do aproveitamento de cr\u00e9ditos extempor\u00e2neos de PIS\/Cofins, na 3\u00aa Se\u00e7\u00e3o, ponto de maior preocupa\u00e7\u00e3o entre os contribuintes, e outra relacionada \u00e0 inclus\u00e3o de frete e seguro no c\u00e1lculo do pre\u00e7o de transfer\u00eancia, na 1\u00aa Se\u00e7\u00e3o. Com a vota\u00e7\u00e3o, o conselho soma 21 s\u00famulas aprovadas em 2025.<\/p>\n\n\n\n<p>Duas propostas de enunciado foram retiradas de pauta. Os textos tratavam de frete na revenda (3\u00aa Se\u00e7\u00e3o) e necessidade de comprovar a natureza ou a causa dos dep\u00f3sitos para afastar a presun\u00e7\u00e3o de receita. Esta \u00faltima j\u00e1 havia sido pautada anteriormente na 2\u00aa Se\u00e7\u00e3o, mas foi transferida para o pleno. Agora, acabou novamente retirada. Ambas devem voltar \u00e0 vota\u00e7\u00e3o ap\u00f3s ajustes na reda\u00e7\u00e3o, ainda este ano, segundo o presidente do Carf, Carlos Higino Ribeiro de Alencar.<\/p>\n\n\n\n<p>Na pauta, apenas uma proposta era considerada favor\u00e1vel ao contribuinte. O texto define que despesas incorridas com embalagens para transporte de produto, quando destinadas \u00e0 sua manuten\u00e7\u00e3o, preserva\u00e7\u00e3o e qualidade, enquadram-se na defini\u00e7\u00e3o de insumos fixada pelo STJ, no julgamento do REsp 1.221.170\/PR, gerando cr\u00e9ditos de PIS e Cofins. A aprova\u00e7\u00e3o do texto foi un\u00e2nime.<\/p>\n\n\n\n<p><strong>Vota\u00e7\u00e3o<\/strong><\/p>\n\n\n\n<p>Nesta sexta, as discuss\u00f5es relacionadas aos textos foram pontuais. No pleno, a vota\u00e7\u00e3o foi un\u00e2nime para o enunciado que estabelece que a imputa\u00e7\u00e3o proporcional \u00e9 o \u00fanico m\u00e9todo admitido pelo C\u00f3digo Tribut\u00e1rio Nacional (CTN) para calcular valores devidos em recolhimentos ou compensa\u00e7\u00f5es em atraso, quando n\u00e3o computados integralmente os acr\u00e9scimos morat\u00f3rios.<\/p>\n\n\n\n<p>Na 1\u00aa Turma, a proposta sobre pre\u00e7o de transfer\u00eancia foi aprovada por maioria. O texto determina que frete, seguro (quando arcados pelo importador) e tributos incidentes na importa\u00e7\u00e3o devem ser inclu\u00eddos no pre\u00e7o praticado para fins de compara\u00e7\u00e3o com o pre\u00e7o-par\u00e2metro do m\u00e9todo PRL, at\u00e9 a entrada em vigor do artigo 38 da MP 563\/2012, convertida na Lei 12.715\/2012. Discordaram os conselheiros Lu\u00eds Henrique Marotti Toselli e Heldo Jorge dos Santos Pereira J\u00fanior.<\/p>\n\n\n\n<p>O mesmo placar se repetiu na 2\u00aa Turma, que aprovou o enunciado segundo o qual valores declarados no IRPF sem comprova\u00e7\u00e3o individualizada de origem n\u00e3o podem ser exclu\u00eddos da base de c\u00e1lculo de lan\u00e7amento feito com base na presun\u00e7\u00e3o do artigo 42 da Lei 9.430\/1996.<\/p>\n\n\n\n<p>O texto havia sido retirado em sess\u00e3o extraordin\u00e1ria a pedido da CNI e chegou a ser cogitado para o pleno, mas acabou retornando para decis\u00e3o na pr\u00f3pria turma. Segundo a presid\u00eancia, a op\u00e7\u00e3o por mant\u00ea-lo no colegiado foi uma medida de \u201ccautela\u201d, para restringir seus efeitos apenas aos tributos sob a compet\u00eancia desta se\u00e7\u00e3o.<\/p>\n\n\n\n<p>Sobre a s\u00famula de maior preocupa\u00e7\u00e3o, sobre cr\u00e9dito extempor\u00e2neo, o presidente afirmou que o objetivo n\u00e3o \u00e9 impedir a utiliza\u00e7\u00e3o desses cr\u00e9ditos, mas orientar o contribuinte para um procedimento considerado \u201cmais seguro\u201d, realizado de forma autom\u00e1tica pelos sistemas da Receita Federal. \u201cN\u00e3o \u00e9 que n\u00e3o possa utilizar, mas vai utilizar o sistema mais adequado para isso\u201d, disse.<\/p>\n\n\n\n<p>Esse argumento tamb\u00e9m foi utilizado pelo conselheiro Rosaldo Trevisan, que votou favoravelmente \u00e0 aprova\u00e7\u00e3o, ao defender o uso e evolu\u00e7\u00e3o tecnol\u00f3gica dos sistemas, uma vez que permitem c\u00e1lculos autom\u00e1ticos, sem necessidade de retifica\u00e7\u00f5es manuais.<\/p>\n\n\n\n<p>O presidente da 3\u00aa Se\u00e7\u00e3o, R\u00e9gis Holanda, complementou ainda que a s\u00famula reflete a exig\u00eancia para o contribuinte de cumprir com uma obriga\u00e7\u00e3o acess\u00f3ria para comprovar a exist\u00eancia do cr\u00e9dito. Explicou que a legisla\u00e7\u00e3o j\u00e1 permite transportar para per\u00edodos subsequentes os cr\u00e9ditos n\u00e3o aproveitados no trimestre de refer\u00eancia. No entanto, \u00e9 preciso assegurar o controle desses valores, verificando se de fato o cr\u00e9dito existe, n\u00e3o foi utilizado e respeitou o crit\u00e9rio de rateio aplicado em determinado trimestre, pelo pr\u00f3prio sistema, que registra o saldo e o transporte autom\u00e1tico para per\u00edodos futuros. Caso o processo dependa de um processo manual ou apenas de dilig\u00eancias, n\u00e3o haver\u00e1 o mesmo n\u00edvel de rastreabilidade.<\/p>\n\n\n\n<p>O tema, segundo tributaristas, pode gerar impacto no mercado, principalmente pelo alto valor envolvido nos processos. Segundo advogados, \u00e9 comum que empresas, ao revisar as apura\u00e7\u00f5es de anos anteriores, identifiquem cr\u00e9ditos de insumos que n\u00e3o haviam sido aproveitados e busquem registr\u00e1-los no exerc\u00edcio corrente. O fisco, no entanto, entende que isso n\u00e3o \u00e9 poss\u00edvel e exige a retifica\u00e7\u00e3o das obriga\u00e7\u00f5es acess\u00f3rias do passado.<\/p>\n\n\n\n<p><strong>Organiza\u00e7\u00e3o interna<\/strong><\/p>\n\n\n\n<p>A vota\u00e7\u00e3o de s\u00famulas \u00e9 uma das estrat\u00e9gias do presidente do Carf para reduzir o estoque de processos, que com a greve voltou a alcan\u00e7ar R$ 1 trilh\u00e3o. A inten\u00e7\u00e3o, segundo Alencar, \u00e9 dar maior previsibilidade aos entendimentos no \u00e2mbito dos tribunais administrativos. Isso n\u00e3o significa, diz, que os julgamentos sobre os temas ser\u00e3o feitos de forma autom\u00e1tica a partir de agora.<\/p>\n\n\n\n<p>\u201cSempre cabe ao advogado do contribuinte dizer se o caso est\u00e1 enquadrado na s\u00famula. Ela [s\u00famula] n\u00e3o restringe o direito de defesa, n\u00e3o \u00e9 um resultado autom\u00e1tico, simplesmente firma uma tese jur\u00eddica\u201d, disse.<\/p>\n\n\n\n<p>Veja como foi a vota\u00e7\u00e3o:<\/p>\n\n\n\n<ul class=\"wp-block-list\">\n<li><strong>Em pleno:<\/strong>\u00a0a imputa\u00e7\u00e3o proporcional \u00e9 o \u00fanico m\u00e9todo admitido pelo C\u00f3digo Tribut\u00e1rio Nacional para determina\u00e7\u00e3o dos valores devidos em face de recolhimento ou compensa\u00e7\u00e3o de d\u00e9bitos em atraso, quando n\u00e3o computada a integralidade dos acr\u00e9scimos morat\u00f3rios. Aprovada por unanimidade.<\/li>\n\n\n\n<li><strong>1\u00aa Turma:<\/strong>\u00a0o valor do frete e do seguro, cujo \u00f4nus tenha sido do importador, e os tributos incidentes na importa\u00e7\u00e3o devem ser inclu\u00eddos no pre\u00e7o praticado para fins de compara\u00e7\u00e3o com o pre\u00e7o par\u00e2metro determinado segundo o M\u00e9todo do Pre\u00e7o de Revenda menos Lucro (PRL), apurado conforme a Instru\u00e7\u00e3o Normativa SRF 243\/2002, at\u00e9 a entrada em vigor do artigo 38 da Medida Provis\u00f3ria 563\/2012, convertida na Lei 12.715\/2012, que deu nova reda\u00e7\u00e3o ao artigo 18 da Lei 9.430\/1996. Aprovada por maioria de 8 votos a 2, com discord\u00e2ncia dos conselheiros Lu\u00eds Henrique Marotti Toselli e Heldo Jorge dos Santos Pereira J\u00fanior.<\/li>\n\n\n\n<li><strong>2\u00aa Turma:<\/strong>\u00a0os valores informados em Declara\u00e7\u00e3o de Ajuste Anual do Imposto sobre a Renda da Pessoa F\u00edsica, que n\u00e3o tiveram a sua comprova\u00e7\u00e3o de origem individualizada, n\u00e3o s\u00e3o pass\u00edveis de exclus\u00e3o da base de c\u00e1lculo do lan\u00e7amento efetuado com base na presun\u00e7\u00e3o estabelecida no artigo 42 da Lei 9.430\/1996. Aprovado por maioria de 8 votos a 2, com discord\u00e2ncia dos conselheiros Rodrigo Monteiro Loureiro Amorim e a vice-presidente, Sem\u00edramis de Oliveira Duro.<\/li>\n\n\n\n<li><strong>3\u00aa Turma:<\/strong><\/li>\n<\/ul>\n\n\n\n<ol start=\"1\" class=\"wp-block-list\">\n<li>aproveitamento de cr\u00e9ditos extempor\u00e2neos da contribui\u00e7\u00e3o para o PIS\/Pasep e da Cofins exige a apresenta\u00e7\u00e3o de DCTF e Dacon retificadores, comprovando os cr\u00e9ditos e os saldos credores dos trimestres correspondentes. Aprovada por maioria de 7 votos a 3, vencidas as conselheiras Tatiana Josefovicz Belis\u00e1rio, Cynthia Elena de Campos e Denise Madalena Green.<\/li>\n\n\n\n<li>As despesas portu\u00e1rias na exporta\u00e7\u00e3o de produtos acabados n\u00e3o se qualificam como insumos do processo produtivo do exportador para efeito de cr\u00e9ditos de Contribui\u00e7\u00e3o para o PIS\/Pasep e de Cofins n\u00e3o cumulativas. Aprovada por maioria de 8 votos a 2, vencidas as conselheiras Tatiana Josefovicz Belis\u00e1rio e Denise Madalena Green.<\/li>\n\n\n\n<li>A ado\u00e7\u00e3o do IGP-M como \u00edndice de reajuste descaracteriza a condi\u00e7\u00e3o de pre\u00e7o predeterminado, conforme disposto no art. 10, inciso XI, al\u00ednea &#8220;b&#8221;, da Lei 10.833\/2003, salvo se o postulante ao cr\u00e9dito comprovar que a varia\u00e7\u00e3o do \u00edndice foi inferior aos patamares previstos no art. 109 da Lei 11.196\/2005. Aprovada por unanimidade.<\/li>\n\n\n\n<li>Na atividade de com\u00e9rcio n\u00e3o \u00e9 poss\u00edvel a apura\u00e7\u00e3o de cr\u00e9ditos da n\u00e3o-cumulatividade da Contribui\u00e7\u00e3o para o PIS\/Pasep e da Cofins com base no inciso II do art. 3\u00ba das Leis 10.637\/2002 e 10.833\/2003. Aprovada por maioria de 9 a 1, vencida a conselheira Cynthia Elena.<\/li>\n\n\n\n<li>As despesas incorridas com embalagens para transporte de produto, quando destinadas \u00e0 sua manuten\u00e7\u00e3o, preserva\u00e7\u00e3o e qualidade, enquadram-se na defini\u00e7\u00e3o de insumos fixada pelo STJ, no julgamento do REsp 1.221.170\/PR. Aprovada por unanimidade.<\/li>\n\n\n\n<li>Cada um dos componentes da mercadoria descrita como &#8220;kit ou concentrado para refrigerantes&#8221; deve ser classificado em c\u00f3digo pr\u00f3prio da TIPI, quando o kit ou concentrado for constitu\u00eddo por diferentes mat\u00e9rias-primas e produtos intermedi\u00e1rios, que apenas ap\u00f3s nova etapa de industrializa\u00e7\u00e3o no estabelecimento adquirente se tornam uma prepara\u00e7\u00e3o composta para elabora\u00e7\u00e3o de bebidas. Aprovada por unanimidade.<\/li>\n\n\n\n<li>A apura\u00e7\u00e3o de cr\u00e9dito presumido de IPI sobre vendas realizadas a empresa comercial exportadora, previsto nas Leis 9.363\/1996 e 10.276\/2001, est\u00e1 condicionada \u00e0 comprova\u00e7\u00e3o de que o produto tenha sa\u00eddo do estabelecimento produtor diretamente para embarque ou para recinto alfandegado, por conta e ordem da referida empresa comercial exportadora.A multa decorrente da convers\u00e3o da pena de perdimento, prescrita no \u00a73\u00ba do art. 23 do Decreto-Lei 1.455\/1976, com a reda\u00e7\u00e3o dada pela Lei 10.637\/2002, \u00e9 inaplic\u00e1vel a opera\u00e7\u00f5es de exporta\u00e7\u00e3o anteriores a 28\/07\/2010. Aprovada por maioria de 9 a 1, vencida a conselheira Tatiana Josefovicz Belis\u00e1rio.<\/li>\n\n\n\n<li>A multa decorrente da convers\u00e3o da pena de perdimento, prescrita no \u00a73\u00ba do art. 23 do Decreto-Lei 1.455\/1976, com a reda\u00e7\u00e3o dada pela Lei 10.637\/2002, \u00e9 inaplic\u00e1vel a opera\u00e7\u00f5es de exporta\u00e7\u00e3o anteriores a 28\/07\/2010. Aprovada por unanimidade.<\/li>\n<\/ol>\n\n\n\n<blockquote class=\"wp-block-quote is-layout-flow wp-block-quote-is-layout-flow\">\n<p>Source:&nbsp;<a href=\"https:\/\/www.jota.info\/tributos\/direto-do-carf\/carf-aprova-sumulas-sobre-credito-extemporaneo-e-preco-de-transferencia\">https:\/\/www.jota.info\/tributos\/direto-do-carf\/carf-aprova-sumulas-sobre-credito-extemporaneo-e-preco-de-transferencia<\/a><\/p>\n<\/blockquote>\n\n\n\n<p><\/p>","protected":false},"excerpt":{"rendered":"<p>O Conselho Administrativo de Recursos Fiscais (Carf) aprovou, nesta sexta-feira (5\/9), 11 novas s\u00famulas, incluindo a que trata do aproveitamento de cr\u00e9ditos extempor\u00e2neos de PIS\/Cofins, na 3\u00aa Se\u00e7\u00e3o, ponto de maior preocupa\u00e7\u00e3o entre os contribuintes, e outra relacionada \u00e0 inclus\u00e3o de frete e seguro no c\u00e1lculo do pre\u00e7o de transfer\u00eancia, na 1\u00aa Se\u00e7\u00e3o. Com a [&hellip;]<\/p>","protected":false},"author":8,"featured_media":1758,"comment_status":"open","ping_status":"open","sticky":false,"template":"","format":"standard","meta":{"_monsterinsights_skip_tracking":false,"_monsterinsights_sitenote_active":false,"_monsterinsights_sitenote_note":"","_monsterinsights_sitenote_category":0,"footnotes":""},"categories":[76],"tags":[165,477],"class_list":["post-1757","post","type-post","status-publish","format-standard","has-post-thumbnail","hentry","category-noticias","tag-carf","tag-pis-cofins"],"yoast_head":"<!-- This site is optimized with the Yoast SEO plugin v27.2 - https:\/\/yoast.com\/product\/yoast-seo-wordpress\/ -->\n<title>Carf aprova s\u00famulas sobre cr\u00e9dito extempor\u00e2neo e pre\u00e7o de transfer\u00eancia - Hands on Solutions<\/title>\n<meta name=\"robots\" content=\"index, follow, max-snippet:-1, max-image-preview:large, max-video-preview:-1\" \/>\n<link rel=\"canonical\" href=\"https:\/\/www.hsce.com.br\/en\/carf-aprova-sumulas-sobre-credito-extemporaneo-e-preco-de-transferencia\/\" \/>\n<meta property=\"og:locale\" content=\"en_US\" \/>\n<meta property=\"og:type\" content=\"article\" \/>\n<meta property=\"og:title\" content=\"Carf aprova s\u00famulas sobre cr\u00e9dito extempor\u00e2neo e pre\u00e7o de transfer\u00eancia - Hands on Solutions\" \/>\n<meta property=\"og:description\" content=\"O Conselho Administrativo de Recursos Fiscais (Carf) aprovou, nesta sexta-feira (5\/9), 11 novas s\u00famulas, incluindo a que trata do aproveitamento de cr\u00e9ditos extempor\u00e2neos de PIS\/Cofins, na 3\u00aa Se\u00e7\u00e3o, ponto de maior preocupa\u00e7\u00e3o entre os contribuintes, e outra relacionada \u00e0 inclus\u00e3o de frete e seguro no c\u00e1lculo do pre\u00e7o de transfer\u00eancia, na 1\u00aa Se\u00e7\u00e3o. Com a [&hellip;]\" \/>\n<meta property=\"og:url\" content=\"https:\/\/www.hsce.com.br\/en\/carf-aprova-sumulas-sobre-credito-extemporaneo-e-preco-de-transferencia\/\" \/>\n<meta property=\"og:site_name\" content=\"Hands on Solutions\" \/>\n<meta property=\"article:published_time\" content=\"2025-09-15T12:23:00+00:00\" \/>\n<meta property=\"og:image\" content=\"https:\/\/www.hsce.com.br\/wp-content\/uploads\/2025\/09\/CMMPV_-_Comissao_Mista_da_Medida_Provisoria_15704168999-scaled.jpg\" \/>\n\t<meta property=\"og:image:width\" content=\"2560\" \/>\n\t<meta property=\"og:image:height\" content=\"1703\" \/>\n\t<meta property=\"og:image:type\" content=\"image\/jpeg\" \/>\n<meta name=\"author\" content=\"hsce\" \/>\n<meta name=\"twitter:label1\" content=\"Written by\" \/>\n\t<meta name=\"twitter:data1\" content=\"hsce\" \/>\n\t<meta name=\"twitter:label2\" content=\"Est. reading time\" \/>\n\t<meta name=\"twitter:data2\" content=\"9 minutes\" \/>\n<script type=\"application\/ld+json\" class=\"yoast-schema-graph\">{\"@context\":\"https:\/\/schema.org\",\"@graph\":[{\"@type\":\"Article\",\"@id\":\"https:\/\/www.hsce.com.br\/carf-aprova-sumulas-sobre-credito-extemporaneo-e-preco-de-transferencia\/#article\",\"isPartOf\":{\"@id\":\"https:\/\/www.hsce.com.br\/carf-aprova-sumulas-sobre-credito-extemporaneo-e-preco-de-transferencia\/\"},\"author\":{\"name\":\"hsce\",\"@id\":\"https:\/\/www.hsce.com.br\/#\/schema\/person\/ce400a0e9f66b1195f845fb1fdca8b33\"},\"headline\":\"Carf aprova s\u00famulas sobre cr\u00e9dito extempor\u00e2neo e pre\u00e7o de transfer\u00eancia\",\"datePublished\":\"2025-09-15T12:23:00+00:00\",\"mainEntityOfPage\":{\"@id\":\"https:\/\/www.hsce.com.br\/carf-aprova-sumulas-sobre-credito-extemporaneo-e-preco-de-transferencia\/\"},\"wordCount\":1594,\"commentCount\":0,\"publisher\":{\"@id\":\"https:\/\/www.hsce.com.br\/#organization\"},\"image\":{\"@id\":\"https:\/\/www.hsce.com.br\/carf-aprova-sumulas-sobre-credito-extemporaneo-e-preco-de-transferencia\/#primaryimage\"},\"thumbnailUrl\":\"https:\/\/www.hsce.com.br\/wp-content\/uploads\/2025\/09\/CMMPV_-_Comissao_Mista_da_Medida_Provisoria_15704168999-scaled.jpg\",\"keywords\":[\"#CARF\",\"#PIS #Cofins\"],\"articleSection\":[\"Not\u00edcias\"],\"inLanguage\":\"en-US\",\"potentialAction\":[{\"@type\":\"CommentAction\",\"name\":\"Comment\",\"target\":[\"https:\/\/www.hsce.com.br\/carf-aprova-sumulas-sobre-credito-extemporaneo-e-preco-de-transferencia\/#respond\"]}]},{\"@type\":\"WebPage\",\"@id\":\"https:\/\/www.hsce.com.br\/carf-aprova-sumulas-sobre-credito-extemporaneo-e-preco-de-transferencia\/\",\"url\":\"https:\/\/www.hsce.com.br\/carf-aprova-sumulas-sobre-credito-extemporaneo-e-preco-de-transferencia\/\",\"name\":\"Carf aprova s\u00famulas sobre cr\u00e9dito extempor\u00e2neo e pre\u00e7o de transfer\u00eancia - Hands on Solutions\",\"isPartOf\":{\"@id\":\"https:\/\/www.hsce.com.br\/#website\"},\"primaryImageOfPage\":{\"@id\":\"https:\/\/www.hsce.com.br\/carf-aprova-sumulas-sobre-credito-extemporaneo-e-preco-de-transferencia\/#primaryimage\"},\"image\":{\"@id\":\"https:\/\/www.hsce.com.br\/carf-aprova-sumulas-sobre-credito-extemporaneo-e-preco-de-transferencia\/#primaryimage\"},\"thumbnailUrl\":\"https:\/\/www.hsce.com.br\/wp-content\/uploads\/2025\/09\/CMMPV_-_Comissao_Mista_da_Medida_Provisoria_15704168999-scaled.jpg\",\"datePublished\":\"2025-09-15T12:23:00+00:00\",\"breadcrumb\":{\"@id\":\"https:\/\/www.hsce.com.br\/carf-aprova-sumulas-sobre-credito-extemporaneo-e-preco-de-transferencia\/#breadcrumb\"},\"inLanguage\":\"en-US\",\"potentialAction\":[{\"@type\":\"ReadAction\",\"target\":[\"https:\/\/www.hsce.com.br\/carf-aprova-sumulas-sobre-credito-extemporaneo-e-preco-de-transferencia\/\"]}]},{\"@type\":\"ImageObject\",\"inLanguage\":\"en-US\",\"@id\":\"https:\/\/www.hsce.com.br\/carf-aprova-sumulas-sobre-credito-extemporaneo-e-preco-de-transferencia\/#primaryimage\",\"url\":\"https:\/\/www.hsce.com.br\/wp-content\/uploads\/2025\/09\/CMMPV_-_Comissao_Mista_da_Medida_Provisoria_15704168999-scaled.jpg\",\"contentUrl\":\"https:\/\/www.hsce.com.br\/wp-content\/uploads\/2025\/09\/CMMPV_-_Comissao_Mista_da_Medida_Provisoria_15704168999-scaled.jpg\",\"width\":2560,\"height\":1703,\"caption\":\"Sala de comiss\u00f5es do Senado durante Comiss\u00e3o Mista da Medida Provisoria (CMMPV) destinada a analisar a Medida Provis\u00f3ria 658\/2014, que adia a entrada em vigor da Lei das ONGs (Lei 13.019\/2014). Em pronunciamento, secret\u00e1rio-executivo da Controladoria-geral da Uni\u00e3o, Carlos Higino Riveiro. Foto: Jefferson Rudy\/Ag\u00eancia Senado\"},{\"@type\":\"BreadcrumbList\",\"@id\":\"https:\/\/www.hsce.com.br\/carf-aprova-sumulas-sobre-credito-extemporaneo-e-preco-de-transferencia\/#breadcrumb\",\"itemListElement\":[{\"@type\":\"ListItem\",\"position\":1,\"name\":\"In\u00edcio\",\"item\":\"https:\/\/www.hsce.com.br\/\"},{\"@type\":\"ListItem\",\"position\":2,\"name\":\"Carf aprova s\u00famulas sobre cr\u00e9dito extempor\u00e2neo e pre\u00e7o de transfer\u00eancia\"}]},{\"@type\":\"WebSite\",\"@id\":\"https:\/\/www.hsce.com.br\/#website\",\"url\":\"https:\/\/www.hsce.com.br\/\",\"name\":\"Hands on Solutions\",\"description\":\"\",\"publisher\":{\"@id\":\"https:\/\/www.hsce.com.br\/#organization\"},\"potentialAction\":[{\"@type\":\"SearchAction\",\"target\":{\"@type\":\"EntryPoint\",\"urlTemplate\":\"https:\/\/www.hsce.com.br\/?s={search_term_string}\"},\"query-input\":{\"@type\":\"PropertyValueSpecification\",\"valueRequired\":true,\"valueName\":\"search_term_string\"}}],\"inLanguage\":\"en-US\"},{\"@type\":\"Organization\",\"@id\":\"https:\/\/www.hsce.com.br\/#organization\",\"name\":\"Hands on Solutions\",\"url\":\"https:\/\/www.hsce.com.br\/\",\"logo\":{\"@type\":\"ImageObject\",\"inLanguage\":\"en-US\",\"@id\":\"https:\/\/www.hsce.com.br\/#\/schema\/logo\/image\/\",\"url\":\"https:\/\/www.hsce.com.br\/wp-content\/uploads\/2015\/09\/handson.png\",\"contentUrl\":\"https:\/\/www.hsce.com.br\/wp-content\/uploads\/2015\/09\/handson.png\",\"width\":230,\"height\":68,\"caption\":\"Hands on Solutions\"},\"image\":{\"@id\":\"https:\/\/www.hsce.com.br\/#\/schema\/logo\/image\/\"},\"sameAs\":[\"https:\/\/www.linkedin.com\/company\/hsce-ltda?trk=company_logo\"]},{\"@type\":\"Person\",\"@id\":\"https:\/\/www.hsce.com.br\/#\/schema\/person\/ce400a0e9f66b1195f845fb1fdca8b33\",\"name\":\"hsce\",\"image\":{\"@type\":\"ImageObject\",\"inLanguage\":\"en-US\",\"@id\":\"https:\/\/secure.gravatar.com\/avatar\/5cfe77ad71593df19912d9dffea7f5a8f3b3f45feff1ac302d60b22d3629b491?s=96&d=mm&r=g\",\"url\":\"https:\/\/secure.gravatar.com\/avatar\/5cfe77ad71593df19912d9dffea7f5a8f3b3f45feff1ac302d60b22d3629b491?s=96&d=mm&r=g\",\"contentUrl\":\"https:\/\/secure.gravatar.com\/avatar\/5cfe77ad71593df19912d9dffea7f5a8f3b3f45feff1ac302d60b22d3629b491?s=96&d=mm&r=g\",\"caption\":\"hsce\"},\"url\":\"https:\/\/www.hsce.com.br\/en\/author\/hsce\/\"}]}<\/script>\n<!-- \/ Yoast SEO plugin. -->","yoast_head_json":{"title":"Carf aprova s\u00famulas sobre cr\u00e9dito extempor\u00e2neo e pre\u00e7o de transfer\u00eancia - Hands on Solutions","robots":{"index":"index","follow":"follow","max-snippet":"max-snippet:-1","max-image-preview":"max-image-preview:large","max-video-preview":"max-video-preview:-1"},"canonical":"https:\/\/www.hsce.com.br\/en\/carf-aprova-sumulas-sobre-credito-extemporaneo-e-preco-de-transferencia\/","og_locale":"en_US","og_type":"article","og_title":"Carf aprova s\u00famulas sobre cr\u00e9dito extempor\u00e2neo e pre\u00e7o de transfer\u00eancia - Hands on Solutions","og_description":"O Conselho Administrativo de Recursos Fiscais (Carf) aprovou, nesta sexta-feira (5\/9), 11 novas s\u00famulas, incluindo a que trata do aproveitamento de cr\u00e9ditos extempor\u00e2neos de PIS\/Cofins, na 3\u00aa Se\u00e7\u00e3o, ponto de maior preocupa\u00e7\u00e3o entre os contribuintes, e outra relacionada \u00e0 inclus\u00e3o de frete e seguro no c\u00e1lculo do pre\u00e7o de transfer\u00eancia, na 1\u00aa Se\u00e7\u00e3o. Com a [&hellip;]","og_url":"https:\/\/www.hsce.com.br\/en\/carf-aprova-sumulas-sobre-credito-extemporaneo-e-preco-de-transferencia\/","og_site_name":"Hands on Solutions","article_published_time":"2025-09-15T12:23:00+00:00","og_image":[{"width":2560,"height":1703,"url":"https:\/\/www.hsce.com.br\/wp-content\/uploads\/2025\/09\/CMMPV_-_Comissao_Mista_da_Medida_Provisoria_15704168999-scaled.jpg","type":"image\/jpeg"}],"author":"hsce","twitter_misc":{"Written by":"hsce","Est. reading time":"9 minutes"},"schema":{"@context":"https:\/\/schema.org","@graph":[{"@type":"Article","@id":"https:\/\/www.hsce.com.br\/carf-aprova-sumulas-sobre-credito-extemporaneo-e-preco-de-transferencia\/#article","isPartOf":{"@id":"https:\/\/www.hsce.com.br\/carf-aprova-sumulas-sobre-credito-extemporaneo-e-preco-de-transferencia\/"},"author":{"name":"hsce","@id":"https:\/\/www.hsce.com.br\/#\/schema\/person\/ce400a0e9f66b1195f845fb1fdca8b33"},"headline":"Carf aprova s\u00famulas sobre cr\u00e9dito extempor\u00e2neo e pre\u00e7o de transfer\u00eancia","datePublished":"2025-09-15T12:23:00+00:00","mainEntityOfPage":{"@id":"https:\/\/www.hsce.com.br\/carf-aprova-sumulas-sobre-credito-extemporaneo-e-preco-de-transferencia\/"},"wordCount":1594,"commentCount":0,"publisher":{"@id":"https:\/\/www.hsce.com.br\/#organization"},"image":{"@id":"https:\/\/www.hsce.com.br\/carf-aprova-sumulas-sobre-credito-extemporaneo-e-preco-de-transferencia\/#primaryimage"},"thumbnailUrl":"https:\/\/www.hsce.com.br\/wp-content\/uploads\/2025\/09\/CMMPV_-_Comissao_Mista_da_Medida_Provisoria_15704168999-scaled.jpg","keywords":["#CARF","#PIS #Cofins"],"articleSection":["Not\u00edcias"],"inLanguage":"en-US","potentialAction":[{"@type":"CommentAction","name":"Comment","target":["https:\/\/www.hsce.com.br\/carf-aprova-sumulas-sobre-credito-extemporaneo-e-preco-de-transferencia\/#respond"]}]},{"@type":"WebPage","@id":"https:\/\/www.hsce.com.br\/carf-aprova-sumulas-sobre-credito-extemporaneo-e-preco-de-transferencia\/","url":"https:\/\/www.hsce.com.br\/carf-aprova-sumulas-sobre-credito-extemporaneo-e-preco-de-transferencia\/","name":"Carf aprova s\u00famulas sobre cr\u00e9dito extempor\u00e2neo e pre\u00e7o de transfer\u00eancia - Hands on Solutions","isPartOf":{"@id":"https:\/\/www.hsce.com.br\/#website"},"primaryImageOfPage":{"@id":"https:\/\/www.hsce.com.br\/carf-aprova-sumulas-sobre-credito-extemporaneo-e-preco-de-transferencia\/#primaryimage"},"image":{"@id":"https:\/\/www.hsce.com.br\/carf-aprova-sumulas-sobre-credito-extemporaneo-e-preco-de-transferencia\/#primaryimage"},"thumbnailUrl":"https:\/\/www.hsce.com.br\/wp-content\/uploads\/2025\/09\/CMMPV_-_Comissao_Mista_da_Medida_Provisoria_15704168999-scaled.jpg","datePublished":"2025-09-15T12:23:00+00:00","breadcrumb":{"@id":"https:\/\/www.hsce.com.br\/carf-aprova-sumulas-sobre-credito-extemporaneo-e-preco-de-transferencia\/#breadcrumb"},"inLanguage":"en-US","potentialAction":[{"@type":"ReadAction","target":["https:\/\/www.hsce.com.br\/carf-aprova-sumulas-sobre-credito-extemporaneo-e-preco-de-transferencia\/"]}]},{"@type":"ImageObject","inLanguage":"en-US","@id":"https:\/\/www.hsce.com.br\/carf-aprova-sumulas-sobre-credito-extemporaneo-e-preco-de-transferencia\/#primaryimage","url":"https:\/\/www.hsce.com.br\/wp-content\/uploads\/2025\/09\/CMMPV_-_Comissao_Mista_da_Medida_Provisoria_15704168999-scaled.jpg","contentUrl":"https:\/\/www.hsce.com.br\/wp-content\/uploads\/2025\/09\/CMMPV_-_Comissao_Mista_da_Medida_Provisoria_15704168999-scaled.jpg","width":2560,"height":1703,"caption":"Sala de comiss\u00f5es do Senado durante Comiss\u00e3o Mista da Medida Provisoria (CMMPV) destinada a analisar a Medida Provis\u00f3ria 658\/2014, que adia a entrada em vigor da Lei das ONGs (Lei 13.019\/2014). Em pronunciamento, secret\u00e1rio-executivo da Controladoria-geral da Uni\u00e3o, Carlos Higino Riveiro. Foto: Jefferson Rudy\/Ag\u00eancia Senado"},{"@type":"BreadcrumbList","@id":"https:\/\/www.hsce.com.br\/carf-aprova-sumulas-sobre-credito-extemporaneo-e-preco-de-transferencia\/#breadcrumb","itemListElement":[{"@type":"ListItem","position":1,"name":"In\u00edcio","item":"https:\/\/www.hsce.com.br\/"},{"@type":"ListItem","position":2,"name":"Carf aprova s\u00famulas sobre cr\u00e9dito extempor\u00e2neo e pre\u00e7o de transfer\u00eancia"}]},{"@type":"WebSite","@id":"https:\/\/www.hsce.com.br\/#website","url":"https:\/\/www.hsce.com.br\/","name":"Hands on Solutions","description":"","publisher":{"@id":"https:\/\/www.hsce.com.br\/#organization"},"potentialAction":[{"@type":"SearchAction","target":{"@type":"EntryPoint","urlTemplate":"https:\/\/www.hsce.com.br\/?s={search_term_string}"},"query-input":{"@type":"PropertyValueSpecification","valueRequired":true,"valueName":"search_term_string"}}],"inLanguage":"en-US"},{"@type":"Organization","@id":"https:\/\/www.hsce.com.br\/#organization","name":"Hands on Solutions","url":"https:\/\/www.hsce.com.br\/","logo":{"@type":"ImageObject","inLanguage":"en-US","@id":"https:\/\/www.hsce.com.br\/#\/schema\/logo\/image\/","url":"https:\/\/www.hsce.com.br\/wp-content\/uploads\/2015\/09\/handson.png","contentUrl":"https:\/\/www.hsce.com.br\/wp-content\/uploads\/2015\/09\/handson.png","width":230,"height":68,"caption":"Hands on Solutions"},"image":{"@id":"https:\/\/www.hsce.com.br\/#\/schema\/logo\/image\/"},"sameAs":["https:\/\/www.linkedin.com\/company\/hsce-ltda?trk=company_logo"]},{"@type":"Person","@id":"https:\/\/www.hsce.com.br\/#\/schema\/person\/ce400a0e9f66b1195f845fb1fdca8b33","name":"hsce","image":{"@type":"ImageObject","inLanguage":"en-US","@id":"https:\/\/secure.gravatar.com\/avatar\/5cfe77ad71593df19912d9dffea7f5a8f3b3f45feff1ac302d60b22d3629b491?s=96&d=mm&r=g","url":"https:\/\/secure.gravatar.com\/avatar\/5cfe77ad71593df19912d9dffea7f5a8f3b3f45feff1ac302d60b22d3629b491?s=96&d=mm&r=g","contentUrl":"https:\/\/secure.gravatar.com\/avatar\/5cfe77ad71593df19912d9dffea7f5a8f3b3f45feff1ac302d60b22d3629b491?s=96&d=mm&r=g","caption":"hsce"},"url":"https:\/\/www.hsce.com.br\/en\/author\/hsce\/"}]}},"_links":{"self":[{"href":"https:\/\/www.hsce.com.br\/en\/wp-json\/wp\/v2\/posts\/1757","targetHints":{"allow":["GET"]}}],"collection":[{"href":"https:\/\/www.hsce.com.br\/en\/wp-json\/wp\/v2\/posts"}],"about":[{"href":"https:\/\/www.hsce.com.br\/en\/wp-json\/wp\/v2\/types\/post"}],"author":[{"embeddable":true,"href":"https:\/\/www.hsce.com.br\/en\/wp-json\/wp\/v2\/users\/8"}],"replies":[{"embeddable":true,"href":"https:\/\/www.hsce.com.br\/en\/wp-json\/wp\/v2\/comments?post=1757"}],"version-history":[{"count":1,"href":"https:\/\/www.hsce.com.br\/en\/wp-json\/wp\/v2\/posts\/1757\/revisions"}],"predecessor-version":[{"id":1759,"href":"https:\/\/www.hsce.com.br\/en\/wp-json\/wp\/v2\/posts\/1757\/revisions\/1759"}],"wp:featuredmedia":[{"embeddable":true,"href":"https:\/\/www.hsce.com.br\/en\/wp-json\/wp\/v2\/media\/1758"}],"wp:attachment":[{"href":"https:\/\/www.hsce.com.br\/en\/wp-json\/wp\/v2\/media?parent=1757"}],"wp:term":[{"taxonomy":"category","embeddable":true,"href":"https:\/\/www.hsce.com.br\/en\/wp-json\/wp\/v2\/categories?post=1757"},{"taxonomy":"post_tag","embeddable":true,"href":"https:\/\/www.hsce.com.br\/en\/wp-json\/wp\/v2\/tags?post=1757"}],"curies":[{"name":"wp","href":"https:\/\/api.w.org\/{rel}","templated":true}]}}