{"id":1754,"date":"2025-09-04T14:14:43","date_gmt":"2025-09-04T14:14:43","guid":{"rendered":"https:\/\/www.hsce.com.br\/?p=1754"},"modified":"2025-09-04T14:14:44","modified_gmt":"2025-09-04T14:14:44","slug":"governo-caca-polemica-ao-propor-subir-tributacao-de-empresas-do-lucro-presumido","status":"publish","type":"post","link":"https:\/\/www.hsce.com.br\/en\/governo-caca-polemica-ao-propor-subir-tributacao-de-empresas-do-lucro-presumido\/","title":{"rendered":"Governo ca\u00e7a pol\u00eamica ao propor subir tributa\u00e7\u00e3o de empresas do lucro presumido"},"content":{"rendered":"<p>Apesar de ver pouco espa\u00e7o para novas eleva\u00e7\u00f5es de tributos, o governo usou o projeto de lei complementar da redu\u00e7\u00e3o de benef\u00edcios fiscais para comprar briga com empresas que aderem ao lucro presumido. No PLP assinado pelo l\u00edder do governo na C\u00e2mara, Jos\u00e9 Guimar\u00e3es (PT-CE), foi inclu\u00edda a eleva\u00e7\u00e3o em 10% da base de c\u00e1lculo do IRPJ\/CSLL neste regime.<\/p>\n\n\n\n<p>A regra s\u00f3 se aplicar\u00e1 aos percentuais de \u201cpresun\u00e7\u00e3o incidentes sobre a parcela da receita bruta total que exceda o valor de R$ 1.200.000,00 no ano-calend\u00e1rio\u201d.<\/p>\n\n\n\n<p>Por exemplo, na presta\u00e7\u00e3o de diferentes tipos de servi\u00e7os, a base de c\u00e1lculo com a medida, caso efetivada, subiria de 32% do faturamento da empresa para 35,5%. Sobre essa base maior, ser\u00e3o aplicados o IRPJ e a CSLL. A presun\u00e7\u00e3o de lucro varia conforme a atividade da empresa, e tem como limite o faturamento anual de R$ 78 milh\u00f5es.<\/p>\n\n\n\n<p><strong>Ren\u00fancia fiscal ou alternativa simplificada de recolhimento?<\/strong><\/p>\n\n\n\n<p>Diferentemente do Simples, que beneficia micro e pequenas empresas, o lucro presumido n\u00e3o \u00e9 tratado formalmente como um incentivo fiscal.<\/p>\n\n\n\n<p>A rigor, ele seria apenas um mecanismo alternativo e bem menos burocr\u00e1tico para tributa\u00e7\u00e3o do lucro, especialmente em empresas m\u00e9dias. \u00c9 bastante comum no mercado financeiro, em escrit\u00f3rios de advocacia, empresas de tecnologia da informa\u00e7\u00e3o, entre uma s\u00e9rie de outras.<\/p>\n\n\n\n<p>Como n\u00e3o se trata de uma ren\u00fancia fiscal, n\u00e3o h\u00e1 no Demonstrativo de Gastos Tribut\u00e1rios (DGT) divulgado anualmente pelo governo nenhuma estimativa de perda de arrecada\u00e7\u00e3o com a medida. O DGT \u00e9 a base que norteia a proposta de cortes de benef\u00edcios fiscais formalizada na sexta-feira (29).<\/p>\n\n\n\n<p>Ainda assim, tem havido entre especialistas contesta\u00e7\u00f5es sobre se as presun\u00e7\u00f5es consideradas atualmente n\u00e3o estariam sendo muito generosas para os contribuintes, prejudicando o financiamento estatal e a concorr\u00eancia com as empresas que s\u00e3o obrigadas a recolher pelo sistema de lucro real.<\/p>\n\n\n\n<p><strong>Interpreta\u00e7\u00f5es iniciais<\/strong><\/p>\n\n\n\n<p>O tributarista Breno Vasconcelos, professor do Insper e s\u00f3cio do Mannrich e Vasconcelos Advogados, lembra que o limite de receita que permite \u00e0s empresas usarem esse sistema mais simplificado vem sendo criticado h\u00e1 alguns anos, por ser muito alto e acabar, indiretamente, se tornando um benef\u00edcio fiscal.<\/p>\n\n\n\n<p>\u201cAli\u00e1s, outra cr\u00edtica est\u00e1 no fato de o lucro presumido acabar sendo um fator relevante, do ponto de vista tribut\u00e1rio, na vantagem da chamada pejotiza\u00e7\u00e3o. Associado \u00e0 isen\u00e7\u00e3o de dividendos e \u00e0 n\u00e3o incid\u00eancia de contribui\u00e7\u00e3o previdenci\u00e1ria patronal, ele fecha a lista de vantagens econ\u00f4micas da contrata\u00e7\u00e3o de uma pessoa jur\u00eddica em vez da contrata\u00e7\u00e3o do mesmo servi\u00e7o por um empregado (CLT)\u201d, comentou.<\/p>\n\n\n\n<p>Vasconcelos avalia que essa discuss\u00e3o deveria estar dentro de um contexto de reforma da tributa\u00e7\u00e3o da renda, \u201cn\u00e3o com mais essa tentativa de simplesmente aumentar a receita para garantir o super\u00e1vit prim\u00e1rio\u201d.<\/p>\n\n\n\n<p>Para Daniel Loria, s\u00f3cio do Loria Advogados e ex-diretor da Secretaria de Reforma Tribut\u00e1ria do Minist\u00e9rio da Fazenda, o governo buscou uma solu\u00e7\u00e3o pragm\u00e1tica. \u201cO ideal seria revisitar o regime de tributa\u00e7\u00e3o, tentando aproximar a base de c\u00e1lculo do lucro efetivo da empresa\u201d, disse, destacando que o PLP 182 na pr\u00e1tica, pela primeira vez, coloca essa alternativa simplificada como um gasto tribut\u00e1rio.<\/p>\n\n\n\n<p>Eduardo Natal, s\u00f3cio do escrit\u00f3rio Natal &amp; Manssur Advogados e presidente do Comit\u00ea de Transa\u00e7\u00e3o Tribut\u00e1ria da Associa\u00e7\u00e3o Brasileira da Advocacia Tribut\u00e1ria (ABAT), refor\u00e7a que o lucro presumido \u00e9 um \u201cm\u00e9todo de apura\u00e7\u00e3o da base de c\u00e1lculo do Imposto de Renda e n\u00e3o um incentivo fiscal\u201d.<\/p>\n\n\n\n<p>\u201cComo \u00e9 um regime opcional, n\u00e3o pode ser visto como uma ren\u00fancia tribut\u00e1ria. A empresa optante pode, eventualmente, ter vantagem ao apurar seus tributos por esse regime, mas tamb\u00e9m pode n\u00e3o ter. Vejo esse projeto de lei como extremamente perigoso, justamente por essa quest\u00e3o, pois tende a gerar um contencioso enorme\u201d, salientou.<\/p>\n\n\n\n<p><strong>Bode na sala ou tentativa de fato?<\/strong><\/p>\n\n\n\n<p>Procurado, o Minist\u00e9rio da Fazenda n\u00e3o se manifestou at\u00e9 o momento sobre o tema, que n\u00e3o foi abordado na exposi\u00e7\u00e3o de motivos do PLP, diferentemente de outro \u201cjabuti\u201d (tema alheio \u00e0 proposta), que apertou o cerco \u00e0s bets. A pasta tampouco informou a estimativa de impacto dessa medida isoladamente. No total, a proposta de lei complementar tem impacto fiscal de R$ 19,8 bilh\u00f5es de aumento na arrecada\u00e7\u00e3o.<\/p>\n\n\n\n<p>Um interlocutor do governo disse ao JOTA que a medida \u00e9 correta porque na pr\u00e1tica aumenta a tributa\u00e7\u00e3o sobre a renda de quem vive de dividendos e est\u00e1 sendo subtributado no n\u00edvel das empresas. Essa fonte lembra que as companhias t\u00eam a op\u00e7\u00e3o de serem tributadas pela sistem\u00e1tica de lucro real, se considerarem que o aumento da base de c\u00e1lculo est\u00e1 elevando muito o imposto a pagar.<\/p>\n\n\n\n<p>Outra fonte afirma que, em um contexto de cria\u00e7\u00e3o de imposto m\u00ednimo de 10% sobre super ricos e tributa\u00e7\u00e3o de dividendos, haver\u00e1 aumento relevante de carga tribut\u00e1ria para setores que est\u00e3o pejotizados.<\/p>\n\n\n\n<p><strong>Chances de avan\u00e7o<\/strong><\/p>\n\n\n\n<p>Como ainda est\u00e1 muito no in\u00edcio, \u00e9 dif\u00edcil dizer se a mat\u00e9ria tem chance de prosperar. Mas \u00e9 evidente que o tema ser\u00e1 alvo de grande pol\u00eamica e \u00e9 candidato a ser o \u201cbode na sala\u201d na discuss\u00e3o do corte linear dos gastos tribut\u00e1rios.<\/p>\n\n\n\n<p>Apesar de o presidente da C\u00e2mara, Hugo Motta (Republicanos-PB), eleger esse tema como assunto priorit\u00e1rio, o corte de incentivos ter\u00e1 uma caminhada dif\u00edcil no Congresso, como a nota da CNI criticando o aumento de carga tribut\u00e1ria proposto j\u00e1 deixou claro.<\/p>\n\n\n\n<p>Por ora, de qualquer forma, a medida j\u00e1 serviu ao governo para ajudar a fechar o projeto de lei or\u00e7ament\u00e1ria, ganhando tempo para que novas alternativas de arrecada\u00e7\u00e3o possam ser encontradas at\u00e9 o fim do ano, quando a pe\u00e7a ser\u00e1 votada \u2013ou mesmo ano que vem, durante sua execu\u00e7\u00e3o.<\/p>\n\n\n\n<blockquote class=\"wp-block-quote is-layout-flow wp-block-quote-is-layout-flow\">\n<p>Source:&nbsp;<a href=\"https:\/\/www.jota.info\/tributos\/relatorio-especial\/governo-caca-polemica-ao-propor-subir-tributacao-de-empresas-do-lucro-presumido-1\">https:\/\/www.jota.info\/tributos\/relatorio-especial\/governo-caca-polemica-ao-propor-subir-tributacao-de-empresas-do-lucro-presumido-1<\/a><\/p>\n<\/blockquote>\n\n\n\n<p><\/p>","protected":false},"excerpt":{"rendered":"<p>Apesar de ver pouco espa\u00e7o para novas eleva\u00e7\u00f5es de tributos, o governo usou o projeto de lei complementar da redu\u00e7\u00e3o de benef\u00edcios fiscais para comprar briga com empresas que aderem ao lucro presumido. No PLP assinado pelo l\u00edder do governo na C\u00e2mara, Jos\u00e9 Guimar\u00e3es (PT-CE), foi inclu\u00edda a eleva\u00e7\u00e3o em 10% da base de c\u00e1lculo [&hellip;]<\/p>","protected":false},"author":8,"featured_media":1755,"comment_status":"open","ping_status":"open","sticky":false,"template":"","format":"standard","meta":{"_monsterinsights_skip_tracking":false,"_monsterinsights_sitenote_active":false,"_monsterinsights_sitenote_note":"","_monsterinsights_sitenote_category":0,"footnotes":""},"categories":[76],"tags":[594],"class_list":["post-1754","post","type-post","status-publish","format-standard","has-post-thumbnail","hentry","category-noticias","tag-joseguimaraes-irpl-csll"],"yoast_head":"<!-- This site is optimized with the Yoast SEO plugin v27.2 - https:\/\/yoast.com\/product\/yoast-seo-wordpress\/ -->\n<title>Governo ca\u00e7a pol\u00eamica ao propor subir tributa\u00e7\u00e3o de empresas do lucro presumido - Hands on Solutions<\/title>\n<meta name=\"robots\" content=\"index, follow, max-snippet:-1, max-image-preview:large, max-video-preview:-1\" \/>\n<link rel=\"canonical\" href=\"https:\/\/www.hsce.com.br\/en\/governo-caca-polemica-ao-propor-subir-tributacao-de-empresas-do-lucro-presumido\/\" \/>\n<meta property=\"og:locale\" content=\"en_US\" \/>\n<meta property=\"og:type\" content=\"article\" \/>\n<meta property=\"og:title\" content=\"Governo ca\u00e7a pol\u00eamica ao propor subir tributa\u00e7\u00e3o de empresas do lucro presumido - Hands on Solutions\" \/>\n<meta property=\"og:description\" content=\"Apesar de ver pouco espa\u00e7o para novas eleva\u00e7\u00f5es de tributos, o governo usou o projeto de lei complementar da redu\u00e7\u00e3o de benef\u00edcios fiscais para comprar briga com empresas que aderem ao lucro presumido. No PLP assinado pelo l\u00edder do governo na C\u00e2mara, Jos\u00e9 Guimar\u00e3es (PT-CE), foi inclu\u00edda a eleva\u00e7\u00e3o em 10% da base de c\u00e1lculo [&hellip;]\" \/>\n<meta property=\"og:url\" content=\"https:\/\/www.hsce.com.br\/en\/governo-caca-polemica-ao-propor-subir-tributacao-de-empresas-do-lucro-presumido\/\" \/>\n<meta property=\"og:site_name\" content=\"Hands on Solutions\" \/>\n<meta property=\"article:published_time\" content=\"2025-09-04T14:14:43+00:00\" \/>\n<meta property=\"article:modified_time\" content=\"2025-09-04T14:14:44+00:00\" \/>\n<meta property=\"og:image\" content=\"https:\/\/www.hsce.com.br\/wp-content\/uploads\/2025\/09\/lula7547-scaled.jpg\" \/>\n\t<meta property=\"og:image:width\" content=\"2560\" \/>\n\t<meta property=\"og:image:height\" content=\"1556\" \/>\n\t<meta property=\"og:image:type\" content=\"image\/jpeg\" \/>\n<meta name=\"author\" content=\"hsce\" \/>\n<meta name=\"twitter:label1\" content=\"Written by\" \/>\n\t<meta name=\"twitter:data1\" content=\"hsce\" \/>\n\t<meta name=\"twitter:label2\" content=\"Est. reading time\" \/>\n\t<meta name=\"twitter:data2\" content=\"6 minutes\" \/>\n<script type=\"application\/ld+json\" class=\"yoast-schema-graph\">{\"@context\":\"https:\/\/schema.org\",\"@graph\":[{\"@type\":\"Article\",\"@id\":\"https:\/\/www.hsce.com.br\/governo-caca-polemica-ao-propor-subir-tributacao-de-empresas-do-lucro-presumido\/#article\",\"isPartOf\":{\"@id\":\"https:\/\/www.hsce.com.br\/governo-caca-polemica-ao-propor-subir-tributacao-de-empresas-do-lucro-presumido\/\"},\"author\":{\"name\":\"hsce\",\"@id\":\"https:\/\/www.hsce.com.br\/#\/schema\/person\/ce400a0e9f66b1195f845fb1fdca8b33\"},\"headline\":\"Governo ca\u00e7a pol\u00eamica ao propor subir tributa\u00e7\u00e3o de empresas do lucro presumido\",\"datePublished\":\"2025-09-04T14:14:43+00:00\",\"dateModified\":\"2025-09-04T14:14:44+00:00\",\"mainEntityOfPage\":{\"@id\":\"https:\/\/www.hsce.com.br\/governo-caca-polemica-ao-propor-subir-tributacao-de-empresas-do-lucro-presumido\/\"},\"wordCount\":1035,\"commentCount\":0,\"publisher\":{\"@id\":\"https:\/\/www.hsce.com.br\/#organization\"},\"image\":{\"@id\":\"https:\/\/www.hsce.com.br\/governo-caca-polemica-ao-propor-subir-tributacao-de-empresas-do-lucro-presumido\/#primaryimage\"},\"thumbnailUrl\":\"https:\/\/www.hsce.com.br\/wp-content\/uploads\/2025\/09\/lula7547-scaled.jpg\",\"keywords\":[\"#Jos\u00e9Guimar\u00e3es #IRPL #CSLL\"],\"articleSection\":[\"Not\u00edcias\"],\"inLanguage\":\"en-US\",\"potentialAction\":[{\"@type\":\"CommentAction\",\"name\":\"Comment\",\"target\":[\"https:\/\/www.hsce.com.br\/governo-caca-polemica-ao-propor-subir-tributacao-de-empresas-do-lucro-presumido\/#respond\"]}]},{\"@type\":\"WebPage\",\"@id\":\"https:\/\/www.hsce.com.br\/governo-caca-polemica-ao-propor-subir-tributacao-de-empresas-do-lucro-presumido\/\",\"url\":\"https:\/\/www.hsce.com.br\/governo-caca-polemica-ao-propor-subir-tributacao-de-empresas-do-lucro-presumido\/\",\"name\":\"Governo ca\u00e7a pol\u00eamica ao propor subir tributa\u00e7\u00e3o de empresas do lucro presumido - Hands on Solutions\",\"isPartOf\":{\"@id\":\"https:\/\/www.hsce.com.br\/#website\"},\"primaryImageOfPage\":{\"@id\":\"https:\/\/www.hsce.com.br\/governo-caca-polemica-ao-propor-subir-tributacao-de-empresas-do-lucro-presumido\/#primaryimage\"},\"image\":{\"@id\":\"https:\/\/www.hsce.com.br\/governo-caca-polemica-ao-propor-subir-tributacao-de-empresas-do-lucro-presumido\/#primaryimage\"},\"thumbnailUrl\":\"https:\/\/www.hsce.com.br\/wp-content\/uploads\/2025\/09\/lula7547-scaled.jpg\",\"datePublished\":\"2025-09-04T14:14:43+00:00\",\"dateModified\":\"2025-09-04T14:14:44+00:00\",\"breadcrumb\":{\"@id\":\"https:\/\/www.hsce.com.br\/governo-caca-polemica-ao-propor-subir-tributacao-de-empresas-do-lucro-presumido\/#breadcrumb\"},\"inLanguage\":\"en-US\",\"potentialAction\":[{\"@type\":\"ReadAction\",\"target\":[\"https:\/\/www.hsce.com.br\/governo-caca-polemica-ao-propor-subir-tributacao-de-empresas-do-lucro-presumido\/\"]}]},{\"@type\":\"ImageObject\",\"inLanguage\":\"en-US\",\"@id\":\"https:\/\/www.hsce.com.br\/governo-caca-polemica-ao-propor-subir-tributacao-de-empresas-do-lucro-presumido\/#primaryimage\",\"url\":\"https:\/\/www.hsce.com.br\/wp-content\/uploads\/2025\/09\/lula7547-scaled.jpg\",\"contentUrl\":\"https:\/\/www.hsce.com.br\/wp-content\/uploads\/2025\/09\/lula7547-scaled.jpg\",\"width\":2560,\"height\":1556,\"caption\":\"Bras\u00edlia (DF), 12\/06\/2025 - Presidente da C\u00e2mara dos Deputados, Hugo Motta, durante reuni\u00e3o com l\u00edderes de partidos. ( Deputado e l\u00edder do governo, Jos\u00e9 Guimar\u00e3es e o lider do PT na C\u00e2mara, Deputado Lindbergh Farias, durante coletiva ap\u00f3s reuni\u00e3o de l\u00edderes). Foto: Lula Marques\/Ag\u00eancia Brasil\"},{\"@type\":\"BreadcrumbList\",\"@id\":\"https:\/\/www.hsce.com.br\/governo-caca-polemica-ao-propor-subir-tributacao-de-empresas-do-lucro-presumido\/#breadcrumb\",\"itemListElement\":[{\"@type\":\"ListItem\",\"position\":1,\"name\":\"In\u00edcio\",\"item\":\"https:\/\/www.hsce.com.br\/\"},{\"@type\":\"ListItem\",\"position\":2,\"name\":\"Governo ca\u00e7a pol\u00eamica ao propor subir tributa\u00e7\u00e3o de empresas do lucro presumido\"}]},{\"@type\":\"WebSite\",\"@id\":\"https:\/\/www.hsce.com.br\/#website\",\"url\":\"https:\/\/www.hsce.com.br\/\",\"name\":\"Hands on Solutions\",\"description\":\"\",\"publisher\":{\"@id\":\"https:\/\/www.hsce.com.br\/#organization\"},\"potentialAction\":[{\"@type\":\"SearchAction\",\"target\":{\"@type\":\"EntryPoint\",\"urlTemplate\":\"https:\/\/www.hsce.com.br\/?s={search_term_string}\"},\"query-input\":{\"@type\":\"PropertyValueSpecification\",\"valueRequired\":true,\"valueName\":\"search_term_string\"}}],\"inLanguage\":\"en-US\"},{\"@type\":\"Organization\",\"@id\":\"https:\/\/www.hsce.com.br\/#organization\",\"name\":\"Hands on Solutions\",\"url\":\"https:\/\/www.hsce.com.br\/\",\"logo\":{\"@type\":\"ImageObject\",\"inLanguage\":\"en-US\",\"@id\":\"https:\/\/www.hsce.com.br\/#\/schema\/logo\/image\/\",\"url\":\"https:\/\/www.hsce.com.br\/wp-content\/uploads\/2015\/09\/handson.png\",\"contentUrl\":\"https:\/\/www.hsce.com.br\/wp-content\/uploads\/2015\/09\/handson.png\",\"width\":230,\"height\":68,\"caption\":\"Hands on Solutions\"},\"image\":{\"@id\":\"https:\/\/www.hsce.com.br\/#\/schema\/logo\/image\/\"},\"sameAs\":[\"https:\/\/www.linkedin.com\/company\/hsce-ltda?trk=company_logo\"]},{\"@type\":\"Person\",\"@id\":\"https:\/\/www.hsce.com.br\/#\/schema\/person\/ce400a0e9f66b1195f845fb1fdca8b33\",\"name\":\"hsce\",\"image\":{\"@type\":\"ImageObject\",\"inLanguage\":\"en-US\",\"@id\":\"https:\/\/secure.gravatar.com\/avatar\/5cfe77ad71593df19912d9dffea7f5a8f3b3f45feff1ac302d60b22d3629b491?s=96&d=mm&r=g\",\"url\":\"https:\/\/secure.gravatar.com\/avatar\/5cfe77ad71593df19912d9dffea7f5a8f3b3f45feff1ac302d60b22d3629b491?s=96&d=mm&r=g\",\"contentUrl\":\"https:\/\/secure.gravatar.com\/avatar\/5cfe77ad71593df19912d9dffea7f5a8f3b3f45feff1ac302d60b22d3629b491?s=96&d=mm&r=g\",\"caption\":\"hsce\"},\"url\":\"https:\/\/www.hsce.com.br\/en\/author\/hsce\/\"}]}<\/script>\n<!-- \/ Yoast SEO plugin. -->","yoast_head_json":{"title":"Governo ca\u00e7a pol\u00eamica ao propor subir tributa\u00e7\u00e3o de empresas do lucro presumido - Hands on Solutions","robots":{"index":"index","follow":"follow","max-snippet":"max-snippet:-1","max-image-preview":"max-image-preview:large","max-video-preview":"max-video-preview:-1"},"canonical":"https:\/\/www.hsce.com.br\/en\/governo-caca-polemica-ao-propor-subir-tributacao-de-empresas-do-lucro-presumido\/","og_locale":"en_US","og_type":"article","og_title":"Governo ca\u00e7a pol\u00eamica ao propor subir tributa\u00e7\u00e3o de empresas do lucro presumido - Hands on Solutions","og_description":"Apesar de ver pouco espa\u00e7o para novas eleva\u00e7\u00f5es de tributos, o governo usou o projeto de lei complementar da redu\u00e7\u00e3o de benef\u00edcios fiscais para comprar briga com empresas que aderem ao lucro presumido. No PLP assinado pelo l\u00edder do governo na C\u00e2mara, Jos\u00e9 Guimar\u00e3es (PT-CE), foi inclu\u00edda a eleva\u00e7\u00e3o em 10% da base de c\u00e1lculo [&hellip;]","og_url":"https:\/\/www.hsce.com.br\/en\/governo-caca-polemica-ao-propor-subir-tributacao-de-empresas-do-lucro-presumido\/","og_site_name":"Hands on Solutions","article_published_time":"2025-09-04T14:14:43+00:00","article_modified_time":"2025-09-04T14:14:44+00:00","og_image":[{"width":2560,"height":1556,"url":"https:\/\/www.hsce.com.br\/wp-content\/uploads\/2025\/09\/lula7547-scaled.jpg","type":"image\/jpeg"}],"author":"hsce","twitter_misc":{"Written by":"hsce","Est. reading time":"6 minutes"},"schema":{"@context":"https:\/\/schema.org","@graph":[{"@type":"Article","@id":"https:\/\/www.hsce.com.br\/governo-caca-polemica-ao-propor-subir-tributacao-de-empresas-do-lucro-presumido\/#article","isPartOf":{"@id":"https:\/\/www.hsce.com.br\/governo-caca-polemica-ao-propor-subir-tributacao-de-empresas-do-lucro-presumido\/"},"author":{"name":"hsce","@id":"https:\/\/www.hsce.com.br\/#\/schema\/person\/ce400a0e9f66b1195f845fb1fdca8b33"},"headline":"Governo ca\u00e7a pol\u00eamica ao propor subir tributa\u00e7\u00e3o de empresas do lucro presumido","datePublished":"2025-09-04T14:14:43+00:00","dateModified":"2025-09-04T14:14:44+00:00","mainEntityOfPage":{"@id":"https:\/\/www.hsce.com.br\/governo-caca-polemica-ao-propor-subir-tributacao-de-empresas-do-lucro-presumido\/"},"wordCount":1035,"commentCount":0,"publisher":{"@id":"https:\/\/www.hsce.com.br\/#organization"},"image":{"@id":"https:\/\/www.hsce.com.br\/governo-caca-polemica-ao-propor-subir-tributacao-de-empresas-do-lucro-presumido\/#primaryimage"},"thumbnailUrl":"https:\/\/www.hsce.com.br\/wp-content\/uploads\/2025\/09\/lula7547-scaled.jpg","keywords":["#Jos\u00e9Guimar\u00e3es #IRPL #CSLL"],"articleSection":["Not\u00edcias"],"inLanguage":"en-US","potentialAction":[{"@type":"CommentAction","name":"Comment","target":["https:\/\/www.hsce.com.br\/governo-caca-polemica-ao-propor-subir-tributacao-de-empresas-do-lucro-presumido\/#respond"]}]},{"@type":"WebPage","@id":"https:\/\/www.hsce.com.br\/governo-caca-polemica-ao-propor-subir-tributacao-de-empresas-do-lucro-presumido\/","url":"https:\/\/www.hsce.com.br\/governo-caca-polemica-ao-propor-subir-tributacao-de-empresas-do-lucro-presumido\/","name":"Governo ca\u00e7a pol\u00eamica ao propor subir tributa\u00e7\u00e3o de empresas do lucro presumido - Hands on Solutions","isPartOf":{"@id":"https:\/\/www.hsce.com.br\/#website"},"primaryImageOfPage":{"@id":"https:\/\/www.hsce.com.br\/governo-caca-polemica-ao-propor-subir-tributacao-de-empresas-do-lucro-presumido\/#primaryimage"},"image":{"@id":"https:\/\/www.hsce.com.br\/governo-caca-polemica-ao-propor-subir-tributacao-de-empresas-do-lucro-presumido\/#primaryimage"},"thumbnailUrl":"https:\/\/www.hsce.com.br\/wp-content\/uploads\/2025\/09\/lula7547-scaled.jpg","datePublished":"2025-09-04T14:14:43+00:00","dateModified":"2025-09-04T14:14:44+00:00","breadcrumb":{"@id":"https:\/\/www.hsce.com.br\/governo-caca-polemica-ao-propor-subir-tributacao-de-empresas-do-lucro-presumido\/#breadcrumb"},"inLanguage":"en-US","potentialAction":[{"@type":"ReadAction","target":["https:\/\/www.hsce.com.br\/governo-caca-polemica-ao-propor-subir-tributacao-de-empresas-do-lucro-presumido\/"]}]},{"@type":"ImageObject","inLanguage":"en-US","@id":"https:\/\/www.hsce.com.br\/governo-caca-polemica-ao-propor-subir-tributacao-de-empresas-do-lucro-presumido\/#primaryimage","url":"https:\/\/www.hsce.com.br\/wp-content\/uploads\/2025\/09\/lula7547-scaled.jpg","contentUrl":"https:\/\/www.hsce.com.br\/wp-content\/uploads\/2025\/09\/lula7547-scaled.jpg","width":2560,"height":1556,"caption":"Bras\u00edlia (DF), 12\/06\/2025 - Presidente da C\u00e2mara dos Deputados, Hugo Motta, durante reuni\u00e3o com l\u00edderes de partidos. ( Deputado e l\u00edder do governo, Jos\u00e9 Guimar\u00e3es e o lider do PT na C\u00e2mara, Deputado Lindbergh Farias, durante coletiva ap\u00f3s reuni\u00e3o de l\u00edderes). Foto: Lula Marques\/Ag\u00eancia Brasil"},{"@type":"BreadcrumbList","@id":"https:\/\/www.hsce.com.br\/governo-caca-polemica-ao-propor-subir-tributacao-de-empresas-do-lucro-presumido\/#breadcrumb","itemListElement":[{"@type":"ListItem","position":1,"name":"In\u00edcio","item":"https:\/\/www.hsce.com.br\/"},{"@type":"ListItem","position":2,"name":"Governo ca\u00e7a pol\u00eamica ao propor subir tributa\u00e7\u00e3o de empresas do lucro presumido"}]},{"@type":"WebSite","@id":"https:\/\/www.hsce.com.br\/#website","url":"https:\/\/www.hsce.com.br\/","name":"Hands on Solutions","description":"","publisher":{"@id":"https:\/\/www.hsce.com.br\/#organization"},"potentialAction":[{"@type":"SearchAction","target":{"@type":"EntryPoint","urlTemplate":"https:\/\/www.hsce.com.br\/?s={search_term_string}"},"query-input":{"@type":"PropertyValueSpecification","valueRequired":true,"valueName":"search_term_string"}}],"inLanguage":"en-US"},{"@type":"Organization","@id":"https:\/\/www.hsce.com.br\/#organization","name":"Hands on Solutions","url":"https:\/\/www.hsce.com.br\/","logo":{"@type":"ImageObject","inLanguage":"en-US","@id":"https:\/\/www.hsce.com.br\/#\/schema\/logo\/image\/","url":"https:\/\/www.hsce.com.br\/wp-content\/uploads\/2015\/09\/handson.png","contentUrl":"https:\/\/www.hsce.com.br\/wp-content\/uploads\/2015\/09\/handson.png","width":230,"height":68,"caption":"Hands on Solutions"},"image":{"@id":"https:\/\/www.hsce.com.br\/#\/schema\/logo\/image\/"},"sameAs":["https:\/\/www.linkedin.com\/company\/hsce-ltda?trk=company_logo"]},{"@type":"Person","@id":"https:\/\/www.hsce.com.br\/#\/schema\/person\/ce400a0e9f66b1195f845fb1fdca8b33","name":"hsce","image":{"@type":"ImageObject","inLanguage":"en-US","@id":"https:\/\/secure.gravatar.com\/avatar\/5cfe77ad71593df19912d9dffea7f5a8f3b3f45feff1ac302d60b22d3629b491?s=96&d=mm&r=g","url":"https:\/\/secure.gravatar.com\/avatar\/5cfe77ad71593df19912d9dffea7f5a8f3b3f45feff1ac302d60b22d3629b491?s=96&d=mm&r=g","contentUrl":"https:\/\/secure.gravatar.com\/avatar\/5cfe77ad71593df19912d9dffea7f5a8f3b3f45feff1ac302d60b22d3629b491?s=96&d=mm&r=g","caption":"hsce"},"url":"https:\/\/www.hsce.com.br\/en\/author\/hsce\/"}]}},"_links":{"self":[{"href":"https:\/\/www.hsce.com.br\/en\/wp-json\/wp\/v2\/posts\/1754","targetHints":{"allow":["GET"]}}],"collection":[{"href":"https:\/\/www.hsce.com.br\/en\/wp-json\/wp\/v2\/posts"}],"about":[{"href":"https:\/\/www.hsce.com.br\/en\/wp-json\/wp\/v2\/types\/post"}],"author":[{"embeddable":true,"href":"https:\/\/www.hsce.com.br\/en\/wp-json\/wp\/v2\/users\/8"}],"replies":[{"embeddable":true,"href":"https:\/\/www.hsce.com.br\/en\/wp-json\/wp\/v2\/comments?post=1754"}],"version-history":[{"count":1,"href":"https:\/\/www.hsce.com.br\/en\/wp-json\/wp\/v2\/posts\/1754\/revisions"}],"predecessor-version":[{"id":1756,"href":"https:\/\/www.hsce.com.br\/en\/wp-json\/wp\/v2\/posts\/1754\/revisions\/1756"}],"wp:featuredmedia":[{"embeddable":true,"href":"https:\/\/www.hsce.com.br\/en\/wp-json\/wp\/v2\/media\/1755"}],"wp:attachment":[{"href":"https:\/\/www.hsce.com.br\/en\/wp-json\/wp\/v2\/media?parent=1754"}],"wp:term":[{"taxonomy":"category","embeddable":true,"href":"https:\/\/www.hsce.com.br\/en\/wp-json\/wp\/v2\/categories?post=1754"},{"taxonomy":"post_tag","embeddable":true,"href":"https:\/\/www.hsce.com.br\/en\/wp-json\/wp\/v2\/tags?post=1754"}],"curies":[{"name":"wp","href":"https:\/\/api.w.org\/{rel}","templated":true}]}}