{"id":1750,"date":"2025-08-27T13:45:56","date_gmt":"2025-08-27T13:45:56","guid":{"rendered":"http:\/\/www.hsce.com.br\/?p=1750"},"modified":"2025-08-27T13:45:57","modified_gmt":"2025-08-27T13:45:57","slug":"reforma-tributaria-governos-devem-incluir-ibs-e-cbs-no-icms-iss-e-ipi","status":"publish","type":"post","link":"https:\/\/www.hsce.com.br\/en\/reforma-tributaria-governos-devem-incluir-ibs-e-cbs-no-icms-iss-e-ipi\/","title":{"rendered":"Reforma tribut\u00e1ria: governos devem incluir IBS e CBS no ICMS, ISS e IPI"},"content":{"rendered":"<p>Com o in\u00edcio da transi\u00e7\u00e3o da reforma tribut\u00e1ria, a inclus\u00e3o do IBS e da CBS na base de c\u00e1lculo do ISS, do ICMS e do IPI \u00e9 dada como certa pelos entes federativos e apresenta um debate fadado \u00e0 judicializa\u00e7\u00e3o durante e ap\u00f3s a transi\u00e7\u00e3o para o novo sistema. Fontes das tr\u00eas esferas de governo ouvidas pelo JOTA confirmaram que interpretam que o sil\u00eancio sobre o tema na Emenda Constitucional 132\/2023, que implementou a reforma, e na Lei Complementar 214\/2025, que regulamenta os novos tributos, autoriza a tributa\u00e7\u00e3o.<\/p>\n\n\n\n<p>Al\u00e9m disso, para os entes federativos, afastar essa cobran\u00e7a seria uma \u201canomalia\u201d contr\u00e1ria \u00e0 proposta de carga tribut\u00e1ria neutra, uma vez que no sistema atual h\u00e1 v\u00e1rias hip\u00f3teses de incid\u00eancia de tributo sobre tributo. Haveria, assim, uma perda de arrecada\u00e7\u00e3o na compara\u00e7\u00e3o com o sistema atual. Por outro lado, juristas alegam que a \u201ctributa\u00e7\u00e3o em cascata\u201d feriria os princ\u00edpios do novo sistema tribut\u00e1rio, em especial a simplicidade e a transpar\u00eancia, e que a judicializa\u00e7\u00e3o ser\u00e1 um caminho inevit\u00e1vel.<\/p>\n\n\n\n<p><strong>Texto original vedava inclus\u00e3o do IBS\/CBS no ICMS, ISS e IPI<\/strong><\/p>\n\n\n\n<p>O advogado Pedro Grillo, do escrit\u00f3rio Brigag\u00e3o, Duque Estrada, explica que, inicialmente, havia previs\u00e3o na PEC 45\/2019, uma das origens da EC 132\/2023, que vedava a inclus\u00e3o dos novos tributos na base de c\u00e1lculo do ICMS e do ISS.<\/p>\n\n\n\n<p>A previs\u00e3o foi suprimida, e n\u00e3o apenas a EC 132\/2023 como a LC 214\/2025 s\u00e3o silentes sobre o assunto e tamb\u00e9m sobre a inclus\u00e3o dos novos tributos na base de c\u00e1lculo do IPI. \u201cFoi mantida apenas a veda\u00e7\u00e3o quanto \u00e0 inclus\u00e3o do IBS e da CBS em suas pr\u00f3prias bases e nas bases do Imposto Seletivo, do PIS e da Cofins\u201d, afirma Grillo.<\/p>\n\n\n\n<p>A lacuna acendeu um alerta e levou \u00e0 proposi\u00e7\u00e3o, no Congresso Nacional, do PLP 16\/2025. O projeto busca justamente garantir que o IBS e a CBS sejam exclu\u00eddos da base de c\u00e1lculo do ICMS, do IPI e do ISS. No entanto, ainda n\u00e3o h\u00e1 perspectiva para a sua aprova\u00e7\u00e3o.<\/p>\n\n\n\n<p><strong>Entes devem incluir IBS e CBS na base dos antigos tributos<\/strong><\/p>\n\n\n\n<p>Fontes das tr\u00eas esferas da federa\u00e7\u00e3o confirmaram ao JOTA que a tend\u00eancia \u00e9 de incluir IBS e a CBS na base de c\u00e1lculo do ICMS, do ISS e do IPI. Uma fonte do governo federal disse que, uma vez que a EC 132\/2023 n\u00e3o determina expressamente a exclus\u00e3o, ela interpreta que os novos tributos da reforma tribut\u00e1ria comp\u00f5em, sim, a base de c\u00e1lculo ICMS e do ISS, durante a transi\u00e7\u00e3o da reforma tribut\u00e1ria, e do IPI, durante e ap\u00f3s a transi\u00e7\u00e3o.<\/p>\n\n\n\n<p>O diretor institucional do Comit\u00ea Nacional de Secret\u00e1rios de Fazenda, Finan\u00e7as, Receita ou Tributa\u00e7\u00e3o dos Estados e do Distrito Federal (Comsefaz), Andr\u00e9 Horta, ressalta que a reforma tribut\u00e1ria garante \u201ca transi\u00e7\u00e3o neutra em termos de arrecada\u00e7\u00e3o dos tributos reformados\u201d. \u201cIntentar alguma manobra de texto de redu\u00e7\u00e3o de recurso p\u00fablico de estados e munic\u00edpios nesta altura das discuss\u00f5es seria supor a pr\u00f3pria sabotagem dos princ\u00edpios e do esfor\u00e7o da reforma\u201d, diz o diretor institucional.<\/p>\n\n\n\n<p>Em nota, a Frente Nacional de Prefeitas e Prefeitos (FNP) afirma que excluir o IBS e a CBS da base de c\u00e1lculo dos tributos antigos \u201clevaria a uma eros\u00e3o imediata das receitas subnacionais\u201d. A entidade calcula que, apenas com o ISS, a perda em arrecada\u00e7\u00e3o seria de 10,8% em 2029 e cresceria progressivamente at\u00e9 atingir 16,2% em 2032. A frente ressalta que essa redu\u00e7\u00e3o n\u00e3o possui um mecanismo de compensa\u00e7\u00e3o previsto e que a altera\u00e7\u00e3o \u201cresultaria em perdas l\u00edquidas e irrevers\u00edveis para os entes subnacionais\u201d. \u201cA consequ\u00eancia disso \u00e9 clara: redu\u00e7\u00e3o da capacidade de estados e munic\u00edpios de financiar servi\u00e7os p\u00fablicos essenciais, como sa\u00fade, educa\u00e7\u00e3o e seguran\u00e7a p\u00fablica\u201d, diz.<\/p>\n\n\n\n<p><strong>Efeito cascata de IBS\/CBS no ISS\/ICMS e IPI<\/strong><\/p>\n\n\n\n<p>Para Pedro Grillo, a cobran\u00e7a de tributo sobre tributo vai na contram\u00e3o do prop\u00f3sito declarado da reforma, de n\u00e3o cumulatividade, simplicidade e transpar\u00eancia. \u201cQuando olhamos para a finalidade da EC 132\/2023, que inseriu esses princ\u00edpios para guiar a tributa\u00e7\u00e3o, vemos que incluir tributos na base de c\u00e1lculo de outros n\u00e3o \u00e9 nada simples e tamb\u00e9m n\u00e3o traz transpar\u00eancia. \u00c9 o que se chama de ilusionismo fiscal\u201d, afirma.<\/p>\n\n\n\n<p>Ana Helena Souza, advogada da \u00e1rea tribut\u00e1ria do Gaia Silva Gaede Advogados, afirma ainda que a cobran\u00e7a em cascata vai em sentido oposto ao objetivo de neutralidade da reforma tribut\u00e1ria e de redu\u00e7\u00e3o das distor\u00e7\u00f5es econ\u00f4micas. Pelo princ\u00edpio da neutralidade, o sistema tribut\u00e1rio n\u00e3o deve interferir nas decis\u00f5es dos agentes econ\u00f4micos. \u201cTributar quando n\u00e3o h\u00e1 autoriza\u00e7\u00e3o expressa n\u00e3o atende a esses princ\u00edpios, pois isso alimenta um ciclo de \u2018efeito cascata\u2019\u201d, analisa Souza.<\/p>\n\n\n\n<p>A tributarista enxerga um aumento da litigiosidade dos moldes da \u201ctese do s\u00e9culo\u201d (Tema 69), por meio da qual o Supremo Tribunal Federal (STF) excluiu o ICMS da base de c\u00e1lculo do PIS e da Cofins. Souza destaca que o IBS e a CBS n\u00e3o comp\u00f5em o valor da opera\u00e7\u00e3o, que \u00e9, por defini\u00e7\u00e3o, a base de c\u00e1lculo do ICMS e do IPI, por exemplo. O problema \u00e9 que, mesmo ap\u00f3s esse julgamento, em 2017, a Corte decidiu outros casos envolvendo tributos sobre tributos de modo distinto. Em 30 de maio de 2025, por exemplo, o Supremo validou a inclus\u00e3o do PIS e da Cofins na base de c\u00e1lculo da Contribui\u00e7\u00e3o Previdenci\u00e1ria sobre a Receita Bruta (CPRB) .<\/p>\n\n\n\n<p>A advogada Nina Pencak, do Mannrich e Vasconcelos, tamb\u00e9m considera que os princ\u00edpios da simplicidade e da transpar\u00eancia podem servir como fundamento para questionar judicialmente a incid\u00eancia de tributo sobre tributo. Pencak ressalta que a discuss\u00e3o n\u00e3o \u00e9 nova e que, agora, o Judici\u00e1rio pode entender a reforma tribut\u00e1ria como uma forma de \u201cestancar esses debates, uma vez que o ideal seria a simplifica\u00e7\u00e3o do sistema\u201d.<\/p>\n\n\n\n<p><strong>Tributa\u00e7\u00e3o gera volume substancial de contencioso, diz CCiF<\/strong><\/p>\n\n\n\n<p>Em nota t\u00e9cnica, o Centro de Cidadania Fiscal (CCiF), que elaborou a proposta inicial da PEC 45\/2019, afirma que a inclus\u00e3o do IBS e da CBS na base de c\u00e1lculo do ICMS e do ISS tem o potencial de gerar \u201cum volume substancial de contencioso administrativo e tribut\u00e1rio\u201d. Para o CCiF, que tamb\u00e9m cita o caso da \u201ctese do s\u00e9culo\u201d, isso aumentaria, consequentemente, a inseguran\u00e7a jur\u00eddica e a instabilidade do sistema tribut\u00e1rio.<\/p>\n\n\n\n<p>Como efeitos negativos para a economia, o CCiF argumenta que a inclus\u00e3o dos novos tributos na base dos antigos gera efeito cascata e res\u00edduo tribut\u00e1rio, \u201co que aumenta indevidamente a carga tribut\u00e1ria efetiva da cadeia produtiva e encarece o valor dos bens e servi\u00e7os de forma artificial, comprometendo a neutralidade\u201d. Al\u00e9m disso, dificulta a apura\u00e7\u00e3o dos tributos, aumenta o custo de conformidade dos contribuintes e dificulta a fiscaliza\u00e7\u00e3o por parte da administra\u00e7\u00e3o tribut\u00e1ria, entre outros problemas.<\/p>\n\n\n\n<blockquote class=\"wp-block-quote is-layout-flow wp-block-quote-is-layout-flow\">\n<p>Source:&nbsp;<a href=\"https:\/\/www.jota.info\/tributos\/relatorio-especial\/reforma-tributaria-governos-devem-incluir-ibs-e-cbs-no-icms-iss-e-ipi\">https:\/\/www.jota.info\/tributos\/relatorio-especial\/reforma-tributaria-governos-devem-incluir-ibs-e-cbs-no-icms-iss-e-ipi<\/a><\/p>\n<\/blockquote>","protected":false},"excerpt":{"rendered":"<p>Com o in\u00edcio da transi\u00e7\u00e3o da reforma tribut\u00e1ria, a inclus\u00e3o do IBS e da CBS na base de c\u00e1lculo do ISS, do ICMS e do IPI \u00e9 dada como certa pelos entes federativos e apresenta um debate fadado \u00e0 judicializa\u00e7\u00e3o durante e ap\u00f3s a transi\u00e7\u00e3o para o novo sistema. Fontes das tr\u00eas esferas de governo [&hellip;]<\/p>","protected":false},"author":8,"featured_media":1751,"comment_status":"open","ping_status":"open","sticky":false,"template":"","format":"standard","meta":{"_monsterinsights_skip_tracking":false,"_monsterinsights_sitenote_active":false,"_monsterinsights_sitenote_note":"","_monsterinsights_sitenote_category":0,"footnotes":""},"categories":[76],"tags":[532,533,102,131,96,530],"class_list":["post-1750","post","type-post","status-publish","format-standard","has-post-thumbnail","hentry","category-noticias","tag-cbs","tag-ibs","tag-icms-2","tag-ipi","tag-iss","tag-reformatributaria-2"],"yoast_head":"<!-- This site is optimized with the Yoast SEO plugin v27.2 - https:\/\/yoast.com\/product\/yoast-seo-wordpress\/ -->\n<title>Reforma tribut\u00e1ria: governos devem incluir IBS e CBS no ICMS, ISS e IPI - Hands on Solutions<\/title>\n<meta name=\"robots\" content=\"index, follow, max-snippet:-1, max-image-preview:large, max-video-preview:-1\" \/>\n<link rel=\"canonical\" href=\"https:\/\/www.hsce.com.br\/en\/reforma-tributaria-governos-devem-incluir-ibs-e-cbs-no-icms-iss-e-ipi\/\" \/>\n<meta property=\"og:locale\" content=\"en_US\" \/>\n<meta property=\"og:type\" content=\"article\" \/>\n<meta property=\"og:title\" content=\"Reforma tribut\u00e1ria: governos devem incluir IBS e CBS no ICMS, ISS e IPI - Hands on Solutions\" \/>\n<meta property=\"og:description\" content=\"Com o in\u00edcio da transi\u00e7\u00e3o da reforma tribut\u00e1ria, a inclus\u00e3o do IBS e da CBS na base de c\u00e1lculo do ISS, do ICMS e do IPI \u00e9 dada como certa pelos entes federativos e apresenta um debate fadado \u00e0 judicializa\u00e7\u00e3o durante e ap\u00f3s a transi\u00e7\u00e3o para o novo sistema. Fontes das tr\u00eas esferas de governo [&hellip;]\" \/>\n<meta property=\"og:url\" content=\"https:\/\/www.hsce.com.br\/en\/reforma-tributaria-governos-devem-incluir-ibs-e-cbs-no-icms-iss-e-ipi\/\" \/>\n<meta property=\"og:site_name\" content=\"Hands on Solutions\" \/>\n<meta property=\"article:published_time\" content=\"2025-08-27T13:45:56+00:00\" \/>\n<meta property=\"article:modified_time\" content=\"2025-08-27T13:45:57+00:00\" \/>\n<meta property=\"og:image\" content=\"https:\/\/www.hsce.com.br\/wp-content\/uploads\/2025\/08\/0d9a8747_1-scaled.jpg\" \/>\n\t<meta property=\"og:image:width\" content=\"2560\" \/>\n\t<meta property=\"og:image:height\" content=\"1707\" \/>\n\t<meta property=\"og:image:type\" content=\"image\/jpeg\" \/>\n<meta name=\"author\" content=\"hsce\" \/>\n<meta name=\"twitter:label1\" content=\"Written by\" \/>\n\t<meta name=\"twitter:data1\" content=\"hsce\" \/>\n\t<meta name=\"twitter:label2\" content=\"Est. reading time\" \/>\n\t<meta name=\"twitter:data2\" content=\"7 minutes\" \/>\n<script type=\"application\/ld+json\" class=\"yoast-schema-graph\">{\"@context\":\"https:\/\/schema.org\",\"@graph\":[{\"@type\":\"Article\",\"@id\":\"https:\/\/www.hsce.com.br\/reforma-tributaria-governos-devem-incluir-ibs-e-cbs-no-icms-iss-e-ipi\/#article\",\"isPartOf\":{\"@id\":\"https:\/\/www.hsce.com.br\/reforma-tributaria-governos-devem-incluir-ibs-e-cbs-no-icms-iss-e-ipi\/\"},\"author\":{\"name\":\"hsce\",\"@id\":\"https:\/\/www.hsce.com.br\/#\/schema\/person\/ce400a0e9f66b1195f845fb1fdca8b33\"},\"headline\":\"Reforma tribut\u00e1ria: governos devem incluir IBS e CBS no ICMS, ISS e IPI\",\"datePublished\":\"2025-08-27T13:45:56+00:00\",\"dateModified\":\"2025-08-27T13:45:57+00:00\",\"mainEntityOfPage\":{\"@id\":\"https:\/\/www.hsce.com.br\/reforma-tributaria-governos-devem-incluir-ibs-e-cbs-no-icms-iss-e-ipi\/\"},\"wordCount\":1242,\"commentCount\":0,\"publisher\":{\"@id\":\"https:\/\/www.hsce.com.br\/#organization\"},\"image\":{\"@id\":\"https:\/\/www.hsce.com.br\/reforma-tributaria-governos-devem-incluir-ibs-e-cbs-no-icms-iss-e-ipi\/#primaryimage\"},\"thumbnailUrl\":\"https:\/\/www.hsce.com.br\/wp-content\/uploads\/2025\/08\/0d9a8747_1-scaled.jpg\",\"keywords\":[\"#CBS\",\"#IBS\",\"#ICMS\",\"#IPI\",\"#ISS\",\"#reformatribut\u00e1ria\"],\"articleSection\":[\"Not\u00edcias\"],\"inLanguage\":\"en-US\",\"potentialAction\":[{\"@type\":\"CommentAction\",\"name\":\"Comment\",\"target\":[\"https:\/\/www.hsce.com.br\/reforma-tributaria-governos-devem-incluir-ibs-e-cbs-no-icms-iss-e-ipi\/#respond\"]}]},{\"@type\":\"WebPage\",\"@id\":\"https:\/\/www.hsce.com.br\/reforma-tributaria-governos-devem-incluir-ibs-e-cbs-no-icms-iss-e-ipi\/\",\"url\":\"https:\/\/www.hsce.com.br\/reforma-tributaria-governos-devem-incluir-ibs-e-cbs-no-icms-iss-e-ipi\/\",\"name\":\"Reforma tribut\u00e1ria: governos devem incluir IBS e CBS no ICMS, ISS e IPI - Hands on Solutions\",\"isPartOf\":{\"@id\":\"https:\/\/www.hsce.com.br\/#website\"},\"primaryImageOfPage\":{\"@id\":\"https:\/\/www.hsce.com.br\/reforma-tributaria-governos-devem-incluir-ibs-e-cbs-no-icms-iss-e-ipi\/#primaryimage\"},\"image\":{\"@id\":\"https:\/\/www.hsce.com.br\/reforma-tributaria-governos-devem-incluir-ibs-e-cbs-no-icms-iss-e-ipi\/#primaryimage\"},\"thumbnailUrl\":\"https:\/\/www.hsce.com.br\/wp-content\/uploads\/2025\/08\/0d9a8747_1-scaled.jpg\",\"datePublished\":\"2025-08-27T13:45:56+00:00\",\"dateModified\":\"2025-08-27T13:45:57+00:00\",\"breadcrumb\":{\"@id\":\"https:\/\/www.hsce.com.br\/reforma-tributaria-governos-devem-incluir-ibs-e-cbs-no-icms-iss-e-ipi\/#breadcrumb\"},\"inLanguage\":\"en-US\",\"potentialAction\":[{\"@type\":\"ReadAction\",\"target\":[\"https:\/\/www.hsce.com.br\/reforma-tributaria-governos-devem-incluir-ibs-e-cbs-no-icms-iss-e-ipi\/\"]}]},{\"@type\":\"ImageObject\",\"inLanguage\":\"en-US\",\"@id\":\"https:\/\/www.hsce.com.br\/reforma-tributaria-governos-devem-incluir-ibs-e-cbs-no-icms-iss-e-ipi\/#primaryimage\",\"url\":\"https:\/\/www.hsce.com.br\/wp-content\/uploads\/2025\/08\/0d9a8747_1-scaled.jpg\",\"contentUrl\":\"https:\/\/www.hsce.com.br\/wp-content\/uploads\/2025\/08\/0d9a8747_1-scaled.jpg\",\"width\":2560,\"height\":1707,\"caption\":\"Bras\u00edlia (DF) 13\/08\/2025 - O ministro da Fazenda, Fernando Haddad, durante assinatura da medida provis\u00f3ria (MP) Brasil Soberano., no Pal\u00e1cio do Planalto Foto: CanalGov\/Reprodu\u00e7\u00e3o\"},{\"@type\":\"BreadcrumbList\",\"@id\":\"https:\/\/www.hsce.com.br\/reforma-tributaria-governos-devem-incluir-ibs-e-cbs-no-icms-iss-e-ipi\/#breadcrumb\",\"itemListElement\":[{\"@type\":\"ListItem\",\"position\":1,\"name\":\"In\u00edcio\",\"item\":\"https:\/\/www.hsce.com.br\/\"},{\"@type\":\"ListItem\",\"position\":2,\"name\":\"Reforma tribut\u00e1ria: governos devem incluir IBS e CBS no ICMS, ISS e IPI\"}]},{\"@type\":\"WebSite\",\"@id\":\"https:\/\/www.hsce.com.br\/#website\",\"url\":\"https:\/\/www.hsce.com.br\/\",\"name\":\"Hands on Solutions\",\"description\":\"\",\"publisher\":{\"@id\":\"https:\/\/www.hsce.com.br\/#organization\"},\"potentialAction\":[{\"@type\":\"SearchAction\",\"target\":{\"@type\":\"EntryPoint\",\"urlTemplate\":\"https:\/\/www.hsce.com.br\/?s={search_term_string}\"},\"query-input\":{\"@type\":\"PropertyValueSpecification\",\"valueRequired\":true,\"valueName\":\"search_term_string\"}}],\"inLanguage\":\"en-US\"},{\"@type\":\"Organization\",\"@id\":\"https:\/\/www.hsce.com.br\/#organization\",\"name\":\"Hands on Solutions\",\"url\":\"https:\/\/www.hsce.com.br\/\",\"logo\":{\"@type\":\"ImageObject\",\"inLanguage\":\"en-US\",\"@id\":\"https:\/\/www.hsce.com.br\/#\/schema\/logo\/image\/\",\"url\":\"https:\/\/www.hsce.com.br\/wp-content\/uploads\/2015\/09\/handson.png\",\"contentUrl\":\"https:\/\/www.hsce.com.br\/wp-content\/uploads\/2015\/09\/handson.png\",\"width\":230,\"height\":68,\"caption\":\"Hands on Solutions\"},\"image\":{\"@id\":\"https:\/\/www.hsce.com.br\/#\/schema\/logo\/image\/\"},\"sameAs\":[\"https:\/\/www.linkedin.com\/company\/hsce-ltda?trk=company_logo\"]},{\"@type\":\"Person\",\"@id\":\"https:\/\/www.hsce.com.br\/#\/schema\/person\/ce400a0e9f66b1195f845fb1fdca8b33\",\"name\":\"hsce\",\"image\":{\"@type\":\"ImageObject\",\"inLanguage\":\"en-US\",\"@id\":\"https:\/\/secure.gravatar.com\/avatar\/5cfe77ad71593df19912d9dffea7f5a8f3b3f45feff1ac302d60b22d3629b491?s=96&d=mm&r=g\",\"url\":\"https:\/\/secure.gravatar.com\/avatar\/5cfe77ad71593df19912d9dffea7f5a8f3b3f45feff1ac302d60b22d3629b491?s=96&d=mm&r=g\",\"contentUrl\":\"https:\/\/secure.gravatar.com\/avatar\/5cfe77ad71593df19912d9dffea7f5a8f3b3f45feff1ac302d60b22d3629b491?s=96&d=mm&r=g\",\"caption\":\"hsce\"},\"url\":\"https:\/\/www.hsce.com.br\/en\/author\/hsce\/\"}]}<\/script>\n<!-- \/ Yoast SEO plugin. -->","yoast_head_json":{"title":"Reforma tribut\u00e1ria: governos devem incluir IBS e CBS no ICMS, ISS e IPI - Hands on Solutions","robots":{"index":"index","follow":"follow","max-snippet":"max-snippet:-1","max-image-preview":"max-image-preview:large","max-video-preview":"max-video-preview:-1"},"canonical":"https:\/\/www.hsce.com.br\/en\/reforma-tributaria-governos-devem-incluir-ibs-e-cbs-no-icms-iss-e-ipi\/","og_locale":"en_US","og_type":"article","og_title":"Reforma tribut\u00e1ria: governos devem incluir IBS e CBS no ICMS, ISS e IPI - Hands on Solutions","og_description":"Com o in\u00edcio da transi\u00e7\u00e3o da reforma tribut\u00e1ria, a inclus\u00e3o do IBS e da CBS na base de c\u00e1lculo do ISS, do ICMS e do IPI \u00e9 dada como certa pelos entes federativos e apresenta um debate fadado \u00e0 judicializa\u00e7\u00e3o durante e ap\u00f3s a transi\u00e7\u00e3o para o novo sistema. Fontes das tr\u00eas esferas de governo [&hellip;]","og_url":"https:\/\/www.hsce.com.br\/en\/reforma-tributaria-governos-devem-incluir-ibs-e-cbs-no-icms-iss-e-ipi\/","og_site_name":"Hands on Solutions","article_published_time":"2025-08-27T13:45:56+00:00","article_modified_time":"2025-08-27T13:45:57+00:00","og_image":[{"width":2560,"height":1707,"url":"https:\/\/www.hsce.com.br\/wp-content\/uploads\/2025\/08\/0d9a8747_1-scaled.jpg","type":"image\/jpeg"}],"author":"hsce","twitter_misc":{"Written by":"hsce","Est. reading time":"7 minutes"},"schema":{"@context":"https:\/\/schema.org","@graph":[{"@type":"Article","@id":"https:\/\/www.hsce.com.br\/reforma-tributaria-governos-devem-incluir-ibs-e-cbs-no-icms-iss-e-ipi\/#article","isPartOf":{"@id":"https:\/\/www.hsce.com.br\/reforma-tributaria-governos-devem-incluir-ibs-e-cbs-no-icms-iss-e-ipi\/"},"author":{"name":"hsce","@id":"https:\/\/www.hsce.com.br\/#\/schema\/person\/ce400a0e9f66b1195f845fb1fdca8b33"},"headline":"Reforma tribut\u00e1ria: governos devem incluir IBS e CBS no ICMS, ISS e IPI","datePublished":"2025-08-27T13:45:56+00:00","dateModified":"2025-08-27T13:45:57+00:00","mainEntityOfPage":{"@id":"https:\/\/www.hsce.com.br\/reforma-tributaria-governos-devem-incluir-ibs-e-cbs-no-icms-iss-e-ipi\/"},"wordCount":1242,"commentCount":0,"publisher":{"@id":"https:\/\/www.hsce.com.br\/#organization"},"image":{"@id":"https:\/\/www.hsce.com.br\/reforma-tributaria-governos-devem-incluir-ibs-e-cbs-no-icms-iss-e-ipi\/#primaryimage"},"thumbnailUrl":"https:\/\/www.hsce.com.br\/wp-content\/uploads\/2025\/08\/0d9a8747_1-scaled.jpg","keywords":["#CBS","#IBS","#ICMS","#IPI","#ISS","#reformatribut\u00e1ria"],"articleSection":["Not\u00edcias"],"inLanguage":"en-US","potentialAction":[{"@type":"CommentAction","name":"Comment","target":["https:\/\/www.hsce.com.br\/reforma-tributaria-governos-devem-incluir-ibs-e-cbs-no-icms-iss-e-ipi\/#respond"]}]},{"@type":"WebPage","@id":"https:\/\/www.hsce.com.br\/reforma-tributaria-governos-devem-incluir-ibs-e-cbs-no-icms-iss-e-ipi\/","url":"https:\/\/www.hsce.com.br\/reforma-tributaria-governos-devem-incluir-ibs-e-cbs-no-icms-iss-e-ipi\/","name":"Reforma tribut\u00e1ria: governos devem incluir IBS e CBS no ICMS, ISS e IPI - Hands on Solutions","isPartOf":{"@id":"https:\/\/www.hsce.com.br\/#website"},"primaryImageOfPage":{"@id":"https:\/\/www.hsce.com.br\/reforma-tributaria-governos-devem-incluir-ibs-e-cbs-no-icms-iss-e-ipi\/#primaryimage"},"image":{"@id":"https:\/\/www.hsce.com.br\/reforma-tributaria-governos-devem-incluir-ibs-e-cbs-no-icms-iss-e-ipi\/#primaryimage"},"thumbnailUrl":"https:\/\/www.hsce.com.br\/wp-content\/uploads\/2025\/08\/0d9a8747_1-scaled.jpg","datePublished":"2025-08-27T13:45:56+00:00","dateModified":"2025-08-27T13:45:57+00:00","breadcrumb":{"@id":"https:\/\/www.hsce.com.br\/reforma-tributaria-governos-devem-incluir-ibs-e-cbs-no-icms-iss-e-ipi\/#breadcrumb"},"inLanguage":"en-US","potentialAction":[{"@type":"ReadAction","target":["https:\/\/www.hsce.com.br\/reforma-tributaria-governos-devem-incluir-ibs-e-cbs-no-icms-iss-e-ipi\/"]}]},{"@type":"ImageObject","inLanguage":"en-US","@id":"https:\/\/www.hsce.com.br\/reforma-tributaria-governos-devem-incluir-ibs-e-cbs-no-icms-iss-e-ipi\/#primaryimage","url":"https:\/\/www.hsce.com.br\/wp-content\/uploads\/2025\/08\/0d9a8747_1-scaled.jpg","contentUrl":"https:\/\/www.hsce.com.br\/wp-content\/uploads\/2025\/08\/0d9a8747_1-scaled.jpg","width":2560,"height":1707,"caption":"Bras\u00edlia (DF) 13\/08\/2025 - O ministro da Fazenda, Fernando Haddad, durante assinatura da medida provis\u00f3ria (MP) Brasil Soberano., no Pal\u00e1cio do Planalto Foto: CanalGov\/Reprodu\u00e7\u00e3o"},{"@type":"BreadcrumbList","@id":"https:\/\/www.hsce.com.br\/reforma-tributaria-governos-devem-incluir-ibs-e-cbs-no-icms-iss-e-ipi\/#breadcrumb","itemListElement":[{"@type":"ListItem","position":1,"name":"In\u00edcio","item":"https:\/\/www.hsce.com.br\/"},{"@type":"ListItem","position":2,"name":"Reforma tribut\u00e1ria: governos devem incluir IBS e CBS no ICMS, ISS e IPI"}]},{"@type":"WebSite","@id":"https:\/\/www.hsce.com.br\/#website","url":"https:\/\/www.hsce.com.br\/","name":"Hands on Solutions","description":"","publisher":{"@id":"https:\/\/www.hsce.com.br\/#organization"},"potentialAction":[{"@type":"SearchAction","target":{"@type":"EntryPoint","urlTemplate":"https:\/\/www.hsce.com.br\/?s={search_term_string}"},"query-input":{"@type":"PropertyValueSpecification","valueRequired":true,"valueName":"search_term_string"}}],"inLanguage":"en-US"},{"@type":"Organization","@id":"https:\/\/www.hsce.com.br\/#organization","name":"Hands on Solutions","url":"https:\/\/www.hsce.com.br\/","logo":{"@type":"ImageObject","inLanguage":"en-US","@id":"https:\/\/www.hsce.com.br\/#\/schema\/logo\/image\/","url":"https:\/\/www.hsce.com.br\/wp-content\/uploads\/2015\/09\/handson.png","contentUrl":"https:\/\/www.hsce.com.br\/wp-content\/uploads\/2015\/09\/handson.png","width":230,"height":68,"caption":"Hands on Solutions"},"image":{"@id":"https:\/\/www.hsce.com.br\/#\/schema\/logo\/image\/"},"sameAs":["https:\/\/www.linkedin.com\/company\/hsce-ltda?trk=company_logo"]},{"@type":"Person","@id":"https:\/\/www.hsce.com.br\/#\/schema\/person\/ce400a0e9f66b1195f845fb1fdca8b33","name":"hsce","image":{"@type":"ImageObject","inLanguage":"en-US","@id":"https:\/\/secure.gravatar.com\/avatar\/5cfe77ad71593df19912d9dffea7f5a8f3b3f45feff1ac302d60b22d3629b491?s=96&d=mm&r=g","url":"https:\/\/secure.gravatar.com\/avatar\/5cfe77ad71593df19912d9dffea7f5a8f3b3f45feff1ac302d60b22d3629b491?s=96&d=mm&r=g","contentUrl":"https:\/\/secure.gravatar.com\/avatar\/5cfe77ad71593df19912d9dffea7f5a8f3b3f45feff1ac302d60b22d3629b491?s=96&d=mm&r=g","caption":"hsce"},"url":"https:\/\/www.hsce.com.br\/en\/author\/hsce\/"}]}},"_links":{"self":[{"href":"https:\/\/www.hsce.com.br\/en\/wp-json\/wp\/v2\/posts\/1750","targetHints":{"allow":["GET"]}}],"collection":[{"href":"https:\/\/www.hsce.com.br\/en\/wp-json\/wp\/v2\/posts"}],"about":[{"href":"https:\/\/www.hsce.com.br\/en\/wp-json\/wp\/v2\/types\/post"}],"author":[{"embeddable":true,"href":"https:\/\/www.hsce.com.br\/en\/wp-json\/wp\/v2\/users\/8"}],"replies":[{"embeddable":true,"href":"https:\/\/www.hsce.com.br\/en\/wp-json\/wp\/v2\/comments?post=1750"}],"version-history":[{"count":1,"href":"https:\/\/www.hsce.com.br\/en\/wp-json\/wp\/v2\/posts\/1750\/revisions"}],"predecessor-version":[{"id":1752,"href":"https:\/\/www.hsce.com.br\/en\/wp-json\/wp\/v2\/posts\/1750\/revisions\/1752"}],"wp:featuredmedia":[{"embeddable":true,"href":"https:\/\/www.hsce.com.br\/en\/wp-json\/wp\/v2\/media\/1751"}],"wp:attachment":[{"href":"https:\/\/www.hsce.com.br\/en\/wp-json\/wp\/v2\/media?parent=1750"}],"wp:term":[{"taxonomy":"category","embeddable":true,"href":"https:\/\/www.hsce.com.br\/en\/wp-json\/wp\/v2\/categories?post=1750"},{"taxonomy":"post_tag","embeddable":true,"href":"https:\/\/www.hsce.com.br\/en\/wp-json\/wp\/v2\/tags?post=1750"}],"curies":[{"name":"wp","href":"https:\/\/api.w.org\/{rel}","templated":true}]}}