{"id":1730,"date":"2025-08-13T14:16:12","date_gmt":"2025-08-13T14:16:12","guid":{"rendered":"https:\/\/www.hsce.com.br\/?p=1730"},"modified":"2025-08-13T14:16:14","modified_gmt":"2025-08-13T14:16:14","slug":"gilmar-mendes-vota-e-stf-tem-maioria-para-anterioridade-de-90-dias-no-difal-de-icms","status":"publish","type":"post","link":"https:\/\/www.hsce.com.br\/en\/gilmar-mendes-vota-e-stf-tem-maioria-para-anterioridade-de-90-dias-no-difal-de-icms\/","title":{"rendered":"Gilmar Mendes vota e STF tem maioria para anterioridade de 90 dias no Difal de ICMS"},"content":{"rendered":"<p>Ap\u00f3s pedido de vista do ministro Lu\u00eds Roberto Barroso, Gilmar Mendes antecipou seu voto e garantiu maioria para aplicar o princ\u00edpio da anterioridade nonagesimal \u00e0&nbsp;<a href=\"https:\/\/jota.us8.list-manage.com\/track\/click?u=4911ce1e520f5bf26dd891c79&amp;id=43dda2a19c&amp;e=0758320193\">Lei Complementar 190\/22<\/a>, que regulamentou a cobran\u00e7a do diferencial de al\u00edquota (Difal) de Imposto sobre Opera\u00e7\u00f5es relativas \u00e0 Circula\u00e7\u00e3o de Mercadorias (ICMS) em opera\u00e7\u00f5es interestaduais destinadas a consumidor final n\u00e3o contribuinte.<\/p>\n\n\n\n<p>Com isso, o placar est\u00e1 em 6 a 1 a favor da aplica\u00e7\u00e3o apenas da anterioridade nonagesimal \u2014 o que permitiria a cobran\u00e7a a partir de abril de 2022. O entendimento \u00e9 desfavor\u00e1vel aos contribuintes, que defendem a aplica\u00e7\u00e3o cumulativa da anterioridade anual, adiando a exig\u00eancia para 2023.<\/p>\n\n\n\n<p>O relator sugeriu a anterioridade nonagesimal por entender que a lei \u201cn\u00e3o modificou a hip\u00f3tese de incid\u00eancia, tampouco da base de c\u00e1lculo, mas apenas a destina\u00e7\u00e3o do produto da arrecada\u00e7\u00e3o, por meio de t\u00e9cnica fiscal que atribuiu a capacidade tribut\u00e1ria ativa a outro ente pol\u00edtico\u201d.<\/p>\n\n\n\n<p>Moraes foi seguido por Nunes Marques e, com ressalvas, por Fl\u00e1vio Dino, Luiz Fux, Andr\u00e9 Mendon\u00e7a e Gilmar Mendes. Dino prop\u00f4s modula\u00e7\u00e3o de efeitos para proteger contribuintes que ajuizaram a\u00e7\u00f5es at\u00e9 novembro de 2023 e n\u00e3o recolheram o Difal em 2022.<\/p>\n\n\n\n<p>O ministro Edson Fachin divergiu do relator, defendendo a aplica\u00e7\u00e3o da anterioridade anual por, em sua opini\u00e3o, tratar-se de um novo tributo. Na pr\u00e1tica, ele acredita que a cobran\u00e7a s\u00f3 deve ser v\u00e1lida a partir de 2023. Caso vencido, entretanto, o magistrado tamb\u00e9m apoiou a modula\u00e7\u00e3o sugerida por Dino.<\/p>\n\n\n\n<p>O caso tramita como&nbsp;<a href=\"https:\/\/jota.us8.list-manage.com\/track\/click?u=4911ce1e520f5bf26dd891c79&amp;id=d122a781be&amp;e=0758320193\">RE 1426271<\/a>&nbsp;(Tema 1266).<\/p>\n\n\n\n<blockquote class=\"wp-block-quote is-layout-flow wp-block-quote-is-layout-flow\">\n<p>Source:&nbsp;<a href=\"https:\/\/www.jota.info\/tributos\/gilmar-mendes-vota-e-stf-tem-maioria-para-anterioridade-de-90-dias-no-difal-de-icms\">https:\/\/www.jota.info\/tributos\/gilmar-mendes-vota-e-stf-tem-maioria-para-anterioridade-de-90-dias-no-difal-de-icms<\/a><\/p>\n<\/blockquote>\n\n\n\n<p><\/p>","protected":false},"excerpt":{"rendered":"<p>Ap\u00f3s pedido de vista do ministro Lu\u00eds Roberto Barroso, Gilmar Mendes antecipou seu voto e garantiu maioria para aplicar o princ\u00edpio da anterioridade nonagesimal \u00e0&nbsp;Lei Complementar 190\/22, que regulamentou a cobran\u00e7a do diferencial de al\u00edquota (Difal) de Imposto sobre Opera\u00e7\u00f5es relativas \u00e0 Circula\u00e7\u00e3o de Mercadorias (ICMS) em opera\u00e7\u00f5es interestaduais destinadas a consumidor final n\u00e3o contribuinte. [&hellip;]<\/p>","protected":false},"author":8,"featured_media":1731,"comment_status":"open","ping_status":"open","sticky":false,"template":"","format":"standard","meta":{"_monsterinsights_skip_tracking":false,"_monsterinsights_sitenote_active":false,"_monsterinsights_sitenote_note":"","_monsterinsights_sitenote_category":0,"footnotes":""},"categories":[76],"tags":[590,102,100],"class_list":["post-1730","post","type-post","status-publish","format-standard","has-post-thumbnail","hentry","category-noticias","tag-gilmarmendes","tag-icms-2","tag-stf-2"],"yoast_head":"<!-- This site is optimized with the Yoast SEO plugin v27.2 - https:\/\/yoast.com\/product\/yoast-seo-wordpress\/ -->\n<title>Gilmar Mendes vota e STF tem maioria para anterioridade de 90 dias no Difal de ICMS - Hands on Solutions<\/title>\n<meta name=\"robots\" content=\"index, follow, max-snippet:-1, max-image-preview:large, max-video-preview:-1\" \/>\n<link rel=\"canonical\" href=\"https:\/\/www.hsce.com.br\/en\/gilmar-mendes-vota-e-stf-tem-maioria-para-anterioridade-de-90-dias-no-difal-de-icms\/\" \/>\n<meta property=\"og:locale\" content=\"en_US\" \/>\n<meta property=\"og:type\" content=\"article\" \/>\n<meta property=\"og:title\" content=\"Gilmar Mendes vota e STF tem maioria para anterioridade de 90 dias no Difal de ICMS - Hands on Solutions\" \/>\n<meta property=\"og:description\" content=\"Ap\u00f3s pedido de vista do ministro Lu\u00eds Roberto Barroso, Gilmar Mendes antecipou seu voto e garantiu maioria para aplicar o princ\u00edpio da anterioridade nonagesimal \u00e0&nbsp;Lei Complementar 190\/22, que regulamentou a cobran\u00e7a do diferencial de al\u00edquota (Difal) de Imposto sobre Opera\u00e7\u00f5es relativas \u00e0 Circula\u00e7\u00e3o de Mercadorias (ICMS) em opera\u00e7\u00f5es interestaduais destinadas a consumidor final n\u00e3o contribuinte. [&hellip;]\" \/>\n<meta property=\"og:url\" content=\"https:\/\/www.hsce.com.br\/en\/gilmar-mendes-vota-e-stf-tem-maioria-para-anterioridade-de-90-dias-no-difal-de-icms\/\" \/>\n<meta property=\"og:site_name\" content=\"Hands on Solutions\" \/>\n<meta property=\"article:published_time\" content=\"2025-08-13T14:16:12+00:00\" \/>\n<meta property=\"article:modified_time\" content=\"2025-08-13T14:16:14+00:00\" \/>\n<meta property=\"og:image\" content=\"https:\/\/www.hsce.com.br\/wp-content\/uploads\/2025\/08\/sessao-stf_mcamgo_abr_19122023-11-scaled.jpg\" \/>\n\t<meta property=\"og:image:width\" content=\"2560\" \/>\n\t<meta property=\"og:image:height\" content=\"1650\" \/>\n\t<meta property=\"og:image:type\" content=\"image\/jpeg\" \/>\n<meta name=\"author\" content=\"hsce\" \/>\n<meta name=\"twitter:label1\" content=\"Written by\" \/>\n\t<meta name=\"twitter:data1\" content=\"hsce\" \/>\n\t<meta name=\"twitter:label2\" content=\"Est. reading time\" \/>\n\t<meta name=\"twitter:data2\" content=\"2 minutes\" \/>\n<script type=\"application\/ld+json\" class=\"yoast-schema-graph\">{\"@context\":\"https:\/\/schema.org\",\"@graph\":[{\"@type\":\"Article\",\"@id\":\"https:\/\/www.hsce.com.br\/gilmar-mendes-vota-e-stf-tem-maioria-para-anterioridade-de-90-dias-no-difal-de-icms\/#article\",\"isPartOf\":{\"@id\":\"https:\/\/www.hsce.com.br\/gilmar-mendes-vota-e-stf-tem-maioria-para-anterioridade-de-90-dias-no-difal-de-icms\/\"},\"author\":{\"name\":\"hsce\",\"@id\":\"https:\/\/www.hsce.com.br\/#\/schema\/person\/ce400a0e9f66b1195f845fb1fdca8b33\"},\"headline\":\"Gilmar Mendes vota e STF tem maioria para anterioridade de 90 dias no Difal de ICMS\",\"datePublished\":\"2025-08-13T14:16:12+00:00\",\"dateModified\":\"2025-08-13T14:16:14+00:00\",\"mainEntityOfPage\":{\"@id\":\"https:\/\/www.hsce.com.br\/gilmar-mendes-vota-e-stf-tem-maioria-para-anterioridade-de-90-dias-no-difal-de-icms\/\"},\"wordCount\":296,\"commentCount\":0,\"publisher\":{\"@id\":\"https:\/\/www.hsce.com.br\/#organization\"},\"image\":{\"@id\":\"https:\/\/www.hsce.com.br\/gilmar-mendes-vota-e-stf-tem-maioria-para-anterioridade-de-90-dias-no-difal-de-icms\/#primaryimage\"},\"thumbnailUrl\":\"https:\/\/www.hsce.com.br\/wp-content\/uploads\/2025\/08\/sessao-stf_mcamgo_abr_19122023-11-scaled.jpg\",\"keywords\":[\"#GilmarMendes\",\"#ICMS\",\"#STF\"],\"articleSection\":[\"Not\u00edcias\"],\"inLanguage\":\"en-US\",\"potentialAction\":[{\"@type\":\"CommentAction\",\"name\":\"Comment\",\"target\":[\"https:\/\/www.hsce.com.br\/gilmar-mendes-vota-e-stf-tem-maioria-para-anterioridade-de-90-dias-no-difal-de-icms\/#respond\"]}]},{\"@type\":\"WebPage\",\"@id\":\"https:\/\/www.hsce.com.br\/gilmar-mendes-vota-e-stf-tem-maioria-para-anterioridade-de-90-dias-no-difal-de-icms\/\",\"url\":\"https:\/\/www.hsce.com.br\/gilmar-mendes-vota-e-stf-tem-maioria-para-anterioridade-de-90-dias-no-difal-de-icms\/\",\"name\":\"Gilmar Mendes vota e STF tem maioria para anterioridade de 90 dias no Difal de ICMS - Hands on Solutions\",\"isPartOf\":{\"@id\":\"https:\/\/www.hsce.com.br\/#website\"},\"primaryImageOfPage\":{\"@id\":\"https:\/\/www.hsce.com.br\/gilmar-mendes-vota-e-stf-tem-maioria-para-anterioridade-de-90-dias-no-difal-de-icms\/#primaryimage\"},\"image\":{\"@id\":\"https:\/\/www.hsce.com.br\/gilmar-mendes-vota-e-stf-tem-maioria-para-anterioridade-de-90-dias-no-difal-de-icms\/#primaryimage\"},\"thumbnailUrl\":\"https:\/\/www.hsce.com.br\/wp-content\/uploads\/2025\/08\/sessao-stf_mcamgo_abr_19122023-11-scaled.jpg\",\"datePublished\":\"2025-08-13T14:16:12+00:00\",\"dateModified\":\"2025-08-13T14:16:14+00:00\",\"breadcrumb\":{\"@id\":\"https:\/\/www.hsce.com.br\/gilmar-mendes-vota-e-stf-tem-maioria-para-anterioridade-de-90-dias-no-difal-de-icms\/#breadcrumb\"},\"inLanguage\":\"en-US\",\"potentialAction\":[{\"@type\":\"ReadAction\",\"target\":[\"https:\/\/www.hsce.com.br\/gilmar-mendes-vota-e-stf-tem-maioria-para-anterioridade-de-90-dias-no-difal-de-icms\/\"]}]},{\"@type\":\"ImageObject\",\"inLanguage\":\"en-US\",\"@id\":\"https:\/\/www.hsce.com.br\/gilmar-mendes-vota-e-stf-tem-maioria-para-anterioridade-de-90-dias-no-difal-de-icms\/#primaryimage\",\"url\":\"https:\/\/www.hsce.com.br\/wp-content\/uploads\/2025\/08\/sessao-stf_mcamgo_abr_19122023-11-scaled.jpg\",\"contentUrl\":\"https:\/\/www.hsce.com.br\/wp-content\/uploads\/2025\/08\/sessao-stf_mcamgo_abr_19122023-11-scaled.jpg\",\"width\":2560,\"height\":1650,\"caption\":\"Bras\u00edlia (DF), 19\/12\/2023 - O ministro do STF, Gilmar Mendes, durante sess\u00e3o de encerramento do Ano Judici\u00e1rio. Foto: Marcelo Camargo\/Ag\u00eancia Brasil\"},{\"@type\":\"BreadcrumbList\",\"@id\":\"https:\/\/www.hsce.com.br\/gilmar-mendes-vota-e-stf-tem-maioria-para-anterioridade-de-90-dias-no-difal-de-icms\/#breadcrumb\",\"itemListElement\":[{\"@type\":\"ListItem\",\"position\":1,\"name\":\"In\u00edcio\",\"item\":\"https:\/\/www.hsce.com.br\/\"},{\"@type\":\"ListItem\",\"position\":2,\"name\":\"Gilmar Mendes vota e STF tem maioria para anterioridade de 90 dias no Difal de ICMS\"}]},{\"@type\":\"WebSite\",\"@id\":\"https:\/\/www.hsce.com.br\/#website\",\"url\":\"https:\/\/www.hsce.com.br\/\",\"name\":\"Hands on Solutions\",\"description\":\"\",\"publisher\":{\"@id\":\"https:\/\/www.hsce.com.br\/#organization\"},\"potentialAction\":[{\"@type\":\"SearchAction\",\"target\":{\"@type\":\"EntryPoint\",\"urlTemplate\":\"https:\/\/www.hsce.com.br\/?s={search_term_string}\"},\"query-input\":{\"@type\":\"PropertyValueSpecification\",\"valueRequired\":true,\"valueName\":\"search_term_string\"}}],\"inLanguage\":\"en-US\"},{\"@type\":\"Organization\",\"@id\":\"https:\/\/www.hsce.com.br\/#organization\",\"name\":\"Hands on Solutions\",\"url\":\"https:\/\/www.hsce.com.br\/\",\"logo\":{\"@type\":\"ImageObject\",\"inLanguage\":\"en-US\",\"@id\":\"https:\/\/www.hsce.com.br\/#\/schema\/logo\/image\/\",\"url\":\"https:\/\/www.hsce.com.br\/wp-content\/uploads\/2015\/09\/handson.png\",\"contentUrl\":\"https:\/\/www.hsce.com.br\/wp-content\/uploads\/2015\/09\/handson.png\",\"width\":230,\"height\":68,\"caption\":\"Hands on Solutions\"},\"image\":{\"@id\":\"https:\/\/www.hsce.com.br\/#\/schema\/logo\/image\/\"},\"sameAs\":[\"https:\/\/www.linkedin.com\/company\/hsce-ltda?trk=company_logo\"]},{\"@type\":\"Person\",\"@id\":\"https:\/\/www.hsce.com.br\/#\/schema\/person\/ce400a0e9f66b1195f845fb1fdca8b33\",\"name\":\"hsce\",\"image\":{\"@type\":\"ImageObject\",\"inLanguage\":\"en-US\",\"@id\":\"https:\/\/secure.gravatar.com\/avatar\/5cfe77ad71593df19912d9dffea7f5a8f3b3f45feff1ac302d60b22d3629b491?s=96&d=mm&r=g\",\"url\":\"https:\/\/secure.gravatar.com\/avatar\/5cfe77ad71593df19912d9dffea7f5a8f3b3f45feff1ac302d60b22d3629b491?s=96&d=mm&r=g\",\"contentUrl\":\"https:\/\/secure.gravatar.com\/avatar\/5cfe77ad71593df19912d9dffea7f5a8f3b3f45feff1ac302d60b22d3629b491?s=96&d=mm&r=g\",\"caption\":\"hsce\"},\"url\":\"https:\/\/www.hsce.com.br\/en\/author\/hsce\/\"}]}<\/script>\n<!-- \/ Yoast SEO plugin. -->","yoast_head_json":{"title":"Gilmar Mendes vota e STF tem maioria para anterioridade de 90 dias no Difal de ICMS - Hands on Solutions","robots":{"index":"index","follow":"follow","max-snippet":"max-snippet:-1","max-image-preview":"max-image-preview:large","max-video-preview":"max-video-preview:-1"},"canonical":"https:\/\/www.hsce.com.br\/en\/gilmar-mendes-vota-e-stf-tem-maioria-para-anterioridade-de-90-dias-no-difal-de-icms\/","og_locale":"en_US","og_type":"article","og_title":"Gilmar Mendes vota e STF tem maioria para anterioridade de 90 dias no Difal de ICMS - Hands on Solutions","og_description":"Ap\u00f3s pedido de vista do ministro Lu\u00eds Roberto Barroso, Gilmar Mendes antecipou seu voto e garantiu maioria para aplicar o princ\u00edpio da anterioridade nonagesimal \u00e0&nbsp;Lei Complementar 190\/22, que regulamentou a cobran\u00e7a do diferencial de al\u00edquota (Difal) de Imposto sobre Opera\u00e7\u00f5es relativas \u00e0 Circula\u00e7\u00e3o de Mercadorias (ICMS) em opera\u00e7\u00f5es interestaduais destinadas a consumidor final n\u00e3o contribuinte. [&hellip;]","og_url":"https:\/\/www.hsce.com.br\/en\/gilmar-mendes-vota-e-stf-tem-maioria-para-anterioridade-de-90-dias-no-difal-de-icms\/","og_site_name":"Hands on Solutions","article_published_time":"2025-08-13T14:16:12+00:00","article_modified_time":"2025-08-13T14:16:14+00:00","og_image":[{"width":2560,"height":1650,"url":"https:\/\/www.hsce.com.br\/wp-content\/uploads\/2025\/08\/sessao-stf_mcamgo_abr_19122023-11-scaled.jpg","type":"image\/jpeg"}],"author":"hsce","twitter_misc":{"Written by":"hsce","Est. reading time":"2 minutes"},"schema":{"@context":"https:\/\/schema.org","@graph":[{"@type":"Article","@id":"https:\/\/www.hsce.com.br\/gilmar-mendes-vota-e-stf-tem-maioria-para-anterioridade-de-90-dias-no-difal-de-icms\/#article","isPartOf":{"@id":"https:\/\/www.hsce.com.br\/gilmar-mendes-vota-e-stf-tem-maioria-para-anterioridade-de-90-dias-no-difal-de-icms\/"},"author":{"name":"hsce","@id":"https:\/\/www.hsce.com.br\/#\/schema\/person\/ce400a0e9f66b1195f845fb1fdca8b33"},"headline":"Gilmar Mendes vota e STF tem maioria para anterioridade de 90 dias no Difal de ICMS","datePublished":"2025-08-13T14:16:12+00:00","dateModified":"2025-08-13T14:16:14+00:00","mainEntityOfPage":{"@id":"https:\/\/www.hsce.com.br\/gilmar-mendes-vota-e-stf-tem-maioria-para-anterioridade-de-90-dias-no-difal-de-icms\/"},"wordCount":296,"commentCount":0,"publisher":{"@id":"https:\/\/www.hsce.com.br\/#organization"},"image":{"@id":"https:\/\/www.hsce.com.br\/gilmar-mendes-vota-e-stf-tem-maioria-para-anterioridade-de-90-dias-no-difal-de-icms\/#primaryimage"},"thumbnailUrl":"https:\/\/www.hsce.com.br\/wp-content\/uploads\/2025\/08\/sessao-stf_mcamgo_abr_19122023-11-scaled.jpg","keywords":["#GilmarMendes","#ICMS","#STF"],"articleSection":["Not\u00edcias"],"inLanguage":"en-US","potentialAction":[{"@type":"CommentAction","name":"Comment","target":["https:\/\/www.hsce.com.br\/gilmar-mendes-vota-e-stf-tem-maioria-para-anterioridade-de-90-dias-no-difal-de-icms\/#respond"]}]},{"@type":"WebPage","@id":"https:\/\/www.hsce.com.br\/gilmar-mendes-vota-e-stf-tem-maioria-para-anterioridade-de-90-dias-no-difal-de-icms\/","url":"https:\/\/www.hsce.com.br\/gilmar-mendes-vota-e-stf-tem-maioria-para-anterioridade-de-90-dias-no-difal-de-icms\/","name":"Gilmar Mendes vota e STF tem maioria para anterioridade de 90 dias no Difal de ICMS - Hands on Solutions","isPartOf":{"@id":"https:\/\/www.hsce.com.br\/#website"},"primaryImageOfPage":{"@id":"https:\/\/www.hsce.com.br\/gilmar-mendes-vota-e-stf-tem-maioria-para-anterioridade-de-90-dias-no-difal-de-icms\/#primaryimage"},"image":{"@id":"https:\/\/www.hsce.com.br\/gilmar-mendes-vota-e-stf-tem-maioria-para-anterioridade-de-90-dias-no-difal-de-icms\/#primaryimage"},"thumbnailUrl":"https:\/\/www.hsce.com.br\/wp-content\/uploads\/2025\/08\/sessao-stf_mcamgo_abr_19122023-11-scaled.jpg","datePublished":"2025-08-13T14:16:12+00:00","dateModified":"2025-08-13T14:16:14+00:00","breadcrumb":{"@id":"https:\/\/www.hsce.com.br\/gilmar-mendes-vota-e-stf-tem-maioria-para-anterioridade-de-90-dias-no-difal-de-icms\/#breadcrumb"},"inLanguage":"en-US","potentialAction":[{"@type":"ReadAction","target":["https:\/\/www.hsce.com.br\/gilmar-mendes-vota-e-stf-tem-maioria-para-anterioridade-de-90-dias-no-difal-de-icms\/"]}]},{"@type":"ImageObject","inLanguage":"en-US","@id":"https:\/\/www.hsce.com.br\/gilmar-mendes-vota-e-stf-tem-maioria-para-anterioridade-de-90-dias-no-difal-de-icms\/#primaryimage","url":"https:\/\/www.hsce.com.br\/wp-content\/uploads\/2025\/08\/sessao-stf_mcamgo_abr_19122023-11-scaled.jpg","contentUrl":"https:\/\/www.hsce.com.br\/wp-content\/uploads\/2025\/08\/sessao-stf_mcamgo_abr_19122023-11-scaled.jpg","width":2560,"height":1650,"caption":"Bras\u00edlia (DF), 19\/12\/2023 - O ministro do STF, Gilmar Mendes, durante sess\u00e3o de encerramento do Ano Judici\u00e1rio. Foto: Marcelo Camargo\/Ag\u00eancia Brasil"},{"@type":"BreadcrumbList","@id":"https:\/\/www.hsce.com.br\/gilmar-mendes-vota-e-stf-tem-maioria-para-anterioridade-de-90-dias-no-difal-de-icms\/#breadcrumb","itemListElement":[{"@type":"ListItem","position":1,"name":"In\u00edcio","item":"https:\/\/www.hsce.com.br\/"},{"@type":"ListItem","position":2,"name":"Gilmar Mendes vota e STF tem maioria para anterioridade de 90 dias no Difal de ICMS"}]},{"@type":"WebSite","@id":"https:\/\/www.hsce.com.br\/#website","url":"https:\/\/www.hsce.com.br\/","name":"Hands on Solutions","description":"","publisher":{"@id":"https:\/\/www.hsce.com.br\/#organization"},"potentialAction":[{"@type":"SearchAction","target":{"@type":"EntryPoint","urlTemplate":"https:\/\/www.hsce.com.br\/?s={search_term_string}"},"query-input":{"@type":"PropertyValueSpecification","valueRequired":true,"valueName":"search_term_string"}}],"inLanguage":"en-US"},{"@type":"Organization","@id":"https:\/\/www.hsce.com.br\/#organization","name":"Hands on Solutions","url":"https:\/\/www.hsce.com.br\/","logo":{"@type":"ImageObject","inLanguage":"en-US","@id":"https:\/\/www.hsce.com.br\/#\/schema\/logo\/image\/","url":"https:\/\/www.hsce.com.br\/wp-content\/uploads\/2015\/09\/handson.png","contentUrl":"https:\/\/www.hsce.com.br\/wp-content\/uploads\/2015\/09\/handson.png","width":230,"height":68,"caption":"Hands on Solutions"},"image":{"@id":"https:\/\/www.hsce.com.br\/#\/schema\/logo\/image\/"},"sameAs":["https:\/\/www.linkedin.com\/company\/hsce-ltda?trk=company_logo"]},{"@type":"Person","@id":"https:\/\/www.hsce.com.br\/#\/schema\/person\/ce400a0e9f66b1195f845fb1fdca8b33","name":"hsce","image":{"@type":"ImageObject","inLanguage":"en-US","@id":"https:\/\/secure.gravatar.com\/avatar\/5cfe77ad71593df19912d9dffea7f5a8f3b3f45feff1ac302d60b22d3629b491?s=96&d=mm&r=g","url":"https:\/\/secure.gravatar.com\/avatar\/5cfe77ad71593df19912d9dffea7f5a8f3b3f45feff1ac302d60b22d3629b491?s=96&d=mm&r=g","contentUrl":"https:\/\/secure.gravatar.com\/avatar\/5cfe77ad71593df19912d9dffea7f5a8f3b3f45feff1ac302d60b22d3629b491?s=96&d=mm&r=g","caption":"hsce"},"url":"https:\/\/www.hsce.com.br\/en\/author\/hsce\/"}]}},"_links":{"self":[{"href":"https:\/\/www.hsce.com.br\/en\/wp-json\/wp\/v2\/posts\/1730","targetHints":{"allow":["GET"]}}],"collection":[{"href":"https:\/\/www.hsce.com.br\/en\/wp-json\/wp\/v2\/posts"}],"about":[{"href":"https:\/\/www.hsce.com.br\/en\/wp-json\/wp\/v2\/types\/post"}],"author":[{"embeddable":true,"href":"https:\/\/www.hsce.com.br\/en\/wp-json\/wp\/v2\/users\/8"}],"replies":[{"embeddable":true,"href":"https:\/\/www.hsce.com.br\/en\/wp-json\/wp\/v2\/comments?post=1730"}],"version-history":[{"count":1,"href":"https:\/\/www.hsce.com.br\/en\/wp-json\/wp\/v2\/posts\/1730\/revisions"}],"predecessor-version":[{"id":1732,"href":"https:\/\/www.hsce.com.br\/en\/wp-json\/wp\/v2\/posts\/1730\/revisions\/1732"}],"wp:featuredmedia":[{"embeddable":true,"href":"https:\/\/www.hsce.com.br\/en\/wp-json\/wp\/v2\/media\/1731"}],"wp:attachment":[{"href":"https:\/\/www.hsce.com.br\/en\/wp-json\/wp\/v2\/media?parent=1730"}],"wp:term":[{"taxonomy":"category","embeddable":true,"href":"https:\/\/www.hsce.com.br\/en\/wp-json\/wp\/v2\/categories?post=1730"},{"taxonomy":"post_tag","embeddable":true,"href":"https:\/\/www.hsce.com.br\/en\/wp-json\/wp\/v2\/tags?post=1730"}],"curies":[{"name":"wp","href":"https:\/\/api.w.org\/{rel}","templated":true}]}}