{"id":1727,"date":"2025-08-13T14:08:18","date_gmt":"2025-08-13T14:08:18","guid":{"rendered":"https:\/\/www.hsce.com.br\/?p=1727"},"modified":"2025-08-13T14:08:19","modified_gmt":"2025-08-13T14:08:19","slug":"stf-forma-maioria-para-validar-cobranca-de-difal-a-partir-de-2022","status":"publish","type":"post","link":"https:\/\/www.hsce.com.br\/en\/stf-forma-maioria-para-validar-cobranca-de-difal-a-partir-de-2022\/","title":{"rendered":"STF forma maioria para validar cobran\u00e7a de Difal a partir de 2022"},"content":{"rendered":"<p>Os principais jornais noticiam que o STF formou maioria, em repercuss\u00e3o geral, para estabelecer a data de 4 de abril de 2022 como o momento a partir do qual os estados podem exigir o Difal do ICMS, ou seja, o diferencial de al\u00edquotas entre aquela cobrada no estado de origem e aquela do destino das mercadorias. Essa \u00e9 a data em que foi sancionada uma lei complementar federal que regulamentou a cobran\u00e7a do Difal, prevista em emenda constitucional de 2015. O relator, ministro Alexandre de Moraes, foi acompanhado por outros cinco ministros, com diverg\u00eancia apenas de Edson Fachin. O ministro Lu\u00eds Roberto Barroso, por\u00e9m, interrompeu o julgamento ao pedir vista. O ministro Gilmar Mendes, por\u00e9m, adiantou seu voto, incluindo-o no plen\u00e1rio virtual ap\u00f3s o pedido de vista. Com o voto de Gilmar, formou-se maiori a. Os contribuintes defendem que o diferencial deveria ser cobrado somente a partir de 2023.<\/p>\n\n\n\n<p>Os ve\u00edculos tamb\u00e9m informam sobre a aprova\u00e7\u00e3o, em sess\u00e3o rel\u00e2mpago na manh\u00e3 de ontem, do projeto de lei que corrige a tabela do Imposto de Renda para garantir isen\u00e7\u00e3o \u00e0s pessoas que recebem, mensalmente, at\u00e9 dois sal\u00e1rios m\u00ednimos. A viabilidade da medida esteve a perigo em raz\u00e3o do motim de bolsonaristas no Senado, j\u00e1 que a isen\u00e7\u00e3o estava garantida, at\u00e9 aquele momento, apenas pela vig\u00eancia de uma MP que caducaria na segunda-feira. Com a aprova\u00e7\u00e3o do projeto, que agora segue para san\u00e7\u00e3o do presidente Lula , o projeto eleva a faixa de isen\u00e7\u00e3o de rendimentos de at\u00e9 R$ 2.259,20 para at\u00e9 R$ 2.428,80 mensais (7,5% de reajuste).<\/p>\n\n\n\n<blockquote class=\"wp-block-quote is-layout-flow wp-block-quote-is-layout-flow\">\n<p>Source:&nbsp;<a href=\"https:\/\/www.jota.info\/tributos\/matinal\/stf-forma-maioria-para-validar-cobranca-de-difal-a-partir-de-2022\">https:\/\/www.jota.info\/tributos\/matinal\/stf-forma-maioria-para-validar-cobranca-de-difal-a-partir-de-2022<\/a><\/p>\n<\/blockquote>","protected":false},"excerpt":{"rendered":"<p>Os principais jornais noticiam que o STF formou maioria, em repercuss\u00e3o geral, para estabelecer a data de 4 de abril de 2022 como o momento a partir do qual os estados podem exigir o Difal do ICMS, ou seja, o diferencial de al\u00edquotas entre aquela cobrada no estado de origem e aquela do destino das [&hellip;]<\/p>","protected":false},"author":8,"featured_media":1728,"comment_status":"open","ping_status":"open","sticky":false,"template":"","format":"standard","meta":{"_monsterinsights_skip_tracking":false,"_monsterinsights_sitenote_active":false,"_monsterinsights_sitenote_note":"","_monsterinsights_sitenote_category":0,"footnotes":""},"categories":[76],"tags":[102,100],"class_list":["post-1727","post","type-post","status-publish","format-standard","has-post-thumbnail","hentry","category-noticias","tag-icms-2","tag-stf-2"],"yoast_head":"<!-- This site is optimized with the Yoast SEO plugin v27.2 - https:\/\/yoast.com\/product\/yoast-seo-wordpress\/ -->\n<title>STF forma maioria para validar cobran\u00e7a de Difal a partir de 2022 - Hands on Solutions<\/title>\n<meta name=\"robots\" content=\"index, follow, max-snippet:-1, max-image-preview:large, max-video-preview:-1\" \/>\n<link rel=\"canonical\" href=\"https:\/\/www.hsce.com.br\/en\/stf-forma-maioria-para-validar-cobranca-de-difal-a-partir-de-2022\/\" \/>\n<meta property=\"og:locale\" content=\"en_US\" \/>\n<meta property=\"og:type\" content=\"article\" \/>\n<meta property=\"og:title\" content=\"STF forma maioria para validar cobran\u00e7a de Difal a partir de 2022 - Hands on Solutions\" \/>\n<meta property=\"og:description\" content=\"Os principais jornais noticiam que o STF formou maioria, em repercuss\u00e3o geral, para estabelecer a data de 4 de abril de 2022 como o momento a partir do qual os estados podem exigir o Difal do ICMS, ou seja, o diferencial de al\u00edquotas entre aquela cobrada no estado de origem e aquela do destino das [&hellip;]\" \/>\n<meta property=\"og:url\" content=\"https:\/\/www.hsce.com.br\/en\/stf-forma-maioria-para-validar-cobranca-de-difal-a-partir-de-2022\/\" \/>\n<meta property=\"og:site_name\" content=\"Hands on Solutions\" \/>\n<meta property=\"article:published_time\" content=\"2025-08-13T14:08:18+00:00\" \/>\n<meta property=\"article:modified_time\" content=\"2025-08-13T14:08:19+00:00\" \/>\n<meta property=\"og:image\" content=\"https:\/\/www.hsce.com.br\/wp-content\/uploads\/2025\/08\/01082025-pzzb6455-scaled.jpg\" \/>\n\t<meta property=\"og:image:width\" content=\"2560\" \/>\n\t<meta property=\"og:image:height\" content=\"1707\" \/>\n\t<meta property=\"og:image:type\" content=\"image\/jpeg\" \/>\n<meta name=\"author\" content=\"hsce\" \/>\n<meta name=\"twitter:label1\" content=\"Written by\" \/>\n\t<meta name=\"twitter:data1\" content=\"hsce\" \/>\n\t<meta name=\"twitter:label2\" content=\"Est. reading time\" \/>\n\t<meta name=\"twitter:data2\" content=\"2 minutes\" \/>\n<script type=\"application\/ld+json\" class=\"yoast-schema-graph\">{\"@context\":\"https:\/\/schema.org\",\"@graph\":[{\"@type\":\"Article\",\"@id\":\"https:\/\/www.hsce.com.br\/stf-forma-maioria-para-validar-cobranca-de-difal-a-partir-de-2022\/#article\",\"isPartOf\":{\"@id\":\"https:\/\/www.hsce.com.br\/stf-forma-maioria-para-validar-cobranca-de-difal-a-partir-de-2022\/\"},\"author\":{\"name\":\"hsce\",\"@id\":\"https:\/\/www.hsce.com.br\/#\/schema\/person\/ce400a0e9f66b1195f845fb1fdca8b33\"},\"headline\":\"STF forma maioria para validar cobran\u00e7a de Difal a partir de 2022\",\"datePublished\":\"2025-08-13T14:08:18+00:00\",\"dateModified\":\"2025-08-13T14:08:19+00:00\",\"mainEntityOfPage\":{\"@id\":\"https:\/\/www.hsce.com.br\/stf-forma-maioria-para-validar-cobranca-de-difal-a-partir-de-2022\/\"},\"wordCount\":291,\"commentCount\":0,\"publisher\":{\"@id\":\"https:\/\/www.hsce.com.br\/#organization\"},\"image\":{\"@id\":\"https:\/\/www.hsce.com.br\/stf-forma-maioria-para-validar-cobranca-de-difal-a-partir-de-2022\/#primaryimage\"},\"thumbnailUrl\":\"https:\/\/www.hsce.com.br\/wp-content\/uploads\/2025\/08\/01082025-pzzb6455-scaled.jpg\",\"keywords\":[\"#ICMS\",\"#STF\"],\"articleSection\":[\"Not\u00edcias\"],\"inLanguage\":\"en-US\",\"potentialAction\":[{\"@type\":\"CommentAction\",\"name\":\"Comment\",\"target\":[\"https:\/\/www.hsce.com.br\/stf-forma-maioria-para-validar-cobranca-de-difal-a-partir-de-2022\/#respond\"]}]},{\"@type\":\"WebPage\",\"@id\":\"https:\/\/www.hsce.com.br\/stf-forma-maioria-para-validar-cobranca-de-difal-a-partir-de-2022\/\",\"url\":\"https:\/\/www.hsce.com.br\/stf-forma-maioria-para-validar-cobranca-de-difal-a-partir-de-2022\/\",\"name\":\"STF forma maioria para validar cobran\u00e7a de Difal a partir de 2022 - Hands on Solutions\",\"isPartOf\":{\"@id\":\"https:\/\/www.hsce.com.br\/#website\"},\"primaryImageOfPage\":{\"@id\":\"https:\/\/www.hsce.com.br\/stf-forma-maioria-para-validar-cobranca-de-difal-a-partir-de-2022\/#primaryimage\"},\"image\":{\"@id\":\"https:\/\/www.hsce.com.br\/stf-forma-maioria-para-validar-cobranca-de-difal-a-partir-de-2022\/#primaryimage\"},\"thumbnailUrl\":\"https:\/\/www.hsce.com.br\/wp-content\/uploads\/2025\/08\/01082025-pzzb6455-scaled.jpg\",\"datePublished\":\"2025-08-13T14:08:18+00:00\",\"dateModified\":\"2025-08-13T14:08:19+00:00\",\"breadcrumb\":{\"@id\":\"https:\/\/www.hsce.com.br\/stf-forma-maioria-para-validar-cobranca-de-difal-a-partir-de-2022\/#breadcrumb\"},\"inLanguage\":\"en-US\",\"potentialAction\":[{\"@type\":\"ReadAction\",\"target\":[\"https:\/\/www.hsce.com.br\/stf-forma-maioria-para-validar-cobranca-de-difal-a-partir-de-2022\/\"]}]},{\"@type\":\"ImageObject\",\"inLanguage\":\"en-US\",\"@id\":\"https:\/\/www.hsce.com.br\/stf-forma-maioria-para-validar-cobranca-de-difal-a-partir-de-2022\/#primaryimage\",\"url\":\"https:\/\/www.hsce.com.br\/wp-content\/uploads\/2025\/08\/01082025-pzzb6455-scaled.jpg\",\"contentUrl\":\"https:\/\/www.hsce.com.br\/wp-content\/uploads\/2025\/08\/01082025-pzzb6455-scaled.jpg\",\"width\":2560,\"height\":1707,\"caption\":\"Bras\u00edlia (DF) 01\/08\/2025 - O Supremo Tribunal Federal (STF) realiza sess\u00e3o de abertura do segundo semestre judici\u00e1rio. Foto: Fabio Rodrigues-Pozzebom\/ Ag\u00eancia Brasil\"},{\"@type\":\"BreadcrumbList\",\"@id\":\"https:\/\/www.hsce.com.br\/stf-forma-maioria-para-validar-cobranca-de-difal-a-partir-de-2022\/#breadcrumb\",\"itemListElement\":[{\"@type\":\"ListItem\",\"position\":1,\"name\":\"In\u00edcio\",\"item\":\"https:\/\/www.hsce.com.br\/\"},{\"@type\":\"ListItem\",\"position\":2,\"name\":\"STF forma maioria para validar cobran\u00e7a de Difal a partir de 2022\"}]},{\"@type\":\"WebSite\",\"@id\":\"https:\/\/www.hsce.com.br\/#website\",\"url\":\"https:\/\/www.hsce.com.br\/\",\"name\":\"Hands on Solutions\",\"description\":\"\",\"publisher\":{\"@id\":\"https:\/\/www.hsce.com.br\/#organization\"},\"potentialAction\":[{\"@type\":\"SearchAction\",\"target\":{\"@type\":\"EntryPoint\",\"urlTemplate\":\"https:\/\/www.hsce.com.br\/?s={search_term_string}\"},\"query-input\":{\"@type\":\"PropertyValueSpecification\",\"valueRequired\":true,\"valueName\":\"search_term_string\"}}],\"inLanguage\":\"en-US\"},{\"@type\":\"Organization\",\"@id\":\"https:\/\/www.hsce.com.br\/#organization\",\"name\":\"Hands on Solutions\",\"url\":\"https:\/\/www.hsce.com.br\/\",\"logo\":{\"@type\":\"ImageObject\",\"inLanguage\":\"en-US\",\"@id\":\"https:\/\/www.hsce.com.br\/#\/schema\/logo\/image\/\",\"url\":\"https:\/\/www.hsce.com.br\/wp-content\/uploads\/2015\/09\/handson.png\",\"contentUrl\":\"https:\/\/www.hsce.com.br\/wp-content\/uploads\/2015\/09\/handson.png\",\"width\":230,\"height\":68,\"caption\":\"Hands on Solutions\"},\"image\":{\"@id\":\"https:\/\/www.hsce.com.br\/#\/schema\/logo\/image\/\"},\"sameAs\":[\"https:\/\/www.linkedin.com\/company\/hsce-ltda?trk=company_logo\"]},{\"@type\":\"Person\",\"@id\":\"https:\/\/www.hsce.com.br\/#\/schema\/person\/ce400a0e9f66b1195f845fb1fdca8b33\",\"name\":\"hsce\",\"image\":{\"@type\":\"ImageObject\",\"inLanguage\":\"en-US\",\"@id\":\"https:\/\/secure.gravatar.com\/avatar\/5cfe77ad71593df19912d9dffea7f5a8f3b3f45feff1ac302d60b22d3629b491?s=96&d=mm&r=g\",\"url\":\"https:\/\/secure.gravatar.com\/avatar\/5cfe77ad71593df19912d9dffea7f5a8f3b3f45feff1ac302d60b22d3629b491?s=96&d=mm&r=g\",\"contentUrl\":\"https:\/\/secure.gravatar.com\/avatar\/5cfe77ad71593df19912d9dffea7f5a8f3b3f45feff1ac302d60b22d3629b491?s=96&d=mm&r=g\",\"caption\":\"hsce\"},\"url\":\"https:\/\/www.hsce.com.br\/en\/author\/hsce\/\"}]}<\/script>\n<!-- \/ Yoast SEO plugin. -->","yoast_head_json":{"title":"STF forma maioria para validar cobran\u00e7a de Difal a partir de 2022 - Hands on Solutions","robots":{"index":"index","follow":"follow","max-snippet":"max-snippet:-1","max-image-preview":"max-image-preview:large","max-video-preview":"max-video-preview:-1"},"canonical":"https:\/\/www.hsce.com.br\/en\/stf-forma-maioria-para-validar-cobranca-de-difal-a-partir-de-2022\/","og_locale":"en_US","og_type":"article","og_title":"STF forma maioria para validar cobran\u00e7a de Difal a partir de 2022 - Hands on Solutions","og_description":"Os principais jornais noticiam que o STF formou maioria, em repercuss\u00e3o geral, para estabelecer a data de 4 de abril de 2022 como o momento a partir do qual os estados podem exigir o Difal do ICMS, ou seja, o diferencial de al\u00edquotas entre aquela cobrada no estado de origem e aquela do destino das [&hellip;]","og_url":"https:\/\/www.hsce.com.br\/en\/stf-forma-maioria-para-validar-cobranca-de-difal-a-partir-de-2022\/","og_site_name":"Hands on Solutions","article_published_time":"2025-08-13T14:08:18+00:00","article_modified_time":"2025-08-13T14:08:19+00:00","og_image":[{"width":2560,"height":1707,"url":"https:\/\/www.hsce.com.br\/wp-content\/uploads\/2025\/08\/01082025-pzzb6455-scaled.jpg","type":"image\/jpeg"}],"author":"hsce","twitter_misc":{"Written by":"hsce","Est. reading time":"2 minutes"},"schema":{"@context":"https:\/\/schema.org","@graph":[{"@type":"Article","@id":"https:\/\/www.hsce.com.br\/stf-forma-maioria-para-validar-cobranca-de-difal-a-partir-de-2022\/#article","isPartOf":{"@id":"https:\/\/www.hsce.com.br\/stf-forma-maioria-para-validar-cobranca-de-difal-a-partir-de-2022\/"},"author":{"name":"hsce","@id":"https:\/\/www.hsce.com.br\/#\/schema\/person\/ce400a0e9f66b1195f845fb1fdca8b33"},"headline":"STF forma maioria para validar cobran\u00e7a de Difal a partir de 2022","datePublished":"2025-08-13T14:08:18+00:00","dateModified":"2025-08-13T14:08:19+00:00","mainEntityOfPage":{"@id":"https:\/\/www.hsce.com.br\/stf-forma-maioria-para-validar-cobranca-de-difal-a-partir-de-2022\/"},"wordCount":291,"commentCount":0,"publisher":{"@id":"https:\/\/www.hsce.com.br\/#organization"},"image":{"@id":"https:\/\/www.hsce.com.br\/stf-forma-maioria-para-validar-cobranca-de-difal-a-partir-de-2022\/#primaryimage"},"thumbnailUrl":"https:\/\/www.hsce.com.br\/wp-content\/uploads\/2025\/08\/01082025-pzzb6455-scaled.jpg","keywords":["#ICMS","#STF"],"articleSection":["Not\u00edcias"],"inLanguage":"en-US","potentialAction":[{"@type":"CommentAction","name":"Comment","target":["https:\/\/www.hsce.com.br\/stf-forma-maioria-para-validar-cobranca-de-difal-a-partir-de-2022\/#respond"]}]},{"@type":"WebPage","@id":"https:\/\/www.hsce.com.br\/stf-forma-maioria-para-validar-cobranca-de-difal-a-partir-de-2022\/","url":"https:\/\/www.hsce.com.br\/stf-forma-maioria-para-validar-cobranca-de-difal-a-partir-de-2022\/","name":"STF forma maioria para validar cobran\u00e7a de Difal a partir de 2022 - Hands on Solutions","isPartOf":{"@id":"https:\/\/www.hsce.com.br\/#website"},"primaryImageOfPage":{"@id":"https:\/\/www.hsce.com.br\/stf-forma-maioria-para-validar-cobranca-de-difal-a-partir-de-2022\/#primaryimage"},"image":{"@id":"https:\/\/www.hsce.com.br\/stf-forma-maioria-para-validar-cobranca-de-difal-a-partir-de-2022\/#primaryimage"},"thumbnailUrl":"https:\/\/www.hsce.com.br\/wp-content\/uploads\/2025\/08\/01082025-pzzb6455-scaled.jpg","datePublished":"2025-08-13T14:08:18+00:00","dateModified":"2025-08-13T14:08:19+00:00","breadcrumb":{"@id":"https:\/\/www.hsce.com.br\/stf-forma-maioria-para-validar-cobranca-de-difal-a-partir-de-2022\/#breadcrumb"},"inLanguage":"en-US","potentialAction":[{"@type":"ReadAction","target":["https:\/\/www.hsce.com.br\/stf-forma-maioria-para-validar-cobranca-de-difal-a-partir-de-2022\/"]}]},{"@type":"ImageObject","inLanguage":"en-US","@id":"https:\/\/www.hsce.com.br\/stf-forma-maioria-para-validar-cobranca-de-difal-a-partir-de-2022\/#primaryimage","url":"https:\/\/www.hsce.com.br\/wp-content\/uploads\/2025\/08\/01082025-pzzb6455-scaled.jpg","contentUrl":"https:\/\/www.hsce.com.br\/wp-content\/uploads\/2025\/08\/01082025-pzzb6455-scaled.jpg","width":2560,"height":1707,"caption":"Bras\u00edlia (DF) 01\/08\/2025 - O Supremo Tribunal Federal (STF) realiza sess\u00e3o de abertura do segundo semestre judici\u00e1rio. Foto: Fabio Rodrigues-Pozzebom\/ Ag\u00eancia Brasil"},{"@type":"BreadcrumbList","@id":"https:\/\/www.hsce.com.br\/stf-forma-maioria-para-validar-cobranca-de-difal-a-partir-de-2022\/#breadcrumb","itemListElement":[{"@type":"ListItem","position":1,"name":"In\u00edcio","item":"https:\/\/www.hsce.com.br\/"},{"@type":"ListItem","position":2,"name":"STF forma maioria para validar cobran\u00e7a de Difal a partir de 2022"}]},{"@type":"WebSite","@id":"https:\/\/www.hsce.com.br\/#website","url":"https:\/\/www.hsce.com.br\/","name":"Hands on Solutions","description":"","publisher":{"@id":"https:\/\/www.hsce.com.br\/#organization"},"potentialAction":[{"@type":"SearchAction","target":{"@type":"EntryPoint","urlTemplate":"https:\/\/www.hsce.com.br\/?s={search_term_string}"},"query-input":{"@type":"PropertyValueSpecification","valueRequired":true,"valueName":"search_term_string"}}],"inLanguage":"en-US"},{"@type":"Organization","@id":"https:\/\/www.hsce.com.br\/#organization","name":"Hands on Solutions","url":"https:\/\/www.hsce.com.br\/","logo":{"@type":"ImageObject","inLanguage":"en-US","@id":"https:\/\/www.hsce.com.br\/#\/schema\/logo\/image\/","url":"https:\/\/www.hsce.com.br\/wp-content\/uploads\/2015\/09\/handson.png","contentUrl":"https:\/\/www.hsce.com.br\/wp-content\/uploads\/2015\/09\/handson.png","width":230,"height":68,"caption":"Hands on Solutions"},"image":{"@id":"https:\/\/www.hsce.com.br\/#\/schema\/logo\/image\/"},"sameAs":["https:\/\/www.linkedin.com\/company\/hsce-ltda?trk=company_logo"]},{"@type":"Person","@id":"https:\/\/www.hsce.com.br\/#\/schema\/person\/ce400a0e9f66b1195f845fb1fdca8b33","name":"hsce","image":{"@type":"ImageObject","inLanguage":"en-US","@id":"https:\/\/secure.gravatar.com\/avatar\/5cfe77ad71593df19912d9dffea7f5a8f3b3f45feff1ac302d60b22d3629b491?s=96&d=mm&r=g","url":"https:\/\/secure.gravatar.com\/avatar\/5cfe77ad71593df19912d9dffea7f5a8f3b3f45feff1ac302d60b22d3629b491?s=96&d=mm&r=g","contentUrl":"https:\/\/secure.gravatar.com\/avatar\/5cfe77ad71593df19912d9dffea7f5a8f3b3f45feff1ac302d60b22d3629b491?s=96&d=mm&r=g","caption":"hsce"},"url":"https:\/\/www.hsce.com.br\/en\/author\/hsce\/"}]}},"_links":{"self":[{"href":"https:\/\/www.hsce.com.br\/en\/wp-json\/wp\/v2\/posts\/1727","targetHints":{"allow":["GET"]}}],"collection":[{"href":"https:\/\/www.hsce.com.br\/en\/wp-json\/wp\/v2\/posts"}],"about":[{"href":"https:\/\/www.hsce.com.br\/en\/wp-json\/wp\/v2\/types\/post"}],"author":[{"embeddable":true,"href":"https:\/\/www.hsce.com.br\/en\/wp-json\/wp\/v2\/users\/8"}],"replies":[{"embeddable":true,"href":"https:\/\/www.hsce.com.br\/en\/wp-json\/wp\/v2\/comments?post=1727"}],"version-history":[{"count":1,"href":"https:\/\/www.hsce.com.br\/en\/wp-json\/wp\/v2\/posts\/1727\/revisions"}],"predecessor-version":[{"id":1729,"href":"https:\/\/www.hsce.com.br\/en\/wp-json\/wp\/v2\/posts\/1727\/revisions\/1729"}],"wp:featuredmedia":[{"embeddable":true,"href":"https:\/\/www.hsce.com.br\/en\/wp-json\/wp\/v2\/media\/1728"}],"wp:attachment":[{"href":"https:\/\/www.hsce.com.br\/en\/wp-json\/wp\/v2\/media?parent=1727"}],"wp:term":[{"taxonomy":"category","embeddable":true,"href":"https:\/\/www.hsce.com.br\/en\/wp-json\/wp\/v2\/categories?post=1727"},{"taxonomy":"post_tag","embeddable":true,"href":"https:\/\/www.hsce.com.br\/en\/wp-json\/wp\/v2\/tags?post=1727"}],"curies":[{"name":"wp","href":"https:\/\/api.w.org\/{rel}","templated":true}]}}