{"id":1710,"date":"2025-07-04T16:16:11","date_gmt":"2025-07-04T16:16:11","guid":{"rendered":"http:\/\/www.hsce.com.br\/?p=1710"},"modified":"2025-07-04T16:16:12","modified_gmt":"2025-07-04T16:16:12","slug":"chance-de-que-ibs-e-cbs-sejam-usados-com-fins-arrecadatorios-em-2026-e-zero-diz-appy","status":"publish","type":"post","link":"https:\/\/www.hsce.com.br\/en\/chance-de-que-ibs-e-cbs-sejam-usados-com-fins-arrecadatorios-em-2026-e-zero-diz-appy\/","title":{"rendered":"&#8216;Chance de que IBS e CBS sejam usados com fins arrecadat\u00f3rios em 2026 \u00e9 zero&#8217;, diz Appy"},"content":{"rendered":"<p>O secret\u00e1rio extraordin\u00e1rio da Reforma Tribut\u00e1ria do Minist\u00e9rio da Fazenda, Bernard Appy, disse nesta segunda-feira (30\/6) que o ano de 2026 ser\u00e1 um &#8220;ano de teste&#8221; e que a chance de que o Imposto sobre Bens e Servi\u00e7os (IBS) e a Contribui\u00e7\u00e3o sobre Bens e Servi\u00e7os (CBS) sejam utilizados com fins arrecadat\u00f3rios \u00e9 zero, e que a arrecada\u00e7\u00e3o ser\u00e1 somente a partir de 2027. Em almo\u00e7o promovido pelo Instituto dos Advogados de S\u00e3o Paulo (IASP), Appy ainda afirmou que a ideia para o pr\u00f3ximo ano n\u00e3o \u00e9 a de realizar a cobran\u00e7a dos impostos, mas sim exigir as obriga\u00e7\u00f5es acess\u00f3rias.<\/p>\n\n\n\n<p>&#8220;Muito provavelmente, em algum momento de 2026, ser\u00e1 exigido que todos os documentos fiscais passem a discriminar a base de c\u00e1lculos, qual \u00e9 o IBS e qual a CBS, sem que seja cobrado&#8221;, ilustrou o secret\u00e1rio. Segundo ele, esse modelo ser\u00e1 apenas um informativo para poder testar se, de fato, a forma de c\u00e1lculo dos tributos estar\u00e1 sendo feita de forma adequada.<\/p>\n\n\n\n<p>Al\u00e9m disso, Appy destacou que tamb\u00e9m ao longo de 2026 ser\u00e1 realizado o teste do sistema de split payment, sem o recolhimento. O secret\u00e1rio ressaltou que o pr\u00f3ximo ano ser\u00e1 o de adapta\u00e7\u00e3o para que todas as empresas possam conhecer o novo sistema de tributa\u00e7\u00e3o. Por essa raz\u00e3o, considera que no in\u00edcio de implementa\u00e7\u00e3o do novo sistema haja um maior n\u00edvel de lit\u00edgios. &#8220;\u00c9 um sistema totalmente novo, mas eu acredito que, em um prazo bastante curto, o n\u00edvel de lit\u00edgios ir\u00e1 se estabilizar em um n\u00edvel bem mais baixo do que n\u00f3s temos hoje&#8221;, afirmou.<\/p>\n\n\n\n<p>Hoje, conforme destacou o secret\u00e1rio, o maior n\u00edvel de lit\u00edgio envolvendo o ICMS \u00e9 o que d\u00e1 o direito ao cr\u00e9dito. No novo modelo, a proposta \u00e9 de que tudo possibilite ao contribuinte usufruir do cr\u00e9dito de ICMS, com exce\u00e7\u00e3o apenas do que \u00e9 de uso e consumo pessoal. Segundo ele, esse novo modelo de tributa\u00e7\u00e3o est\u00e1 sendo elaborado para tornar todo o sistema mais simples e mais eficiente, al\u00e9m de possibilitar a redu\u00e7\u00e3o de disputas litigiosas dentro do sistema tribut\u00e1rio.<\/p>\n\n\n\n<p>Durante o evento, Appy ressaltou que tem discutido com o Senado Federal sobre o&nbsp;<a rel=\"noreferrer noopener\" target=\"_blank\" href=\"https:\/\/www25.senado.leg.br\/web\/atividade\/materias\/-\/materia\/166095\">Projeto de Lei Complementar 108\/2024<\/a>, que institui o Comit\u00ea Gestor do IBS, e sobre eventuais ajustes da proposta. &#8220;Ainda falta a discuss\u00e3o pol\u00edtica, mas acredito que, em um prazo relativamente curto, a tend\u00eancia \u00e9 que o projeto seja apresentado para ser votado no Senado&#8221;, declarou.<\/p>\n\n\n\n<p><strong>Imposto seletivo<\/strong><\/p>\n\n\n\n<p>Al\u00e9m do Comit\u00ea Gestor, o secret\u00e1rio destacou que a elabora\u00e7\u00e3o dos projetos de lei que definir\u00e3o as al\u00edquotas do imposto seletivo e o de regulamenta\u00e7\u00e3o da transfer\u00eancia de recursos para o Fundo de Desenvolvimento Regional e para o Fundo de Compensa\u00e7\u00e3o de Benef\u00edcios est\u00e3o bastante avan\u00e7ados, e que ambos podem ser entregues ao Congresso Nacional no segundo semestre deste ano.<\/p>\n\n\n\n<p>O envio dos projetos, segundo Appy, n\u00e3o depender\u00e1 da aprova\u00e7\u00e3o do PLP 108\/2024, visto que eles s\u00e3o processos paralelos que n\u00e3o interferem um no outro. Contudo, apesar de levantar a possibilidade de entrega das propostas, ressaltou que essa \u00e9 uma decis\u00e3o que n\u00e3o depender\u00e1 dele, mas da espera de uma decis\u00e3o &#8220;pol\u00edtica&#8221;.<\/p>\n\n\n\n<p>O secret\u00e1rio ainda informou que a montagem dos projetos-pilotos para a cobran\u00e7a da CBS e do funcionamento do split payment j\u00e1 est\u00e3o sendo desenvolvidos conjuntamente pelos estados e munic\u00edpios, assim como pela Receita Federal. A ideia, conforme a ilustra\u00e7\u00e3o de Appy, \u00e9 que tenha uma plataforma de interfaces para os contribuintes \u2013 seja uma s\u00f3 para o IBS e CBS, seja um sistema de apura\u00e7\u00e3o com as mesmas regras \u2013, funcionando um para o IBS e outro para a CBS, em paralelo.<\/p>\n\n\n\n<p><strong>Efeitos da reforma sobre o PIB<\/strong><\/p>\n\n\n\n<p>Em outro momento de sua fala, o secret\u00e1rio afirmou que os efeitos da reforma tribut\u00e1ria sobre o Produto Interno Bruto (PIB) dependem de v\u00e1rios fatores, um deles sendo a desonera\u00e7\u00e3o de investimentos e exporta\u00e7\u00f5es que, em sua opini\u00e3o, ser\u00e1 sentido ao longo da transi\u00e7\u00e3o e na propor\u00e7\u00e3o da transi\u00e7\u00e3o tribut\u00e1ria.<\/p>\n\n\n\n<p>Outro efeito citado pelo secret\u00e1rio tem a ver com a simplifica\u00e7\u00e3o do sistema com a extin\u00e7\u00e3o do PIS e da Cofins e a substitui\u00e7\u00e3o para o novo sistema tribut\u00e1rio, que poder\u00e1 come\u00e7ar a ser sentido a partir de 2027. Para Appy, o &#8220;grosso da simplica\u00e7\u00e3o&#8221; do sistema ser\u00e1 em 2033 com o fim do ICMS que, segundo ele, \u00e9 &#8220;disparado o tributo mais complexo hoje no Brasil&#8221;.<\/p>\n\n\n\n<p>De acordo com ele, uma outra parte tamb\u00e9m importante dos efeitos do PIB est\u00e1 relacionada \u00e0 decis\u00e3o de investimentos das empresas. &#8220;As empresas, ao investirem, decidem investir com base no novo sistema tribut\u00e1rio e se organizar de uma forma mais eficiente do que se o investimento fosse feito com base no velho sistema tribut\u00e1rio. E esse efeito vai acontecendo ao longo da transi\u00e7\u00e3o&#8221;, afirmou.<\/p>\n\n\n\n<p>&#8220;Uma parte est\u00e1 come\u00e7ando desde j\u00e1, acho que ainda h\u00e1 pouco, mas j\u00e1 est\u00e1 come\u00e7ando e vai se estender at\u00e9 depois de 2033 ainda esse efeito. A gente espera que o grosso desses efeitos apare\u00e7a at\u00e9 a segunda metade dos anos 30 nessa quest\u00e3o do investimento das empresas. Acho que at\u00e9 a segunda metade dos anos 30 o grosso dos efeitos j\u00e1 vai ter aparecido&#8221;, concluiu.<\/p>\n\n\n\n<blockquote class=\"wp-block-quote is-layout-flow wp-block-quote-is-layout-flow\">\n<p>Source:&nbsp;<a rel=\"noreferrer noopener\" target=\"_blank\" href=\"https:\/\/www.jota.info\/tributos\/chance-de-que-ibs-e-cbs-sejam-usados-com-fins-arrecadatorios-em-2026-e-zero-diz-appy\">https:\/\/www.jota.info\/tributos\/chance-de-que-ibs-e-cbs-sejam-usados-com-fins-arrecadatorios-em-2026-e-zero-diz-appy<\/a><\/p>\n<\/blockquote>\n\n\n\n<p><\/p>","protected":false},"excerpt":{"rendered":"<p>O secret\u00e1rio extraordin\u00e1rio da Reforma Tribut\u00e1ria do Minist\u00e9rio da Fazenda, Bernard Appy, disse nesta segunda-feira (30\/6) que o ano de 2026 ser\u00e1 um &#8220;ano de teste&#8221; e que a chance de que o Imposto sobre Bens e Servi\u00e7os (IBS) e a Contribui\u00e7\u00e3o sobre Bens e Servi\u00e7os (CBS) sejam utilizados com fins arrecadat\u00f3rios \u00e9 zero, e [&hellip;]<\/p>","protected":false},"author":8,"featured_media":1711,"comment_status":"open","ping_status":"open","sticky":false,"template":"","format":"standard","meta":{"_monsterinsights_skip_tracking":false,"_monsterinsights_sitenote_active":false,"_monsterinsights_sitenote_note":"","_monsterinsights_sitenote_category":0,"footnotes":""},"categories":[76],"tags":[586,532,533],"class_list":["post-1710","post","type-post","status-publish","format-standard","has-post-thumbnail","hentry","category-noticias","tag-appy","tag-cbs","tag-ibs"],"yoast_head":"<!-- This site is optimized with the Yoast SEO plugin v27.2 - https:\/\/yoast.com\/product\/yoast-seo-wordpress\/ -->\n<title>&#039;Chance de que IBS e CBS sejam usados com fins arrecadat\u00f3rios em 2026 \u00e9 zero&#039;, diz Appy - Hands on Solutions<\/title>\n<meta name=\"robots\" content=\"index, follow, max-snippet:-1, max-image-preview:large, max-video-preview:-1\" \/>\n<link rel=\"canonical\" href=\"https:\/\/www.hsce.com.br\/en\/chance-de-que-ibs-e-cbs-sejam-usados-com-fins-arrecadatorios-em-2026-e-zero-diz-appy\/\" \/>\n<meta property=\"og:locale\" content=\"en_US\" \/>\n<meta property=\"og:type\" content=\"article\" \/>\n<meta property=\"og:title\" content=\"&#039;Chance de que IBS e CBS sejam usados com fins arrecadat\u00f3rios em 2026 \u00e9 zero&#039;, diz Appy - Hands on Solutions\" \/>\n<meta property=\"og:description\" content=\"O secret\u00e1rio extraordin\u00e1rio da Reforma Tribut\u00e1ria do Minist\u00e9rio da Fazenda, Bernard Appy, disse nesta segunda-feira (30\/6) que o ano de 2026 ser\u00e1 um &#8220;ano de teste&#8221; e que a chance de que o Imposto sobre Bens e Servi\u00e7os (IBS) e a Contribui\u00e7\u00e3o sobre Bens e Servi\u00e7os (CBS) sejam utilizados com fins arrecadat\u00f3rios \u00e9 zero, e [&hellip;]\" \/>\n<meta property=\"og:url\" content=\"https:\/\/www.hsce.com.br\/en\/chance-de-que-ibs-e-cbs-sejam-usados-com-fins-arrecadatorios-em-2026-e-zero-diz-appy\/\" \/>\n<meta property=\"og:site_name\" content=\"Hands on Solutions\" \/>\n<meta property=\"article:published_time\" content=\"2025-07-04T16:16:11+00:00\" \/>\n<meta property=\"article:modified_time\" content=\"2025-07-04T16:16:12+00:00\" \/>\n<meta property=\"og:image\" content=\"https:\/\/www.hsce.com.br\/wp-content\/uploads\/2025\/07\/0g0a4274-scaled.jpg\" \/>\n\t<meta property=\"og:image:width\" content=\"2560\" \/>\n\t<meta property=\"og:image:height\" content=\"1707\" \/>\n\t<meta property=\"og:image:type\" content=\"image\/jpeg\" \/>\n<meta name=\"author\" content=\"hsce\" \/>\n<meta name=\"twitter:label1\" content=\"Written by\" \/>\n\t<meta name=\"twitter:data1\" content=\"hsce\" \/>\n\t<meta name=\"twitter:label2\" content=\"Est. reading time\" \/>\n\t<meta name=\"twitter:data2\" content=\"5 minutes\" \/>\n<script type=\"application\/ld+json\" class=\"yoast-schema-graph\">{\"@context\":\"https:\/\/schema.org\",\"@graph\":[{\"@type\":\"Article\",\"@id\":\"https:\/\/www.hsce.com.br\/chance-de-que-ibs-e-cbs-sejam-usados-com-fins-arrecadatorios-em-2026-e-zero-diz-appy\/#article\",\"isPartOf\":{\"@id\":\"https:\/\/www.hsce.com.br\/chance-de-que-ibs-e-cbs-sejam-usados-com-fins-arrecadatorios-em-2026-e-zero-diz-appy\/\"},\"author\":{\"name\":\"hsce\",\"@id\":\"https:\/\/www.hsce.com.br\/#\/schema\/person\/ce400a0e9f66b1195f845fb1fdca8b33\"},\"headline\":\"&#8216;Chance de que IBS e CBS sejam usados com fins arrecadat\u00f3rios em 2026 \u00e9 zero&#8217;, diz Appy\",\"datePublished\":\"2025-07-04T16:16:11+00:00\",\"dateModified\":\"2025-07-04T16:16:12+00:00\",\"mainEntityOfPage\":{\"@id\":\"https:\/\/www.hsce.com.br\/chance-de-que-ibs-e-cbs-sejam-usados-com-fins-arrecadatorios-em-2026-e-zero-diz-appy\/\"},\"wordCount\":945,\"commentCount\":0,\"publisher\":{\"@id\":\"https:\/\/www.hsce.com.br\/#organization\"},\"image\":{\"@id\":\"https:\/\/www.hsce.com.br\/chance-de-que-ibs-e-cbs-sejam-usados-com-fins-arrecadatorios-em-2026-e-zero-diz-appy\/#primaryimage\"},\"thumbnailUrl\":\"https:\/\/www.hsce.com.br\/wp-content\/uploads\/2025\/07\/0g0a4274-scaled.jpg\",\"keywords\":[\"#Appy\",\"#CBS\",\"#IBS\"],\"articleSection\":[\"Not\u00edcias\"],\"inLanguage\":\"en-US\",\"potentialAction\":[{\"@type\":\"CommentAction\",\"name\":\"Comment\",\"target\":[\"https:\/\/www.hsce.com.br\/chance-de-que-ibs-e-cbs-sejam-usados-com-fins-arrecadatorios-em-2026-e-zero-diz-appy\/#respond\"]}]},{\"@type\":\"WebPage\",\"@id\":\"https:\/\/www.hsce.com.br\/chance-de-que-ibs-e-cbs-sejam-usados-com-fins-arrecadatorios-em-2026-e-zero-diz-appy\/\",\"url\":\"https:\/\/www.hsce.com.br\/chance-de-que-ibs-e-cbs-sejam-usados-com-fins-arrecadatorios-em-2026-e-zero-diz-appy\/\",\"name\":\"'Chance de que IBS e CBS sejam usados com fins arrecadat\u00f3rios em 2026 \u00e9 zero', diz Appy - Hands on Solutions\",\"isPartOf\":{\"@id\":\"https:\/\/www.hsce.com.br\/#website\"},\"primaryImageOfPage\":{\"@id\":\"https:\/\/www.hsce.com.br\/chance-de-que-ibs-e-cbs-sejam-usados-com-fins-arrecadatorios-em-2026-e-zero-diz-appy\/#primaryimage\"},\"image\":{\"@id\":\"https:\/\/www.hsce.com.br\/chance-de-que-ibs-e-cbs-sejam-usados-com-fins-arrecadatorios-em-2026-e-zero-diz-appy\/#primaryimage\"},\"thumbnailUrl\":\"https:\/\/www.hsce.com.br\/wp-content\/uploads\/2025\/07\/0g0a4274-scaled.jpg\",\"datePublished\":\"2025-07-04T16:16:11+00:00\",\"dateModified\":\"2025-07-04T16:16:12+00:00\",\"breadcrumb\":{\"@id\":\"https:\/\/www.hsce.com.br\/chance-de-que-ibs-e-cbs-sejam-usados-com-fins-arrecadatorios-em-2026-e-zero-diz-appy\/#breadcrumb\"},\"inLanguage\":\"en-US\",\"potentialAction\":[{\"@type\":\"ReadAction\",\"target\":[\"https:\/\/www.hsce.com.br\/chance-de-que-ibs-e-cbs-sejam-usados-com-fins-arrecadatorios-em-2026-e-zero-diz-appy\/\"]}]},{\"@type\":\"ImageObject\",\"inLanguage\":\"en-US\",\"@id\":\"https:\/\/www.hsce.com.br\/chance-de-que-ibs-e-cbs-sejam-usados-com-fins-arrecadatorios-em-2026-e-zero-diz-appy\/#primaryimage\",\"url\":\"https:\/\/www.hsce.com.br\/wp-content\/uploads\/2025\/07\/0g0a4274-scaled.jpg\",\"contentUrl\":\"https:\/\/www.hsce.com.br\/wp-content\/uploads\/2025\/07\/0g0a4274-scaled.jpg\",\"width\":2560,\"height\":1707,\"caption\":\"S\u00e3o Paulo (SP), 30\/06\/2025 - O secret\u00e1rio extraordin\u00e1rio da Reforma Tribut\u00e1ria do Minist\u00e9rio da Fazenda, Bernard Appy, realiza palestra sobre a moderniza\u00e7\u00e3o do sistema tribut\u00e1rio brasileiro para o Instituto dos Advogados de S\u00e3o Paulo (IASP), no Hotel Intercontinental. Foto: Rovena Rosa\/Ag\u00eancia Brasil\"},{\"@type\":\"BreadcrumbList\",\"@id\":\"https:\/\/www.hsce.com.br\/chance-de-que-ibs-e-cbs-sejam-usados-com-fins-arrecadatorios-em-2026-e-zero-diz-appy\/#breadcrumb\",\"itemListElement\":[{\"@type\":\"ListItem\",\"position\":1,\"name\":\"In\u00edcio\",\"item\":\"https:\/\/www.hsce.com.br\/\"},{\"@type\":\"ListItem\",\"position\":2,\"name\":\"&#8216;Chance de que IBS e CBS sejam usados com fins arrecadat\u00f3rios em 2026 \u00e9 zero&#8217;, diz Appy\"}]},{\"@type\":\"WebSite\",\"@id\":\"https:\/\/www.hsce.com.br\/#website\",\"url\":\"https:\/\/www.hsce.com.br\/\",\"name\":\"Hands on Solutions\",\"description\":\"\",\"publisher\":{\"@id\":\"https:\/\/www.hsce.com.br\/#organization\"},\"potentialAction\":[{\"@type\":\"SearchAction\",\"target\":{\"@type\":\"EntryPoint\",\"urlTemplate\":\"https:\/\/www.hsce.com.br\/?s={search_term_string}\"},\"query-input\":{\"@type\":\"PropertyValueSpecification\",\"valueRequired\":true,\"valueName\":\"search_term_string\"}}],\"inLanguage\":\"en-US\"},{\"@type\":\"Organization\",\"@id\":\"https:\/\/www.hsce.com.br\/#organization\",\"name\":\"Hands on Solutions\",\"url\":\"https:\/\/www.hsce.com.br\/\",\"logo\":{\"@type\":\"ImageObject\",\"inLanguage\":\"en-US\",\"@id\":\"https:\/\/www.hsce.com.br\/#\/schema\/logo\/image\/\",\"url\":\"https:\/\/www.hsce.com.br\/wp-content\/uploads\/2015\/09\/handson.png\",\"contentUrl\":\"https:\/\/www.hsce.com.br\/wp-content\/uploads\/2015\/09\/handson.png\",\"width\":230,\"height\":68,\"caption\":\"Hands on Solutions\"},\"image\":{\"@id\":\"https:\/\/www.hsce.com.br\/#\/schema\/logo\/image\/\"},\"sameAs\":[\"https:\/\/www.linkedin.com\/company\/hsce-ltda?trk=company_logo\"]},{\"@type\":\"Person\",\"@id\":\"https:\/\/www.hsce.com.br\/#\/schema\/person\/ce400a0e9f66b1195f845fb1fdca8b33\",\"name\":\"hsce\",\"image\":{\"@type\":\"ImageObject\",\"inLanguage\":\"en-US\",\"@id\":\"https:\/\/secure.gravatar.com\/avatar\/5cfe77ad71593df19912d9dffea7f5a8f3b3f45feff1ac302d60b22d3629b491?s=96&d=mm&r=g\",\"url\":\"https:\/\/secure.gravatar.com\/avatar\/5cfe77ad71593df19912d9dffea7f5a8f3b3f45feff1ac302d60b22d3629b491?s=96&d=mm&r=g\",\"contentUrl\":\"https:\/\/secure.gravatar.com\/avatar\/5cfe77ad71593df19912d9dffea7f5a8f3b3f45feff1ac302d60b22d3629b491?s=96&d=mm&r=g\",\"caption\":\"hsce\"},\"url\":\"https:\/\/www.hsce.com.br\/en\/author\/hsce\/\"}]}<\/script>\n<!-- \/ Yoast SEO plugin. -->","yoast_head_json":{"title":"'Chance de que IBS e CBS sejam usados com fins arrecadat\u00f3rios em 2026 \u00e9 zero', diz Appy - Hands on Solutions","robots":{"index":"index","follow":"follow","max-snippet":"max-snippet:-1","max-image-preview":"max-image-preview:large","max-video-preview":"max-video-preview:-1"},"canonical":"https:\/\/www.hsce.com.br\/en\/chance-de-que-ibs-e-cbs-sejam-usados-com-fins-arrecadatorios-em-2026-e-zero-diz-appy\/","og_locale":"en_US","og_type":"article","og_title":"'Chance de que IBS e CBS sejam usados com fins arrecadat\u00f3rios em 2026 \u00e9 zero', diz Appy - Hands on Solutions","og_description":"O secret\u00e1rio extraordin\u00e1rio da Reforma Tribut\u00e1ria do Minist\u00e9rio da Fazenda, Bernard Appy, disse nesta segunda-feira (30\/6) que o ano de 2026 ser\u00e1 um &#8220;ano de teste&#8221; e que a chance de que o Imposto sobre Bens e Servi\u00e7os (IBS) e a Contribui\u00e7\u00e3o sobre Bens e Servi\u00e7os (CBS) sejam utilizados com fins arrecadat\u00f3rios \u00e9 zero, e [&hellip;]","og_url":"https:\/\/www.hsce.com.br\/en\/chance-de-que-ibs-e-cbs-sejam-usados-com-fins-arrecadatorios-em-2026-e-zero-diz-appy\/","og_site_name":"Hands on Solutions","article_published_time":"2025-07-04T16:16:11+00:00","article_modified_time":"2025-07-04T16:16:12+00:00","og_image":[{"width":2560,"height":1707,"url":"https:\/\/www.hsce.com.br\/wp-content\/uploads\/2025\/07\/0g0a4274-scaled.jpg","type":"image\/jpeg"}],"author":"hsce","twitter_misc":{"Written by":"hsce","Est. reading time":"5 minutes"},"schema":{"@context":"https:\/\/schema.org","@graph":[{"@type":"Article","@id":"https:\/\/www.hsce.com.br\/chance-de-que-ibs-e-cbs-sejam-usados-com-fins-arrecadatorios-em-2026-e-zero-diz-appy\/#article","isPartOf":{"@id":"https:\/\/www.hsce.com.br\/chance-de-que-ibs-e-cbs-sejam-usados-com-fins-arrecadatorios-em-2026-e-zero-diz-appy\/"},"author":{"name":"hsce","@id":"https:\/\/www.hsce.com.br\/#\/schema\/person\/ce400a0e9f66b1195f845fb1fdca8b33"},"headline":"&#8216;Chance de que IBS e CBS sejam usados com fins arrecadat\u00f3rios em 2026 \u00e9 zero&#8217;, diz Appy","datePublished":"2025-07-04T16:16:11+00:00","dateModified":"2025-07-04T16:16:12+00:00","mainEntityOfPage":{"@id":"https:\/\/www.hsce.com.br\/chance-de-que-ibs-e-cbs-sejam-usados-com-fins-arrecadatorios-em-2026-e-zero-diz-appy\/"},"wordCount":945,"commentCount":0,"publisher":{"@id":"https:\/\/www.hsce.com.br\/#organization"},"image":{"@id":"https:\/\/www.hsce.com.br\/chance-de-que-ibs-e-cbs-sejam-usados-com-fins-arrecadatorios-em-2026-e-zero-diz-appy\/#primaryimage"},"thumbnailUrl":"https:\/\/www.hsce.com.br\/wp-content\/uploads\/2025\/07\/0g0a4274-scaled.jpg","keywords":["#Appy","#CBS","#IBS"],"articleSection":["Not\u00edcias"],"inLanguage":"en-US","potentialAction":[{"@type":"CommentAction","name":"Comment","target":["https:\/\/www.hsce.com.br\/chance-de-que-ibs-e-cbs-sejam-usados-com-fins-arrecadatorios-em-2026-e-zero-diz-appy\/#respond"]}]},{"@type":"WebPage","@id":"https:\/\/www.hsce.com.br\/chance-de-que-ibs-e-cbs-sejam-usados-com-fins-arrecadatorios-em-2026-e-zero-diz-appy\/","url":"https:\/\/www.hsce.com.br\/chance-de-que-ibs-e-cbs-sejam-usados-com-fins-arrecadatorios-em-2026-e-zero-diz-appy\/","name":"'Chance de que IBS e CBS sejam usados com fins arrecadat\u00f3rios em 2026 \u00e9 zero', diz Appy - Hands on Solutions","isPartOf":{"@id":"https:\/\/www.hsce.com.br\/#website"},"primaryImageOfPage":{"@id":"https:\/\/www.hsce.com.br\/chance-de-que-ibs-e-cbs-sejam-usados-com-fins-arrecadatorios-em-2026-e-zero-diz-appy\/#primaryimage"},"image":{"@id":"https:\/\/www.hsce.com.br\/chance-de-que-ibs-e-cbs-sejam-usados-com-fins-arrecadatorios-em-2026-e-zero-diz-appy\/#primaryimage"},"thumbnailUrl":"https:\/\/www.hsce.com.br\/wp-content\/uploads\/2025\/07\/0g0a4274-scaled.jpg","datePublished":"2025-07-04T16:16:11+00:00","dateModified":"2025-07-04T16:16:12+00:00","breadcrumb":{"@id":"https:\/\/www.hsce.com.br\/chance-de-que-ibs-e-cbs-sejam-usados-com-fins-arrecadatorios-em-2026-e-zero-diz-appy\/#breadcrumb"},"inLanguage":"en-US","potentialAction":[{"@type":"ReadAction","target":["https:\/\/www.hsce.com.br\/chance-de-que-ibs-e-cbs-sejam-usados-com-fins-arrecadatorios-em-2026-e-zero-diz-appy\/"]}]},{"@type":"ImageObject","inLanguage":"en-US","@id":"https:\/\/www.hsce.com.br\/chance-de-que-ibs-e-cbs-sejam-usados-com-fins-arrecadatorios-em-2026-e-zero-diz-appy\/#primaryimage","url":"https:\/\/www.hsce.com.br\/wp-content\/uploads\/2025\/07\/0g0a4274-scaled.jpg","contentUrl":"https:\/\/www.hsce.com.br\/wp-content\/uploads\/2025\/07\/0g0a4274-scaled.jpg","width":2560,"height":1707,"caption":"S\u00e3o Paulo (SP), 30\/06\/2025 - O secret\u00e1rio extraordin\u00e1rio da Reforma Tribut\u00e1ria do Minist\u00e9rio da Fazenda, Bernard Appy, realiza palestra sobre a moderniza\u00e7\u00e3o do sistema tribut\u00e1rio brasileiro para o Instituto dos Advogados de S\u00e3o Paulo (IASP), no Hotel Intercontinental. Foto: Rovena Rosa\/Ag\u00eancia Brasil"},{"@type":"BreadcrumbList","@id":"https:\/\/www.hsce.com.br\/chance-de-que-ibs-e-cbs-sejam-usados-com-fins-arrecadatorios-em-2026-e-zero-diz-appy\/#breadcrumb","itemListElement":[{"@type":"ListItem","position":1,"name":"In\u00edcio","item":"https:\/\/www.hsce.com.br\/"},{"@type":"ListItem","position":2,"name":"&#8216;Chance de que IBS e CBS sejam usados com fins arrecadat\u00f3rios em 2026 \u00e9 zero&#8217;, diz Appy"}]},{"@type":"WebSite","@id":"https:\/\/www.hsce.com.br\/#website","url":"https:\/\/www.hsce.com.br\/","name":"Hands on Solutions","description":"","publisher":{"@id":"https:\/\/www.hsce.com.br\/#organization"},"potentialAction":[{"@type":"SearchAction","target":{"@type":"EntryPoint","urlTemplate":"https:\/\/www.hsce.com.br\/?s={search_term_string}"},"query-input":{"@type":"PropertyValueSpecification","valueRequired":true,"valueName":"search_term_string"}}],"inLanguage":"en-US"},{"@type":"Organization","@id":"https:\/\/www.hsce.com.br\/#organization","name":"Hands on Solutions","url":"https:\/\/www.hsce.com.br\/","logo":{"@type":"ImageObject","inLanguage":"en-US","@id":"https:\/\/www.hsce.com.br\/#\/schema\/logo\/image\/","url":"https:\/\/www.hsce.com.br\/wp-content\/uploads\/2015\/09\/handson.png","contentUrl":"https:\/\/www.hsce.com.br\/wp-content\/uploads\/2015\/09\/handson.png","width":230,"height":68,"caption":"Hands on Solutions"},"image":{"@id":"https:\/\/www.hsce.com.br\/#\/schema\/logo\/image\/"},"sameAs":["https:\/\/www.linkedin.com\/company\/hsce-ltda?trk=company_logo"]},{"@type":"Person","@id":"https:\/\/www.hsce.com.br\/#\/schema\/person\/ce400a0e9f66b1195f845fb1fdca8b33","name":"hsce","image":{"@type":"ImageObject","inLanguage":"en-US","@id":"https:\/\/secure.gravatar.com\/avatar\/5cfe77ad71593df19912d9dffea7f5a8f3b3f45feff1ac302d60b22d3629b491?s=96&d=mm&r=g","url":"https:\/\/secure.gravatar.com\/avatar\/5cfe77ad71593df19912d9dffea7f5a8f3b3f45feff1ac302d60b22d3629b491?s=96&d=mm&r=g","contentUrl":"https:\/\/secure.gravatar.com\/avatar\/5cfe77ad71593df19912d9dffea7f5a8f3b3f45feff1ac302d60b22d3629b491?s=96&d=mm&r=g","caption":"hsce"},"url":"https:\/\/www.hsce.com.br\/en\/author\/hsce\/"}]}},"_links":{"self":[{"href":"https:\/\/www.hsce.com.br\/en\/wp-json\/wp\/v2\/posts\/1710","targetHints":{"allow":["GET"]}}],"collection":[{"href":"https:\/\/www.hsce.com.br\/en\/wp-json\/wp\/v2\/posts"}],"about":[{"href":"https:\/\/www.hsce.com.br\/en\/wp-json\/wp\/v2\/types\/post"}],"author":[{"embeddable":true,"href":"https:\/\/www.hsce.com.br\/en\/wp-json\/wp\/v2\/users\/8"}],"replies":[{"embeddable":true,"href":"https:\/\/www.hsce.com.br\/en\/wp-json\/wp\/v2\/comments?post=1710"}],"version-history":[{"count":1,"href":"https:\/\/www.hsce.com.br\/en\/wp-json\/wp\/v2\/posts\/1710\/revisions"}],"predecessor-version":[{"id":1712,"href":"https:\/\/www.hsce.com.br\/en\/wp-json\/wp\/v2\/posts\/1710\/revisions\/1712"}],"wp:featuredmedia":[{"embeddable":true,"href":"https:\/\/www.hsce.com.br\/en\/wp-json\/wp\/v2\/media\/1711"}],"wp:attachment":[{"href":"https:\/\/www.hsce.com.br\/en\/wp-json\/wp\/v2\/media?parent=1710"}],"wp:term":[{"taxonomy":"category","embeddable":true,"href":"https:\/\/www.hsce.com.br\/en\/wp-json\/wp\/v2\/categories?post=1710"},{"taxonomy":"post_tag","embeddable":true,"href":"https:\/\/www.hsce.com.br\/en\/wp-json\/wp\/v2\/tags?post=1710"}],"curies":[{"name":"wp","href":"https:\/\/api.w.org\/{rel}","templated":true}]}}