{"id":1691,"date":"2025-06-18T17:20:03","date_gmt":"2025-06-18T17:20:03","guid":{"rendered":"http:\/\/www.hsce.com.br\/?p=1691"},"modified":"2025-06-18T17:20:03","modified_gmt":"2025-06-18T17:20:03","slug":"stj-isenta-de-pis-cofins-todas-as-operacoes-a-contribuintes-na-zona-franca","status":"publish","type":"post","link":"https:\/\/www.hsce.com.br\/en\/stj-isenta-de-pis-cofins-todas-as-operacoes-a-contribuintes-na-zona-franca\/","title":{"rendered":"STJ isenta de PIS\/Cofins todas as opera\u00e7\u00f5es a contribuintes na Zona Franca"},"content":{"rendered":"<p>Os ministros da 1\u00aa Se\u00e7\u00e3o definiram, nesta quarta-feira (11\/6), que n\u00e3o incidem PIS e Cofins sobre todas as opera\u00e7\u00f5es a contribuintes localizados na Zona Franca de Manaus. A decis\u00e3o vencedora permite a n\u00e3o tributa\u00e7\u00e3o tanto de mercadorias quanto de servi\u00e7os, al\u00e9m de valer para bens nacionais e nacionalizados. Ainda, o precedente abrange tanto os casos em que a opera\u00e7\u00e3o envolve uma pessoa f\u00edsica quanto uma pessoa jur\u00eddica localizada na Zona Franca, e n\u00e3o diferencia o local em que est\u00e1 o prestador do servi\u00e7o ou o fornecedor da mercadoria, se dentro ou fora da regi\u00e3o com tratamento tribut\u00e1rio privilegiado.<\/p>\n\n\n\n<p>O entendimento foi tomado por meio da sistem\u00e1tica dos recursos repetitivos, o que significa que as demais inst\u00e2ncias do Judici\u00e1rio e o Conselho Administrativo de Recursos Fiscais (Carf) s\u00e3o obrigados a seguir o entendimento. O Supremo Tribunal Federal (STF) j\u00e1 analisou o assunto por meio do Tema 136, e considerou o assunto infraconstitucional. Isso significa que a posi\u00e7\u00e3o tomada nesta quarta \u00e9 a palavra final sobre a quest\u00e3o.<\/p>\n\n\n\n<p>O Tema 1239 tem como relator o ministro Gurgel de Faria, que considerou que os incentivos \u00e0 Zona Franca de Manaus devem ser analisados de forma extensiva, \u201cde modo a concretizar o objetivo fundamental da Rep\u00fablica Federativa do Brasil relacionadas \u00e0s redu\u00e7\u00f5es das desigualdades sociais e regionais\u201d, al\u00e9m de contribuir para a preserva\u00e7\u00e3o do meio ambiente e da cultura da regi\u00e3o.<\/p>\n\n\n\n<p>Ainda de acordo com o ministro, restringir os benef\u00edcios nos casos em que h\u00e1 presta\u00e7\u00e3o de servi\u00e7o &#8211; e n\u00e3o venda de mercadoria &#8211; ou quando o vendedor ou prestador de servi\u00e7os est\u00e1 fora da Zona Franca \u201caumentaria a carga tribut\u00e1ria exatamente para os empreendedores da regi\u00e3o, que deve ser beneficiada pelos incentivos fiscais, desestimulando a economia dentro da pr\u00f3pria \u00e1rea\u201d.<\/p>\n\n\n\n<p>Por unanimidade, foi fixada a seguinte tese: \u201cn\u00e3o incide a contribui\u00e7\u00e3o ao PIS e \u00e0 Cofins sobre as receitas advindas da presta\u00e7\u00e3o de servi\u00e7os e da venda de mercadorias nacionais ou nacionalizadas a pessoas f\u00edsicas e jur\u00eddicas no \u00e2mbito da Zona Franca de Manaus\u201d.<\/p>\n\n\n\n<p>Representante da Associa\u00e7\u00e3o Comercial do Amazonas, que atua como amicus curiae nos repetitivos, o advogado Heleno Torres comemorou a decis\u00e3o. Para ele, a decis\u00e3o consolida a jurisprud\u00eancia favor\u00e1vel aos contribuintes e representa \u201cum grande avan\u00e7o \u00e0 solidifica\u00e7\u00e3o do diferencial competitivo da Zona Franca de Manaus\u201d.<\/p>\n\n\n\n<p>Advogado de defesa, Thiago Mancini Milanese afirmou que a decis\u00e3o coloca fim a uma discuss\u00e3o de pelo menos 15 anos. \u201c\u00c9 um impacto positivo para as empresas e para a Zona Franca de Manaus. Fortalece o entendimento neste momento importante de mudan\u00e7as do sistema tribut\u00e1rio\u201d, disse.<\/p>\n\n\n\n<p>N\u00e3o h\u00e1 estimativa do impacto fiscal da decis\u00e3o. Contudo, segundo Victor Bastos da Costa, que representa a Associa\u00e7\u00e3o PanAmaz\u00f4nia, s\u00e3o milhares os processos que tratam do tema.<\/p>\n\n\n\n<p>J\u00e1 a procuradora Herta Rani Teles, da Procuradoria-Geral da Fazenda Nacional (PGFN), defende que a Zona Franca &#8220;merece ser observada com os devidos contornos&#8221;. &#8220;H\u00e1 casos de benef\u00edcios e isen\u00e7\u00f5es que n\u00e3o foram objeto do Poder Legislativo, n\u00e3o est\u00e3o previstas expressamente na lei e est\u00e3o gerando isen\u00e7\u00f5es em cascata. O direito tribut\u00e1rio n\u00e3o concebe isen\u00e7\u00e3o ou benef\u00edcio fiscal por equival\u00eancia e h\u00e1 muitos assim na Zona Franca de Manaus&#8221;, afirmou.<\/p>\n\n\n\n<p>Colegiado: 1\u00aa Se\u00e7\u00e3o<\/p>\n\n\n\n<p>Processo: REsp 2093050\/AM e outros (<a rel=\"noreferrer noopener\" target=\"_blank\" href=\"https:\/\/processo.stj.jus.br\/repetitivos\/temas_repetitivos\/pesquisa.jsp?novaConsulta=true&amp;tipo_pesquisa=T&amp;cod_tema_inicial=1239&amp;cod_tema_final=1239\">Tema 1239<\/a>)<\/p>\n\n\n\n<p>Partes: Fazenda Nacional X E. L. Reis Com\u00e9rcio de \u00d3tica Ltda e filial(is), \u00d3tica Veja Manaus Com\u00e9rcio de \u00d3tica Ltda e filial(is)<\/p>\n\n\n\n<p>Relator: Gurgel de Faria<\/p>\n\n\n\n<blockquote class=\"wp-block-quote is-layout-flow wp-block-quote-is-layout-flow\">\n<p>Source:&nbsp;<a rel=\"noreferrer noopener\" target=\"_blank\" href=\"https:\/\/www.jota.info\/tributos\/direto-da-corte\/stj-isenta-de-piscofins-todas-as-operacoes-a-contribuintes-na-zona-franca\">https:\/\/www.jota.info\/tributos\/direto-da-corte\/stj-isenta-de-piscofins-todas-as-operacoes-a-contribuintes-na-zona-franca<\/a><\/p>\n<\/blockquote>","protected":false},"excerpt":{"rendered":"<p>Os ministros da 1\u00aa Se\u00e7\u00e3o definiram, nesta quarta-feira (11\/6), que n\u00e3o incidem PIS e Cofins sobre todas as opera\u00e7\u00f5es a contribuintes localizados na Zona Franca de Manaus. A decis\u00e3o vencedora permite a n\u00e3o tributa\u00e7\u00e3o tanto de mercadorias quanto de servi\u00e7os, al\u00e9m de valer para bens nacionais e nacionalizados. Ainda, o precedente abrange tanto os casos [&hellip;]<\/p>","protected":false},"author":8,"featured_media":1692,"comment_status":"open","ping_status":"open","sticky":false,"template":"","format":"standard","meta":{"_monsterinsights_skip_tracking":false,"_monsterinsights_sitenote_active":false,"_monsterinsights_sitenote_note":"","_monsterinsights_sitenote_category":0,"footnotes":""},"categories":[76],"tags":[90,89,155],"class_list":["post-1691","post","type-post","status-publish","format-standard","has-post-thumbnail","hentry","category-noticias","tag-cofins","tag-pis","tag-stj-2"],"yoast_head":"<!-- This site is optimized with the Yoast SEO plugin v27.2 - https:\/\/yoast.com\/product\/yoast-seo-wordpress\/ -->\n<title>STJ isenta de PIS\/Cofins todas as opera\u00e7\u00f5es a contribuintes na Zona Franca - Hands on Solutions<\/title>\n<meta name=\"robots\" content=\"index, follow, max-snippet:-1, max-image-preview:large, max-video-preview:-1\" \/>\n<link rel=\"canonical\" href=\"https:\/\/www.hsce.com.br\/en\/stj-isenta-de-pis-cofins-todas-as-operacoes-a-contribuintes-na-zona-franca\/\" \/>\n<meta property=\"og:locale\" content=\"en_US\" \/>\n<meta property=\"og:type\" content=\"article\" \/>\n<meta property=\"og:title\" content=\"STJ isenta de PIS\/Cofins todas as opera\u00e7\u00f5es a contribuintes na Zona Franca - Hands on Solutions\" \/>\n<meta property=\"og:description\" content=\"Os ministros da 1\u00aa Se\u00e7\u00e3o definiram, nesta quarta-feira (11\/6), que n\u00e3o incidem PIS e Cofins sobre todas as opera\u00e7\u00f5es a contribuintes localizados na Zona Franca de Manaus. A decis\u00e3o vencedora permite a n\u00e3o tributa\u00e7\u00e3o tanto de mercadorias quanto de servi\u00e7os, al\u00e9m de valer para bens nacionais e nacionalizados. Ainda, o precedente abrange tanto os casos [&hellip;]\" \/>\n<meta property=\"og:url\" content=\"https:\/\/www.hsce.com.br\/en\/stj-isenta-de-pis-cofins-todas-as-operacoes-a-contribuintes-na-zona-franca\/\" \/>\n<meta property=\"og:site_name\" content=\"Hands on Solutions\" \/>\n<meta property=\"article:published_time\" content=\"2025-06-18T17:20:03+00:00\" \/>\n<meta property=\"og:image\" content=\"https:\/\/www.hsce.com.br\/wp-content\/uploads\/2025\/06\/929212-posse-minitro-stj__abr3403-scaled.jpg\" \/>\n\t<meta property=\"og:image:width\" content=\"2560\" \/>\n\t<meta property=\"og:image:height\" content=\"1704\" \/>\n\t<meta property=\"og:image:type\" content=\"image\/jpeg\" \/>\n<meta name=\"author\" content=\"hsce\" \/>\n<meta name=\"twitter:label1\" content=\"Written by\" \/>\n\t<meta name=\"twitter:data1\" content=\"hsce\" \/>\n\t<meta name=\"twitter:label2\" content=\"Est. reading time\" \/>\n\t<meta name=\"twitter:data2\" content=\"4 minutes\" \/>\n<script type=\"application\/ld+json\" class=\"yoast-schema-graph\">{\"@context\":\"https:\/\/schema.org\",\"@graph\":[{\"@type\":\"Article\",\"@id\":\"https:\/\/www.hsce.com.br\/stj-isenta-de-pis-cofins-todas-as-operacoes-a-contribuintes-na-zona-franca\/#article\",\"isPartOf\":{\"@id\":\"https:\/\/www.hsce.com.br\/stj-isenta-de-pis-cofins-todas-as-operacoes-a-contribuintes-na-zona-franca\/\"},\"author\":{\"name\":\"hsce\",\"@id\":\"https:\/\/www.hsce.com.br\/#\/schema\/person\/ce400a0e9f66b1195f845fb1fdca8b33\"},\"headline\":\"STJ isenta de PIS\/Cofins todas as opera\u00e7\u00f5es a contribuintes na Zona Franca\",\"datePublished\":\"2025-06-18T17:20:03+00:00\",\"mainEntityOfPage\":{\"@id\":\"https:\/\/www.hsce.com.br\/stj-isenta-de-pis-cofins-todas-as-operacoes-a-contribuintes-na-zona-franca\/\"},\"wordCount\":640,\"commentCount\":0,\"publisher\":{\"@id\":\"https:\/\/www.hsce.com.br\/#organization\"},\"image\":{\"@id\":\"https:\/\/www.hsce.com.br\/stj-isenta-de-pis-cofins-todas-as-operacoes-a-contribuintes-na-zona-franca\/#primaryimage\"},\"thumbnailUrl\":\"https:\/\/www.hsce.com.br\/wp-content\/uploads\/2025\/06\/929212-posse-minitro-stj__abr3403-scaled.jpg\",\"keywords\":[\"#Cofins\",\"#Pis\",\"#stj\"],\"articleSection\":[\"Not\u00edcias\"],\"inLanguage\":\"en-US\",\"potentialAction\":[{\"@type\":\"CommentAction\",\"name\":\"Comment\",\"target\":[\"https:\/\/www.hsce.com.br\/stj-isenta-de-pis-cofins-todas-as-operacoes-a-contribuintes-na-zona-franca\/#respond\"]}]},{\"@type\":\"WebPage\",\"@id\":\"https:\/\/www.hsce.com.br\/stj-isenta-de-pis-cofins-todas-as-operacoes-a-contribuintes-na-zona-franca\/\",\"url\":\"https:\/\/www.hsce.com.br\/stj-isenta-de-pis-cofins-todas-as-operacoes-a-contribuintes-na-zona-franca\/\",\"name\":\"STJ isenta de PIS\/Cofins todas as opera\u00e7\u00f5es a contribuintes na Zona Franca - Hands on Solutions\",\"isPartOf\":{\"@id\":\"https:\/\/www.hsce.com.br\/#website\"},\"primaryImageOfPage\":{\"@id\":\"https:\/\/www.hsce.com.br\/stj-isenta-de-pis-cofins-todas-as-operacoes-a-contribuintes-na-zona-franca\/#primaryimage\"},\"image\":{\"@id\":\"https:\/\/www.hsce.com.br\/stj-isenta-de-pis-cofins-todas-as-operacoes-a-contribuintes-na-zona-franca\/#primaryimage\"},\"thumbnailUrl\":\"https:\/\/www.hsce.com.br\/wp-content\/uploads\/2025\/06\/929212-posse-minitro-stj__abr3403-scaled.jpg\",\"datePublished\":\"2025-06-18T17:20:03+00:00\",\"breadcrumb\":{\"@id\":\"https:\/\/www.hsce.com.br\/stj-isenta-de-pis-cofins-todas-as-operacoes-a-contribuintes-na-zona-franca\/#breadcrumb\"},\"inLanguage\":\"en-US\",\"potentialAction\":[{\"@type\":\"ReadAction\",\"target\":[\"https:\/\/www.hsce.com.br\/stj-isenta-de-pis-cofins-todas-as-operacoes-a-contribuintes-na-zona-franca\/\"]}]},{\"@type\":\"ImageObject\",\"inLanguage\":\"en-US\",\"@id\":\"https:\/\/www.hsce.com.br\/stj-isenta-de-pis-cofins-todas-as-operacoes-a-contribuintes-na-zona-franca\/#primaryimage\",\"url\":\"https:\/\/www.hsce.com.br\/wp-content\/uploads\/2025\/06\/929212-posse-minitro-stj__abr3403-scaled.jpg\",\"contentUrl\":\"https:\/\/www.hsce.com.br\/wp-content\/uploads\/2025\/06\/929212-posse-minitro-stj__abr3403-scaled.jpg\",\"width\":2560,\"height\":1704,\"caption\":\"Sess\u00e3o de posse do novo ministro do Superior Tribunal de Justi\u00e7a (STJ), Luiz Alberto Gurgel de Faria (Jos\u00e9 Cruz\/Ag\u00eancia Brasil)\"},{\"@type\":\"BreadcrumbList\",\"@id\":\"https:\/\/www.hsce.com.br\/stj-isenta-de-pis-cofins-todas-as-operacoes-a-contribuintes-na-zona-franca\/#breadcrumb\",\"itemListElement\":[{\"@type\":\"ListItem\",\"position\":1,\"name\":\"In\u00edcio\",\"item\":\"https:\/\/www.hsce.com.br\/\"},{\"@type\":\"ListItem\",\"position\":2,\"name\":\"STJ isenta de PIS\/Cofins todas as opera\u00e7\u00f5es a contribuintes na Zona Franca\"}]},{\"@type\":\"WebSite\",\"@id\":\"https:\/\/www.hsce.com.br\/#website\",\"url\":\"https:\/\/www.hsce.com.br\/\",\"name\":\"Hands on Solutions\",\"description\":\"\",\"publisher\":{\"@id\":\"https:\/\/www.hsce.com.br\/#organization\"},\"potentialAction\":[{\"@type\":\"SearchAction\",\"target\":{\"@type\":\"EntryPoint\",\"urlTemplate\":\"https:\/\/www.hsce.com.br\/?s={search_term_string}\"},\"query-input\":{\"@type\":\"PropertyValueSpecification\",\"valueRequired\":true,\"valueName\":\"search_term_string\"}}],\"inLanguage\":\"en-US\"},{\"@type\":\"Organization\",\"@id\":\"https:\/\/www.hsce.com.br\/#organization\",\"name\":\"Hands on Solutions\",\"url\":\"https:\/\/www.hsce.com.br\/\",\"logo\":{\"@type\":\"ImageObject\",\"inLanguage\":\"en-US\",\"@id\":\"https:\/\/www.hsce.com.br\/#\/schema\/logo\/image\/\",\"url\":\"https:\/\/www.hsce.com.br\/wp-content\/uploads\/2015\/09\/handson.png\",\"contentUrl\":\"https:\/\/www.hsce.com.br\/wp-content\/uploads\/2015\/09\/handson.png\",\"width\":230,\"height\":68,\"caption\":\"Hands on Solutions\"},\"image\":{\"@id\":\"https:\/\/www.hsce.com.br\/#\/schema\/logo\/image\/\"},\"sameAs\":[\"https:\/\/www.linkedin.com\/company\/hsce-ltda?trk=company_logo\"]},{\"@type\":\"Person\",\"@id\":\"https:\/\/www.hsce.com.br\/#\/schema\/person\/ce400a0e9f66b1195f845fb1fdca8b33\",\"name\":\"hsce\",\"image\":{\"@type\":\"ImageObject\",\"inLanguage\":\"en-US\",\"@id\":\"https:\/\/secure.gravatar.com\/avatar\/5cfe77ad71593df19912d9dffea7f5a8f3b3f45feff1ac302d60b22d3629b491?s=96&d=mm&r=g\",\"url\":\"https:\/\/secure.gravatar.com\/avatar\/5cfe77ad71593df19912d9dffea7f5a8f3b3f45feff1ac302d60b22d3629b491?s=96&d=mm&r=g\",\"contentUrl\":\"https:\/\/secure.gravatar.com\/avatar\/5cfe77ad71593df19912d9dffea7f5a8f3b3f45feff1ac302d60b22d3629b491?s=96&d=mm&r=g\",\"caption\":\"hsce\"},\"url\":\"https:\/\/www.hsce.com.br\/en\/author\/hsce\/\"}]}<\/script>\n<!-- \/ Yoast SEO plugin. -->","yoast_head_json":{"title":"STJ isenta de PIS\/Cofins todas as opera\u00e7\u00f5es a contribuintes na Zona Franca - Hands on Solutions","robots":{"index":"index","follow":"follow","max-snippet":"max-snippet:-1","max-image-preview":"max-image-preview:large","max-video-preview":"max-video-preview:-1"},"canonical":"https:\/\/www.hsce.com.br\/en\/stj-isenta-de-pis-cofins-todas-as-operacoes-a-contribuintes-na-zona-franca\/","og_locale":"en_US","og_type":"article","og_title":"STJ isenta de PIS\/Cofins todas as opera\u00e7\u00f5es a contribuintes na Zona Franca - Hands on Solutions","og_description":"Os ministros da 1\u00aa Se\u00e7\u00e3o definiram, nesta quarta-feira (11\/6), que n\u00e3o incidem PIS e Cofins sobre todas as opera\u00e7\u00f5es a contribuintes localizados na Zona Franca de Manaus. A decis\u00e3o vencedora permite a n\u00e3o tributa\u00e7\u00e3o tanto de mercadorias quanto de servi\u00e7os, al\u00e9m de valer para bens nacionais e nacionalizados. Ainda, o precedente abrange tanto os casos [&hellip;]","og_url":"https:\/\/www.hsce.com.br\/en\/stj-isenta-de-pis-cofins-todas-as-operacoes-a-contribuintes-na-zona-franca\/","og_site_name":"Hands on Solutions","article_published_time":"2025-06-18T17:20:03+00:00","og_image":[{"width":2560,"height":1704,"url":"https:\/\/www.hsce.com.br\/wp-content\/uploads\/2025\/06\/929212-posse-minitro-stj__abr3403-scaled.jpg","type":"image\/jpeg"}],"author":"hsce","twitter_misc":{"Written by":"hsce","Est. reading time":"4 minutes"},"schema":{"@context":"https:\/\/schema.org","@graph":[{"@type":"Article","@id":"https:\/\/www.hsce.com.br\/stj-isenta-de-pis-cofins-todas-as-operacoes-a-contribuintes-na-zona-franca\/#article","isPartOf":{"@id":"https:\/\/www.hsce.com.br\/stj-isenta-de-pis-cofins-todas-as-operacoes-a-contribuintes-na-zona-franca\/"},"author":{"name":"hsce","@id":"https:\/\/www.hsce.com.br\/#\/schema\/person\/ce400a0e9f66b1195f845fb1fdca8b33"},"headline":"STJ isenta de PIS\/Cofins todas as opera\u00e7\u00f5es a contribuintes na Zona Franca","datePublished":"2025-06-18T17:20:03+00:00","mainEntityOfPage":{"@id":"https:\/\/www.hsce.com.br\/stj-isenta-de-pis-cofins-todas-as-operacoes-a-contribuintes-na-zona-franca\/"},"wordCount":640,"commentCount":0,"publisher":{"@id":"https:\/\/www.hsce.com.br\/#organization"},"image":{"@id":"https:\/\/www.hsce.com.br\/stj-isenta-de-pis-cofins-todas-as-operacoes-a-contribuintes-na-zona-franca\/#primaryimage"},"thumbnailUrl":"https:\/\/www.hsce.com.br\/wp-content\/uploads\/2025\/06\/929212-posse-minitro-stj__abr3403-scaled.jpg","keywords":["#Cofins","#Pis","#stj"],"articleSection":["Not\u00edcias"],"inLanguage":"en-US","potentialAction":[{"@type":"CommentAction","name":"Comment","target":["https:\/\/www.hsce.com.br\/stj-isenta-de-pis-cofins-todas-as-operacoes-a-contribuintes-na-zona-franca\/#respond"]}]},{"@type":"WebPage","@id":"https:\/\/www.hsce.com.br\/stj-isenta-de-pis-cofins-todas-as-operacoes-a-contribuintes-na-zona-franca\/","url":"https:\/\/www.hsce.com.br\/stj-isenta-de-pis-cofins-todas-as-operacoes-a-contribuintes-na-zona-franca\/","name":"STJ isenta de PIS\/Cofins todas as opera\u00e7\u00f5es a contribuintes na Zona Franca - Hands on Solutions","isPartOf":{"@id":"https:\/\/www.hsce.com.br\/#website"},"primaryImageOfPage":{"@id":"https:\/\/www.hsce.com.br\/stj-isenta-de-pis-cofins-todas-as-operacoes-a-contribuintes-na-zona-franca\/#primaryimage"},"image":{"@id":"https:\/\/www.hsce.com.br\/stj-isenta-de-pis-cofins-todas-as-operacoes-a-contribuintes-na-zona-franca\/#primaryimage"},"thumbnailUrl":"https:\/\/www.hsce.com.br\/wp-content\/uploads\/2025\/06\/929212-posse-minitro-stj__abr3403-scaled.jpg","datePublished":"2025-06-18T17:20:03+00:00","breadcrumb":{"@id":"https:\/\/www.hsce.com.br\/stj-isenta-de-pis-cofins-todas-as-operacoes-a-contribuintes-na-zona-franca\/#breadcrumb"},"inLanguage":"en-US","potentialAction":[{"@type":"ReadAction","target":["https:\/\/www.hsce.com.br\/stj-isenta-de-pis-cofins-todas-as-operacoes-a-contribuintes-na-zona-franca\/"]}]},{"@type":"ImageObject","inLanguage":"en-US","@id":"https:\/\/www.hsce.com.br\/stj-isenta-de-pis-cofins-todas-as-operacoes-a-contribuintes-na-zona-franca\/#primaryimage","url":"https:\/\/www.hsce.com.br\/wp-content\/uploads\/2025\/06\/929212-posse-minitro-stj__abr3403-scaled.jpg","contentUrl":"https:\/\/www.hsce.com.br\/wp-content\/uploads\/2025\/06\/929212-posse-minitro-stj__abr3403-scaled.jpg","width":2560,"height":1704,"caption":"Sess\u00e3o de posse do novo ministro do Superior Tribunal de Justi\u00e7a (STJ), Luiz Alberto Gurgel de Faria (Jos\u00e9 Cruz\/Ag\u00eancia Brasil)"},{"@type":"BreadcrumbList","@id":"https:\/\/www.hsce.com.br\/stj-isenta-de-pis-cofins-todas-as-operacoes-a-contribuintes-na-zona-franca\/#breadcrumb","itemListElement":[{"@type":"ListItem","position":1,"name":"In\u00edcio","item":"https:\/\/www.hsce.com.br\/"},{"@type":"ListItem","position":2,"name":"STJ isenta de PIS\/Cofins todas as opera\u00e7\u00f5es a contribuintes na Zona Franca"}]},{"@type":"WebSite","@id":"https:\/\/www.hsce.com.br\/#website","url":"https:\/\/www.hsce.com.br\/","name":"Hands on Solutions","description":"","publisher":{"@id":"https:\/\/www.hsce.com.br\/#organization"},"potentialAction":[{"@type":"SearchAction","target":{"@type":"EntryPoint","urlTemplate":"https:\/\/www.hsce.com.br\/?s={search_term_string}"},"query-input":{"@type":"PropertyValueSpecification","valueRequired":true,"valueName":"search_term_string"}}],"inLanguage":"en-US"},{"@type":"Organization","@id":"https:\/\/www.hsce.com.br\/#organization","name":"Hands on Solutions","url":"https:\/\/www.hsce.com.br\/","logo":{"@type":"ImageObject","inLanguage":"en-US","@id":"https:\/\/www.hsce.com.br\/#\/schema\/logo\/image\/","url":"https:\/\/www.hsce.com.br\/wp-content\/uploads\/2015\/09\/handson.png","contentUrl":"https:\/\/www.hsce.com.br\/wp-content\/uploads\/2015\/09\/handson.png","width":230,"height":68,"caption":"Hands on Solutions"},"image":{"@id":"https:\/\/www.hsce.com.br\/#\/schema\/logo\/image\/"},"sameAs":["https:\/\/www.linkedin.com\/company\/hsce-ltda?trk=company_logo"]},{"@type":"Person","@id":"https:\/\/www.hsce.com.br\/#\/schema\/person\/ce400a0e9f66b1195f845fb1fdca8b33","name":"hsce","image":{"@type":"ImageObject","inLanguage":"en-US","@id":"https:\/\/secure.gravatar.com\/avatar\/5cfe77ad71593df19912d9dffea7f5a8f3b3f45feff1ac302d60b22d3629b491?s=96&d=mm&r=g","url":"https:\/\/secure.gravatar.com\/avatar\/5cfe77ad71593df19912d9dffea7f5a8f3b3f45feff1ac302d60b22d3629b491?s=96&d=mm&r=g","contentUrl":"https:\/\/secure.gravatar.com\/avatar\/5cfe77ad71593df19912d9dffea7f5a8f3b3f45feff1ac302d60b22d3629b491?s=96&d=mm&r=g","caption":"hsce"},"url":"https:\/\/www.hsce.com.br\/en\/author\/hsce\/"}]}},"_links":{"self":[{"href":"https:\/\/www.hsce.com.br\/en\/wp-json\/wp\/v2\/posts\/1691","targetHints":{"allow":["GET"]}}],"collection":[{"href":"https:\/\/www.hsce.com.br\/en\/wp-json\/wp\/v2\/posts"}],"about":[{"href":"https:\/\/www.hsce.com.br\/en\/wp-json\/wp\/v2\/types\/post"}],"author":[{"embeddable":true,"href":"https:\/\/www.hsce.com.br\/en\/wp-json\/wp\/v2\/users\/8"}],"replies":[{"embeddable":true,"href":"https:\/\/www.hsce.com.br\/en\/wp-json\/wp\/v2\/comments?post=1691"}],"version-history":[{"count":1,"href":"https:\/\/www.hsce.com.br\/en\/wp-json\/wp\/v2\/posts\/1691\/revisions"}],"predecessor-version":[{"id":1693,"href":"https:\/\/www.hsce.com.br\/en\/wp-json\/wp\/v2\/posts\/1691\/revisions\/1693"}],"wp:featuredmedia":[{"embeddable":true,"href":"https:\/\/www.hsce.com.br\/en\/wp-json\/wp\/v2\/media\/1692"}],"wp:attachment":[{"href":"https:\/\/www.hsce.com.br\/en\/wp-json\/wp\/v2\/media?parent=1691"}],"wp:term":[{"taxonomy":"category","embeddable":true,"href":"https:\/\/www.hsce.com.br\/en\/wp-json\/wp\/v2\/categories?post=1691"},{"taxonomy":"post_tag","embeddable":true,"href":"https:\/\/www.hsce.com.br\/en\/wp-json\/wp\/v2\/tags?post=1691"}],"curies":[{"name":"wp","href":"https:\/\/api.w.org\/{rel}","templated":true}]}}