{"id":1687,"date":"2025-06-12T15:39:08","date_gmt":"2025-06-12T15:39:08","guid":{"rendered":"https:\/\/www.hsce.com.br\/?p=1687"},"modified":"2025-06-12T15:39:08","modified_gmt":"2025-06-12T15:39:08","slug":"com-reacao-de-ruralistas-motta-nao-garante-aprovacao-de-pacote","status":"publish","type":"post","link":"https:\/\/www.hsce.com.br\/en\/com-reacao-de-ruralistas-motta-nao-garante-aprovacao-de-pacote\/","title":{"rendered":"Com rea\u00e7\u00e3o de ruralistas, Motta n\u00e3o garante aprova\u00e7\u00e3o de pacote"},"content":{"rendered":"<p>Ap\u00f3s um aparente acordo com o governo ap\u00f3s longa reuni\u00e3o no domingo, o dia de ontem deixou claro que ainda est\u00e3o longe de um consenso as alternativas apresentadas pelo ministro Fernando Haddad ao aumento do IOF. Como destacam os jornais, quem deixou isso claro foi o presidente da C\u00e2mara, Hugo Motta, que ontem afirmou que seu compromisso \u00e9 o de \u201cdebater e analisar\u201d , mas n\u00e3o de garantir aprova\u00e7\u00e3o das medidas. De fato, uma das medidas propostas, o fim da isen\u00e7\u00e3o sobre investimentos no Fiagro (Fundo de Investimento nas Cadeias Produtivas Agroindustriais), gerou rea\u00e7\u00e3o negativa na bancada do agroneg\u00f3cio, que tem peso suficiente para barrar as medidas. \u201cSabemos que vai ter rea\u00e7\u00e3o, por isso que estou dizendo que o compromisso feito sobre as medidas que vir\u00e3o na medida provis\u00f3ria \u00e9 do Congresso debater e analisar; at\u00e9 porque os l\u00edderes n\u00e3o tiveram tempo de consultar suas bancadas\u201d, disse Motta, em semin\u00e1rio organizado pelo VALOR ECON\u00d4MICO. Motta chegou a defender um shutdown do governo como forma de for\u00e7ar uma solu\u00e7\u00e3o efetiva. \u201cTalvez seja o que o pa\u00eds esteja precisando para todo mundo sair da sua zona de conforto. Est\u00e1 todo mundo olhando a situa\u00e7\u00e3o e ningu\u00e9m quer abrir m\u00e3o de nada\u201d, disse.<\/p>\n\n\n\n<p>Os jornais trazem mais detalhes das propostas do governo. Conforme relata a FOLHA DE S.PAULO, o corte de 10% sobre incentivos fiscais, uma das propostas apresentadas por Fernando Haddad no domingo, envolver\u00e1 \u201creduzir benef\u00edcio por benef\u00edcio\u201d . A ideia \u00e9 que uma parcela de 90% da ren\u00fancia fiscal seria mantida. \u201cSe o benef\u00edcio \u00e9 uma isen\u00e7\u00e3o (que tem zero de imposto), ele passa a ser tributado em 10% da al\u00edquota padr\u00e3o do imposto. Por exemplo, se a al\u00edquota padr\u00e3o \u00e9 de 10%, o contribuinte passaria a ser tributado em 1%\u201d, explica a reportagem.<\/p>\n\n\n\n<p>Outra iniciativa, que constaria em medida provis\u00f3ria, mas com efeitos apenas para 2026 em raz\u00e3o do princ\u00edpio da anterioridade, \u00e9 \u201cuma ampla reforma na tributa\u00e7\u00e3o do Imposto de Renda (IR) que incide sobre aplica\u00e7\u00f5es financeiras\u201d, como anota o VALOR. A ideia do governo aqui \u00e9 estabelecer uma al\u00edquota fixa de 17,5% tanto sobre t\u00edtulos e fundos de renda fixa e renda vari\u00e1vel. Hoje h\u00e1 uma taxa\u00e7\u00e3o progressiva desses investimentos. No caso dos t\u00edtulos atualmente isentos, haveria uma al\u00edquota de 5%. Isso inclui LCI, LCA e t\u00edtulos do agroneg\u00f3cio &#8211; o que gerou rea\u00e7\u00e3o mais consequente no Congresso, dado o peso da bancada ruralista. Segundo o jornal, \u201ca Fazenda considera que s\u00e3o mudan\u00e7as que corrigem distor\u00e7\u00f5es no mercado de t\u00edtulos e valores mobili\u00e1rios\u201d e que o governo j\u00e1 cogitava elas \u201ch\u00e1 muito tempo\u201d.<\/p>\n\n\n\n<p>Por fim, em outra frente, o VALOR tamb\u00e9m destaca que, em decis\u00e3o monocr\u00e1tica in\u00e9dita, o ministro Gurgel de Faria, do STJ, afastou a cobran\u00e7a de IRPJ e CSLL sobre cr\u00e9dito presumido de ICMS , mesmo ap\u00f3s a entrada em vigor da Lei n\u00ba 14.789\/2023. A norma, proposta pelo Minist\u00e9rio da Fazenda, busca tributar todos os benef\u00edcios fiscais de ICMS e foi acompanhada da expectativa de aumento bilion\u00e1rio na arrecada\u00e7\u00e3o federal. A manifesta\u00e7\u00e3o do ministro, alinhada ao parecer do Minist\u00e9rio P\u00fablico Federal, mant\u00e9m a jurisprud\u00eancia anterior da Corte, que favorece os contribuintes, e refor\u00e7a o entendimento j\u00e1 adotado por 62% das decis\u00f5es nos Tribunais Regionais Federais, segundo levantamento do escrit\u00f3rio Mattos Filho. A decis\u00e3o \u00e9 vista como sinal positivo para empresas, que esperavam saber se o STJ alteraria sua posi\u00e7\u00e3o diante da nova legisla\u00e7\u00e3o. Para advogados tributaristas, o voto de Gurgel de Faria indica que n\u00e3o seria necess\u00e1rio propor novas a\u00e7\u00f5es judiciais para manter o tratamento tribut\u00e1rio anterior.<\/p>\n\n\n\n<blockquote class=\"wp-block-quote is-layout-flow wp-block-quote-is-layout-flow\">\n<p>Source:&nbsp;<a rel=\"noreferrer noopener\" target=\"_blank\" href=\"https:\/\/www.jota.info\/tributos\/matinal\/com-reacao-de-ruralistas-motta-nao-garante-aprovacao-de-pacote\">https:\/\/www.jota.info\/tributos\/matinal\/com-reacao-de-ruralistas-motta-nao-garante-aprovacao-de-pacote<\/a><\/p>\n<\/blockquote>","protected":false},"excerpt":{"rendered":"<p>Ap\u00f3s um aparente acordo com o governo ap\u00f3s longa reuni\u00e3o no domingo, o dia de ontem deixou claro que ainda est\u00e3o longe de um consenso as alternativas apresentadas pelo ministro Fernando Haddad ao aumento do IOF. Como destacam os jornais, quem deixou isso claro foi o presidente da C\u00e2mara, Hugo Motta, que ontem afirmou que [&hellip;]<\/p>","protected":false},"author":8,"featured_media":1688,"comment_status":"open","ping_status":"open","sticky":false,"template":"","format":"standard","meta":{"_monsterinsights_skip_tracking":false,"_monsterinsights_sitenote_active":false,"_monsterinsights_sitenote_note":"","_monsterinsights_sitenote_category":0,"footnotes":""},"categories":[76],"tags":[581,580],"class_list":["post-1687","post","type-post","status-publish","format-standard","has-post-thumbnail","hentry","category-noticias","tag-iof","tag-motta"],"yoast_head":"<!-- This site is optimized with the Yoast SEO plugin v27.2 - https:\/\/yoast.com\/product\/yoast-seo-wordpress\/ -->\n<title>Com rea\u00e7\u00e3o de ruralistas, Motta n\u00e3o garante aprova\u00e7\u00e3o de pacote - Hands on Solutions<\/title>\n<meta name=\"robots\" content=\"index, follow, max-snippet:-1, max-image-preview:large, max-video-preview:-1\" \/>\n<link rel=\"canonical\" href=\"https:\/\/www.hsce.com.br\/en\/com-reacao-de-ruralistas-motta-nao-garante-aprovacao-de-pacote\/\" \/>\n<meta property=\"og:locale\" content=\"en_US\" \/>\n<meta property=\"og:type\" content=\"article\" \/>\n<meta property=\"og:title\" content=\"Com rea\u00e7\u00e3o de ruralistas, Motta n\u00e3o garante aprova\u00e7\u00e3o de pacote - Hands on Solutions\" \/>\n<meta property=\"og:description\" content=\"Ap\u00f3s um aparente acordo com o governo ap\u00f3s longa reuni\u00e3o no domingo, o dia de ontem deixou claro que ainda est\u00e3o longe de um consenso as alternativas apresentadas pelo ministro Fernando Haddad ao aumento do IOF. Como destacam os jornais, quem deixou isso claro foi o presidente da C\u00e2mara, Hugo Motta, que ontem afirmou que [&hellip;]\" \/>\n<meta property=\"og:url\" content=\"https:\/\/www.hsce.com.br\/en\/com-reacao-de-ruralistas-motta-nao-garante-aprovacao-de-pacote\/\" \/>\n<meta property=\"og:site_name\" content=\"Hands on Solutions\" \/>\n<meta property=\"article:published_time\" content=\"2025-06-12T15:39:08+00:00\" \/>\n<meta property=\"og:image\" content=\"https:\/\/www.hsce.com.br\/wp-content\/uploads\/2025\/06\/lula6294-scaled.jpg\" \/>\n\t<meta property=\"og:image:width\" content=\"2560\" \/>\n\t<meta property=\"og:image:height\" content=\"1506\" \/>\n\t<meta property=\"og:image:type\" content=\"image\/jpeg\" \/>\n<meta name=\"author\" content=\"hsce\" \/>\n<meta name=\"twitter:label1\" content=\"Written by\" \/>\n\t<meta name=\"twitter:data1\" content=\"hsce\" \/>\n\t<meta name=\"twitter:label2\" content=\"Est. reading time\" \/>\n\t<meta name=\"twitter:data2\" content=\"4 minutes\" \/>\n<script type=\"application\/ld+json\" class=\"yoast-schema-graph\">{\"@context\":\"https:\/\/schema.org\",\"@graph\":[{\"@type\":\"Article\",\"@id\":\"https:\/\/www.hsce.com.br\/com-reacao-de-ruralistas-motta-nao-garante-aprovacao-de-pacote\/#article\",\"isPartOf\":{\"@id\":\"https:\/\/www.hsce.com.br\/com-reacao-de-ruralistas-motta-nao-garante-aprovacao-de-pacote\/\"},\"author\":{\"name\":\"hsce\",\"@id\":\"https:\/\/www.hsce.com.br\/#\/schema\/person\/ce400a0e9f66b1195f845fb1fdca8b33\"},\"headline\":\"Com rea\u00e7\u00e3o de ruralistas, Motta n\u00e3o garante aprova\u00e7\u00e3o de pacote\",\"datePublished\":\"2025-06-12T15:39:08+00:00\",\"mainEntityOfPage\":{\"@id\":\"https:\/\/www.hsce.com.br\/com-reacao-de-ruralistas-motta-nao-garante-aprovacao-de-pacote\/\"},\"wordCount\":661,\"commentCount\":0,\"publisher\":{\"@id\":\"https:\/\/www.hsce.com.br\/#organization\"},\"image\":{\"@id\":\"https:\/\/www.hsce.com.br\/com-reacao-de-ruralistas-motta-nao-garante-aprovacao-de-pacote\/#primaryimage\"},\"thumbnailUrl\":\"https:\/\/www.hsce.com.br\/wp-content\/uploads\/2025\/06\/lula6294-scaled.jpg\",\"keywords\":[\"#iof\",\"#motta\"],\"articleSection\":[\"Not\u00edcias\"],\"inLanguage\":\"en-US\",\"potentialAction\":[{\"@type\":\"CommentAction\",\"name\":\"Comment\",\"target\":[\"https:\/\/www.hsce.com.br\/com-reacao-de-ruralistas-motta-nao-garante-aprovacao-de-pacote\/#respond\"]}]},{\"@type\":\"WebPage\",\"@id\":\"https:\/\/www.hsce.com.br\/com-reacao-de-ruralistas-motta-nao-garante-aprovacao-de-pacote\/\",\"url\":\"https:\/\/www.hsce.com.br\/com-reacao-de-ruralistas-motta-nao-garante-aprovacao-de-pacote\/\",\"name\":\"Com rea\u00e7\u00e3o de ruralistas, Motta n\u00e3o garante aprova\u00e7\u00e3o de pacote - Hands on Solutions\",\"isPartOf\":{\"@id\":\"https:\/\/www.hsce.com.br\/#website\"},\"primaryImageOfPage\":{\"@id\":\"https:\/\/www.hsce.com.br\/com-reacao-de-ruralistas-motta-nao-garante-aprovacao-de-pacote\/#primaryimage\"},\"image\":{\"@id\":\"https:\/\/www.hsce.com.br\/com-reacao-de-ruralistas-motta-nao-garante-aprovacao-de-pacote\/#primaryimage\"},\"thumbnailUrl\":\"https:\/\/www.hsce.com.br\/wp-content\/uploads\/2025\/06\/lula6294-scaled.jpg\",\"datePublished\":\"2025-06-12T15:39:08+00:00\",\"breadcrumb\":{\"@id\":\"https:\/\/www.hsce.com.br\/com-reacao-de-ruralistas-motta-nao-garante-aprovacao-de-pacote\/#breadcrumb\"},\"inLanguage\":\"en-US\",\"potentialAction\":[{\"@type\":\"ReadAction\",\"target\":[\"https:\/\/www.hsce.com.br\/com-reacao-de-ruralistas-motta-nao-garante-aprovacao-de-pacote\/\"]}]},{\"@type\":\"ImageObject\",\"inLanguage\":\"en-US\",\"@id\":\"https:\/\/www.hsce.com.br\/com-reacao-de-ruralistas-motta-nao-garante-aprovacao-de-pacote\/#primaryimage\",\"url\":\"https:\/\/www.hsce.com.br\/wp-content\/uploads\/2025\/06\/lula6294-scaled.jpg\",\"contentUrl\":\"https:\/\/www.hsce.com.br\/wp-content\/uploads\/2025\/06\/lula6294-scaled.jpg\",\"width\":2560,\"height\":1506,\"caption\":\"Bras\u00edlia (DF), 05\/06\/2025 - Presidentes do Congresso, David Alcolumbre e da C\u00e2mara, Hugo Motta durante coletiva a imprensa. Foto: Lula Marques\/Ag\u00eancia Brasil\"},{\"@type\":\"BreadcrumbList\",\"@id\":\"https:\/\/www.hsce.com.br\/com-reacao-de-ruralistas-motta-nao-garante-aprovacao-de-pacote\/#breadcrumb\",\"itemListElement\":[{\"@type\":\"ListItem\",\"position\":1,\"name\":\"In\u00edcio\",\"item\":\"https:\/\/www.hsce.com.br\/\"},{\"@type\":\"ListItem\",\"position\":2,\"name\":\"Com rea\u00e7\u00e3o de ruralistas, Motta n\u00e3o garante aprova\u00e7\u00e3o de pacote\"}]},{\"@type\":\"WebSite\",\"@id\":\"https:\/\/www.hsce.com.br\/#website\",\"url\":\"https:\/\/www.hsce.com.br\/\",\"name\":\"Hands on Solutions\",\"description\":\"\",\"publisher\":{\"@id\":\"https:\/\/www.hsce.com.br\/#organization\"},\"potentialAction\":[{\"@type\":\"SearchAction\",\"target\":{\"@type\":\"EntryPoint\",\"urlTemplate\":\"https:\/\/www.hsce.com.br\/?s={search_term_string}\"},\"query-input\":{\"@type\":\"PropertyValueSpecification\",\"valueRequired\":true,\"valueName\":\"search_term_string\"}}],\"inLanguage\":\"en-US\"},{\"@type\":\"Organization\",\"@id\":\"https:\/\/www.hsce.com.br\/#organization\",\"name\":\"Hands on Solutions\",\"url\":\"https:\/\/www.hsce.com.br\/\",\"logo\":{\"@type\":\"ImageObject\",\"inLanguage\":\"en-US\",\"@id\":\"https:\/\/www.hsce.com.br\/#\/schema\/logo\/image\/\",\"url\":\"https:\/\/www.hsce.com.br\/wp-content\/uploads\/2015\/09\/handson.png\",\"contentUrl\":\"https:\/\/www.hsce.com.br\/wp-content\/uploads\/2015\/09\/handson.png\",\"width\":230,\"height\":68,\"caption\":\"Hands on Solutions\"},\"image\":{\"@id\":\"https:\/\/www.hsce.com.br\/#\/schema\/logo\/image\/\"},\"sameAs\":[\"https:\/\/www.linkedin.com\/company\/hsce-ltda?trk=company_logo\"]},{\"@type\":\"Person\",\"@id\":\"https:\/\/www.hsce.com.br\/#\/schema\/person\/ce400a0e9f66b1195f845fb1fdca8b33\",\"name\":\"hsce\",\"image\":{\"@type\":\"ImageObject\",\"inLanguage\":\"en-US\",\"@id\":\"https:\/\/secure.gravatar.com\/avatar\/5cfe77ad71593df19912d9dffea7f5a8f3b3f45feff1ac302d60b22d3629b491?s=96&d=mm&r=g\",\"url\":\"https:\/\/secure.gravatar.com\/avatar\/5cfe77ad71593df19912d9dffea7f5a8f3b3f45feff1ac302d60b22d3629b491?s=96&d=mm&r=g\",\"contentUrl\":\"https:\/\/secure.gravatar.com\/avatar\/5cfe77ad71593df19912d9dffea7f5a8f3b3f45feff1ac302d60b22d3629b491?s=96&d=mm&r=g\",\"caption\":\"hsce\"},\"url\":\"https:\/\/www.hsce.com.br\/en\/author\/hsce\/\"}]}<\/script>\n<!-- \/ Yoast SEO plugin. -->","yoast_head_json":{"title":"Com rea\u00e7\u00e3o de ruralistas, Motta n\u00e3o garante aprova\u00e7\u00e3o de pacote - Hands on Solutions","robots":{"index":"index","follow":"follow","max-snippet":"max-snippet:-1","max-image-preview":"max-image-preview:large","max-video-preview":"max-video-preview:-1"},"canonical":"https:\/\/www.hsce.com.br\/en\/com-reacao-de-ruralistas-motta-nao-garante-aprovacao-de-pacote\/","og_locale":"en_US","og_type":"article","og_title":"Com rea\u00e7\u00e3o de ruralistas, Motta n\u00e3o garante aprova\u00e7\u00e3o de pacote - Hands on Solutions","og_description":"Ap\u00f3s um aparente acordo com o governo ap\u00f3s longa reuni\u00e3o no domingo, o dia de ontem deixou claro que ainda est\u00e3o longe de um consenso as alternativas apresentadas pelo ministro Fernando Haddad ao aumento do IOF. Como destacam os jornais, quem deixou isso claro foi o presidente da C\u00e2mara, Hugo Motta, que ontem afirmou que [&hellip;]","og_url":"https:\/\/www.hsce.com.br\/en\/com-reacao-de-ruralistas-motta-nao-garante-aprovacao-de-pacote\/","og_site_name":"Hands on Solutions","article_published_time":"2025-06-12T15:39:08+00:00","og_image":[{"width":2560,"height":1506,"url":"https:\/\/www.hsce.com.br\/wp-content\/uploads\/2025\/06\/lula6294-scaled.jpg","type":"image\/jpeg"}],"author":"hsce","twitter_misc":{"Written by":"hsce","Est. reading time":"4 minutes"},"schema":{"@context":"https:\/\/schema.org","@graph":[{"@type":"Article","@id":"https:\/\/www.hsce.com.br\/com-reacao-de-ruralistas-motta-nao-garante-aprovacao-de-pacote\/#article","isPartOf":{"@id":"https:\/\/www.hsce.com.br\/com-reacao-de-ruralistas-motta-nao-garante-aprovacao-de-pacote\/"},"author":{"name":"hsce","@id":"https:\/\/www.hsce.com.br\/#\/schema\/person\/ce400a0e9f66b1195f845fb1fdca8b33"},"headline":"Com rea\u00e7\u00e3o de ruralistas, Motta n\u00e3o garante aprova\u00e7\u00e3o de pacote","datePublished":"2025-06-12T15:39:08+00:00","mainEntityOfPage":{"@id":"https:\/\/www.hsce.com.br\/com-reacao-de-ruralistas-motta-nao-garante-aprovacao-de-pacote\/"},"wordCount":661,"commentCount":0,"publisher":{"@id":"https:\/\/www.hsce.com.br\/#organization"},"image":{"@id":"https:\/\/www.hsce.com.br\/com-reacao-de-ruralistas-motta-nao-garante-aprovacao-de-pacote\/#primaryimage"},"thumbnailUrl":"https:\/\/www.hsce.com.br\/wp-content\/uploads\/2025\/06\/lula6294-scaled.jpg","keywords":["#iof","#motta"],"articleSection":["Not\u00edcias"],"inLanguage":"en-US","potentialAction":[{"@type":"CommentAction","name":"Comment","target":["https:\/\/www.hsce.com.br\/com-reacao-de-ruralistas-motta-nao-garante-aprovacao-de-pacote\/#respond"]}]},{"@type":"WebPage","@id":"https:\/\/www.hsce.com.br\/com-reacao-de-ruralistas-motta-nao-garante-aprovacao-de-pacote\/","url":"https:\/\/www.hsce.com.br\/com-reacao-de-ruralistas-motta-nao-garante-aprovacao-de-pacote\/","name":"Com rea\u00e7\u00e3o de ruralistas, Motta n\u00e3o garante aprova\u00e7\u00e3o de pacote - Hands on Solutions","isPartOf":{"@id":"https:\/\/www.hsce.com.br\/#website"},"primaryImageOfPage":{"@id":"https:\/\/www.hsce.com.br\/com-reacao-de-ruralistas-motta-nao-garante-aprovacao-de-pacote\/#primaryimage"},"image":{"@id":"https:\/\/www.hsce.com.br\/com-reacao-de-ruralistas-motta-nao-garante-aprovacao-de-pacote\/#primaryimage"},"thumbnailUrl":"https:\/\/www.hsce.com.br\/wp-content\/uploads\/2025\/06\/lula6294-scaled.jpg","datePublished":"2025-06-12T15:39:08+00:00","breadcrumb":{"@id":"https:\/\/www.hsce.com.br\/com-reacao-de-ruralistas-motta-nao-garante-aprovacao-de-pacote\/#breadcrumb"},"inLanguage":"en-US","potentialAction":[{"@type":"ReadAction","target":["https:\/\/www.hsce.com.br\/com-reacao-de-ruralistas-motta-nao-garante-aprovacao-de-pacote\/"]}]},{"@type":"ImageObject","inLanguage":"en-US","@id":"https:\/\/www.hsce.com.br\/com-reacao-de-ruralistas-motta-nao-garante-aprovacao-de-pacote\/#primaryimage","url":"https:\/\/www.hsce.com.br\/wp-content\/uploads\/2025\/06\/lula6294-scaled.jpg","contentUrl":"https:\/\/www.hsce.com.br\/wp-content\/uploads\/2025\/06\/lula6294-scaled.jpg","width":2560,"height":1506,"caption":"Bras\u00edlia (DF), 05\/06\/2025 - Presidentes do Congresso, David Alcolumbre e da C\u00e2mara, Hugo Motta durante coletiva a imprensa. Foto: Lula Marques\/Ag\u00eancia Brasil"},{"@type":"BreadcrumbList","@id":"https:\/\/www.hsce.com.br\/com-reacao-de-ruralistas-motta-nao-garante-aprovacao-de-pacote\/#breadcrumb","itemListElement":[{"@type":"ListItem","position":1,"name":"In\u00edcio","item":"https:\/\/www.hsce.com.br\/"},{"@type":"ListItem","position":2,"name":"Com rea\u00e7\u00e3o de ruralistas, Motta n\u00e3o garante aprova\u00e7\u00e3o de pacote"}]},{"@type":"WebSite","@id":"https:\/\/www.hsce.com.br\/#website","url":"https:\/\/www.hsce.com.br\/","name":"Hands on Solutions","description":"","publisher":{"@id":"https:\/\/www.hsce.com.br\/#organization"},"potentialAction":[{"@type":"SearchAction","target":{"@type":"EntryPoint","urlTemplate":"https:\/\/www.hsce.com.br\/?s={search_term_string}"},"query-input":{"@type":"PropertyValueSpecification","valueRequired":true,"valueName":"search_term_string"}}],"inLanguage":"en-US"},{"@type":"Organization","@id":"https:\/\/www.hsce.com.br\/#organization","name":"Hands on Solutions","url":"https:\/\/www.hsce.com.br\/","logo":{"@type":"ImageObject","inLanguage":"en-US","@id":"https:\/\/www.hsce.com.br\/#\/schema\/logo\/image\/","url":"https:\/\/www.hsce.com.br\/wp-content\/uploads\/2015\/09\/handson.png","contentUrl":"https:\/\/www.hsce.com.br\/wp-content\/uploads\/2015\/09\/handson.png","width":230,"height":68,"caption":"Hands on Solutions"},"image":{"@id":"https:\/\/www.hsce.com.br\/#\/schema\/logo\/image\/"},"sameAs":["https:\/\/www.linkedin.com\/company\/hsce-ltda?trk=company_logo"]},{"@type":"Person","@id":"https:\/\/www.hsce.com.br\/#\/schema\/person\/ce400a0e9f66b1195f845fb1fdca8b33","name":"hsce","image":{"@type":"ImageObject","inLanguage":"en-US","@id":"https:\/\/secure.gravatar.com\/avatar\/5cfe77ad71593df19912d9dffea7f5a8f3b3f45feff1ac302d60b22d3629b491?s=96&d=mm&r=g","url":"https:\/\/secure.gravatar.com\/avatar\/5cfe77ad71593df19912d9dffea7f5a8f3b3f45feff1ac302d60b22d3629b491?s=96&d=mm&r=g","contentUrl":"https:\/\/secure.gravatar.com\/avatar\/5cfe77ad71593df19912d9dffea7f5a8f3b3f45feff1ac302d60b22d3629b491?s=96&d=mm&r=g","caption":"hsce"},"url":"https:\/\/www.hsce.com.br\/en\/author\/hsce\/"}]}},"_links":{"self":[{"href":"https:\/\/www.hsce.com.br\/en\/wp-json\/wp\/v2\/posts\/1687","targetHints":{"allow":["GET"]}}],"collection":[{"href":"https:\/\/www.hsce.com.br\/en\/wp-json\/wp\/v2\/posts"}],"about":[{"href":"https:\/\/www.hsce.com.br\/en\/wp-json\/wp\/v2\/types\/post"}],"author":[{"embeddable":true,"href":"https:\/\/www.hsce.com.br\/en\/wp-json\/wp\/v2\/users\/8"}],"replies":[{"embeddable":true,"href":"https:\/\/www.hsce.com.br\/en\/wp-json\/wp\/v2\/comments?post=1687"}],"version-history":[{"count":1,"href":"https:\/\/www.hsce.com.br\/en\/wp-json\/wp\/v2\/posts\/1687\/revisions"}],"predecessor-version":[{"id":1689,"href":"https:\/\/www.hsce.com.br\/en\/wp-json\/wp\/v2\/posts\/1687\/revisions\/1689"}],"wp:featuredmedia":[{"embeddable":true,"href":"https:\/\/www.hsce.com.br\/en\/wp-json\/wp\/v2\/media\/1688"}],"wp:attachment":[{"href":"https:\/\/www.hsce.com.br\/en\/wp-json\/wp\/v2\/media?parent=1687"}],"wp:term":[{"taxonomy":"category","embeddable":true,"href":"https:\/\/www.hsce.com.br\/en\/wp-json\/wp\/v2\/categories?post=1687"},{"taxonomy":"post_tag","embeddable":true,"href":"https:\/\/www.hsce.com.br\/en\/wp-json\/wp\/v2\/tags?post=1687"}],"curies":[{"name":"wp","href":"https:\/\/api.w.org\/{rel}","templated":true}]}}