{"id":1678,"date":"2025-05-28T17:47:12","date_gmt":"2025-05-28T17:47:12","guid":{"rendered":"https:\/\/www.hsce.com.br\/?p=1678"},"modified":"2025-05-28T17:47:12","modified_gmt":"2025-05-28T17:47:12","slug":"stf-tem-maioria-para-que-reducoes-no-reintegra-sigam-o-prazo-de-90-dias","status":"publish","type":"post","link":"https:\/\/www.hsce.com.br\/en\/stf-tem-maioria-para-que-reducoes-no-reintegra-sigam-o-prazo-de-90-dias\/","title":{"rendered":"STF tem maioria para que redu\u00e7\u00f5es no Reintegra sigam o prazo de 90 dias"},"content":{"rendered":"<p>O Supremo Tribunal Federal formou maioria nesta sexta-feira (23\/5) para que as redu\u00e7\u00f5es do percentual do Reintegra sigam o princ\u00edpio da anterioridade nonagesimal, ou seja, o prazo de 90 dias. A tese majorit\u00e1ria at\u00e9 agora \u00e9 desfavor\u00e1vel aos contribuintes e prev\u00ea que o prazo tamb\u00e9m se aplica para a revoga\u00e7\u00e3o de benef\u00edcios do programa. O placar est\u00e1 em 8&#215;2. A vota\u00e7\u00e3o segue at\u00e9 o final da noite desta sexta, com a possibilidade de pedido de vista at\u00e9 o final do dia.<\/p>\n\n\n\n<p>O Reintegra permite que empresas exportadoras se creditem de PIS e Cofins em al\u00edquotas que variam de 0,1% a 3% sobre a receita obtida com exporta\u00e7\u00f5es. Cabe ao Poder Executivo, por meio de decreto, definir o percentual aplic\u00e1vel dentro desses limites. A Uni\u00e3o reduziu o percentual previsto em duas oportunidades (2015 e 2018) e o texto mais recente fixou a al\u00edquota no patamar m\u00ednimo de 0,1%.<\/p>\n\n\n\n<p>A corrente majorit\u00e1ria acompanhou o relator, ministro Cristiano Zanin. Para ele, as redu\u00e7\u00f5es do percentual \u201censejam a majora\u00e7\u00e3o indireta das contribui\u00e7\u00f5es para o PIS e a Cofins\u201d e, portanto, devem observar o princ\u00edpio da anterioridade nonagesimal.<\/p>\n\n\n\n<p>O voto \u00e9 desfavor\u00e1vel aos contribuintes, que alegavam que a medida gera aumento na carga tribut\u00e1ria e precisaria seguir a anterioridade anual. Os ministros Alexandre de Moraes, Fl\u00e1vio Dino, Luiz Fux, Dias Toffoli, C\u00e1rmen L\u00facia, Lu\u00eds Roberto Barroso e Gilmar Mendes seguiram o entendimento.<\/p>\n\n\n\n<p>A corrente da diverg\u00eancia foi aberta pelo ministro Edson Fachin, para quem as redu\u00e7\u00f5es do Reintegra devem seguir tamb\u00e9m o princ\u00edpio da anterioridade anual, e n\u00e3o apenas a nonagesimal. De acordo com Fachin, a redu\u00e7\u00e3o do percentual n\u00e3o se trata de benef\u00edcio de PIS\/Cofins, mas sim de um \u201cregime especial para ressarcimento de res\u00edduos tribut\u00e1rios, independentemente de qualquer esp\u00e9cie tribut\u00e1ria\u201d.<\/p>\n\n\n\n<p>O processo est\u00e1 entre o mapeamento da Uni\u00e3o em a\u00e7\u00f5es judiciais relevantes. A LDO de 2025 estima a perda de arrecada\u00e7\u00e3o de R$ 4 bilh\u00f5es, em caso de derrota da Uni\u00e3o. Como a mat\u00e9ria tem repercuss\u00e3o geral, a tese a ser fixada pelo tribunal ter\u00e1 aplica\u00e7\u00e3o obrigat\u00f3ria em todos os processos que tratam do mesmo tema.<\/p>\n\n\n\n<p>\u201cImpertinente o argumento de que basta respeitar exclusivamente anterioridade nonagesimal, por tratar-se de ressarcimento de PIS\/Cofins. \u00c9 devida a observ\u00e2ncia tamb\u00e9m do princ\u00edpio da anterioridade geral\u201d, pontua Fachin. At\u00e9 agora, o \u00fanico a acompanhar o voto foi o ministro Andr\u00e9 Mendon\u00e7a.<\/p>\n\n\n\n<p>O processo est\u00e1 entre o mapeamento da Uni\u00e3o em a\u00e7\u00f5es judiciais relevantes. A LDO de 2025 estima a perda de arrecada\u00e7\u00e3o de R$ 4 bilh\u00f5es em caso de derrota da Uni\u00e3o. Como a mat\u00e9ria tem repercuss\u00e3o geral, a tese a ser fixada pelo tribunal ter\u00e1 aplica\u00e7\u00e3o obrigat\u00f3ria em todos os processos que tratam do mesmo tema.<\/p>\n\n\n\n<p>O advogado Daniel Corr\u00eaa Szelbracikowski, da Advocacia Dias de Souza, diz que h\u00e1 precedentes firmados pelo STF, inclusive na modula\u00e7\u00e3o dos Temas 881 e 885, pela observ\u00e2ncia tamb\u00e9m da anterioridade anual. Ele afirma que a supress\u00e3o ou redu\u00e7\u00e3o do Reintegra configura, na ess\u00eancia, um aumento indireto da carga tribut\u00e1ria.<\/p>\n\n\n\n<p>\u201cAo contr\u00e1rio do que compreendeu a corrente vencedora, o Reintegra n\u00e3o se limita \u00e0 devolu\u00e7\u00e3o de cr\u00e9ditos de PIS e Cofins, mas atua como instrumento de desonera\u00e7\u00e3o da cadeia produtiva exportadora, por meio da restitui\u00e7\u00e3o do res\u00edduo tribut\u00e1rio acumulado, decorrente da incid\u00eancia de diversos tributos federais nas etapas anteriores \u00e0 exporta\u00e7\u00e3o\u201d, afirma. Ainda segundo o advogado, cr\u00e9dito dessas contribui\u00e7\u00f5es \u00e9 \u201capenas o meio operacional adotado para viabilizar essa pol\u00edtica p\u00fablica, de modo que n\u00e3o parece adequado restringir o alcance da norma desonerativa apenas ao seu suporte t\u00e9cnico-cont\u00e1bil\u201d.<\/p>\n\n\n\n<p>Tipo de julgamento : virtual<\/p>\n\n\n\n<p>Processo : ARE 1285177 (Tema 1108)<\/p>\n\n\n\n<p>Partes : Levantina Natural Stone Brasil x Uni\u00e3o<\/p>\n\n\n\n<p>Relator : Cristiano Zanin<\/p>\n\n\n\n<blockquote class=\"wp-block-quote is-layout-flow wp-block-quote-is-layout-flow\">\n<p>Source:\u00a0<a href=\"https:\/\/www.jota.info\/tributos\/direto-da-corte\/stf-tem-maioria-para-que-reducoes-no-reintegra-sigam-o-prazo-de-90-dias\" target=\"_blank\" rel=\"noreferrer noopener\">https:\/\/www.jota.info\/tributos\/direto-da-corte\/stf-tem-maioria-para-que-reducoes-no-reintegra-sigam-o-prazo-de-90-dias<\/a><br><\/p>\n<\/blockquote>","protected":false},"excerpt":{"rendered":"<p>O Supremo Tribunal Federal formou maioria nesta sexta-feira (23\/5) para que as redu\u00e7\u00f5es do percentual do Reintegra sigam o princ\u00edpio da anterioridade nonagesimal, ou seja, o prazo de 90 dias. A tese majorit\u00e1ria at\u00e9 agora \u00e9 desfavor\u00e1vel aos contribuintes e prev\u00ea que o prazo tamb\u00e9m se aplica para a revoga\u00e7\u00e3o de benef\u00edcios do programa. O [&hellip;]<\/p>","protected":false},"author":8,"featured_media":1679,"comment_status":"open","ping_status":"open","sticky":false,"template":"","format":"standard","meta":{"_monsterinsights_skip_tracking":false,"_monsterinsights_sitenote_active":false,"_monsterinsights_sitenote_note":"","_monsterinsights_sitenote_category":0,"footnotes":""},"categories":[76],"tags":[576,100,577],"class_list":["post-1678","post","type-post","status-publish","format-standard","has-post-thumbnail","hentry","category-noticias","tag-reintegra","tag-stf-2","tag-zanin"],"yoast_head":"<!-- This site is optimized with the Yoast SEO plugin v27.2 - https:\/\/yoast.com\/product\/yoast-seo-wordpress\/ -->\n<title>STF tem maioria para que redu\u00e7\u00f5es no Reintegra sigam o prazo de 90 dias - Hands on Solutions<\/title>\n<meta name=\"robots\" content=\"index, follow, max-snippet:-1, max-image-preview:large, max-video-preview:-1\" \/>\n<link rel=\"canonical\" href=\"https:\/\/www.hsce.com.br\/en\/stf-tem-maioria-para-que-reducoes-no-reintegra-sigam-o-prazo-de-90-dias\/\" \/>\n<meta property=\"og:locale\" content=\"en_US\" \/>\n<meta property=\"og:type\" content=\"article\" \/>\n<meta property=\"og:title\" content=\"STF tem maioria para que redu\u00e7\u00f5es no Reintegra sigam o prazo de 90 dias - Hands on Solutions\" \/>\n<meta property=\"og:description\" content=\"O Supremo Tribunal Federal formou maioria nesta sexta-feira (23\/5) para que as redu\u00e7\u00f5es do percentual do Reintegra sigam o princ\u00edpio da anterioridade nonagesimal, ou seja, o prazo de 90 dias. A tese majorit\u00e1ria at\u00e9 agora \u00e9 desfavor\u00e1vel aos contribuintes e prev\u00ea que o prazo tamb\u00e9m se aplica para a revoga\u00e7\u00e3o de benef\u00edcios do programa. O [&hellip;]\" \/>\n<meta property=\"og:url\" content=\"https:\/\/www.hsce.com.br\/en\/stf-tem-maioria-para-que-reducoes-no-reintegra-sigam-o-prazo-de-90-dias\/\" \/>\n<meta property=\"og:site_name\" content=\"Hands on Solutions\" \/>\n<meta property=\"article:published_time\" content=\"2025-05-28T17:47:12+00:00\" \/>\n<meta property=\"og:image\" content=\"https:\/\/www.hsce.com.br\/wp-content\/uploads\/2025\/05\/Cristiano-Zanin_20.06.2024-Andressa-Anholete-scaled-1.jpg\" \/>\n\t<meta property=\"og:image:width\" content=\"2560\" \/>\n\t<meta property=\"og:image:height\" content=\"1707\" \/>\n\t<meta property=\"og:image:type\" content=\"image\/jpeg\" \/>\n<meta name=\"author\" content=\"hsce\" \/>\n<meta name=\"twitter:label1\" content=\"Written by\" \/>\n\t<meta name=\"twitter:data1\" content=\"hsce\" \/>\n\t<meta name=\"twitter:label2\" content=\"Est. reading time\" \/>\n\t<meta name=\"twitter:data2\" content=\"4 minutes\" \/>\n<script type=\"application\/ld+json\" class=\"yoast-schema-graph\">{\"@context\":\"https:\/\/schema.org\",\"@graph\":[{\"@type\":\"Article\",\"@id\":\"https:\/\/www.hsce.com.br\/stf-tem-maioria-para-que-reducoes-no-reintegra-sigam-o-prazo-de-90-dias\/#article\",\"isPartOf\":{\"@id\":\"https:\/\/www.hsce.com.br\/stf-tem-maioria-para-que-reducoes-no-reintegra-sigam-o-prazo-de-90-dias\/\"},\"author\":{\"name\":\"hsce\",\"@id\":\"https:\/\/www.hsce.com.br\/#\/schema\/person\/ce400a0e9f66b1195f845fb1fdca8b33\"},\"headline\":\"STF tem maioria para que redu\u00e7\u00f5es no Reintegra sigam o prazo de 90 dias\",\"datePublished\":\"2025-05-28T17:47:12+00:00\",\"mainEntityOfPage\":{\"@id\":\"https:\/\/www.hsce.com.br\/stf-tem-maioria-para-que-reducoes-no-reintegra-sigam-o-prazo-de-90-dias\/\"},\"wordCount\":684,\"commentCount\":0,\"publisher\":{\"@id\":\"https:\/\/www.hsce.com.br\/#organization\"},\"image\":{\"@id\":\"https:\/\/www.hsce.com.br\/stf-tem-maioria-para-que-reducoes-no-reintegra-sigam-o-prazo-de-90-dias\/#primaryimage\"},\"thumbnailUrl\":\"https:\/\/www.hsce.com.br\/wp-content\/uploads\/2025\/05\/Cristiano-Zanin_20.06.2024-Andressa-Anholete-scaled-1.jpg\",\"keywords\":[\"#reintegra\",\"#STF\",\"#Zanin\"],\"articleSection\":[\"Not\u00edcias\"],\"inLanguage\":\"en-US\",\"potentialAction\":[{\"@type\":\"CommentAction\",\"name\":\"Comment\",\"target\":[\"https:\/\/www.hsce.com.br\/stf-tem-maioria-para-que-reducoes-no-reintegra-sigam-o-prazo-de-90-dias\/#respond\"]}]},{\"@type\":\"WebPage\",\"@id\":\"https:\/\/www.hsce.com.br\/stf-tem-maioria-para-que-reducoes-no-reintegra-sigam-o-prazo-de-90-dias\/\",\"url\":\"https:\/\/www.hsce.com.br\/stf-tem-maioria-para-que-reducoes-no-reintegra-sigam-o-prazo-de-90-dias\/\",\"name\":\"STF tem maioria para que redu\u00e7\u00f5es no Reintegra sigam o prazo de 90 dias - Hands on Solutions\",\"isPartOf\":{\"@id\":\"https:\/\/www.hsce.com.br\/#website\"},\"primaryImageOfPage\":{\"@id\":\"https:\/\/www.hsce.com.br\/stf-tem-maioria-para-que-reducoes-no-reintegra-sigam-o-prazo-de-90-dias\/#primaryimage\"},\"image\":{\"@id\":\"https:\/\/www.hsce.com.br\/stf-tem-maioria-para-que-reducoes-no-reintegra-sigam-o-prazo-de-90-dias\/#primaryimage\"},\"thumbnailUrl\":\"https:\/\/www.hsce.com.br\/wp-content\/uploads\/2025\/05\/Cristiano-Zanin_20.06.2024-Andressa-Anholete-scaled-1.jpg\",\"datePublished\":\"2025-05-28T17:47:12+00:00\",\"breadcrumb\":{\"@id\":\"https:\/\/www.hsce.com.br\/stf-tem-maioria-para-que-reducoes-no-reintegra-sigam-o-prazo-de-90-dias\/#breadcrumb\"},\"inLanguage\":\"en-US\",\"potentialAction\":[{\"@type\":\"ReadAction\",\"target\":[\"https:\/\/www.hsce.com.br\/stf-tem-maioria-para-que-reducoes-no-reintegra-sigam-o-prazo-de-90-dias\/\"]}]},{\"@type\":\"ImageObject\",\"inLanguage\":\"en-US\",\"@id\":\"https:\/\/www.hsce.com.br\/stf-tem-maioria-para-que-reducoes-no-reintegra-sigam-o-prazo-de-90-dias\/#primaryimage\",\"url\":\"https:\/\/www.hsce.com.br\/wp-content\/uploads\/2025\/05\/Cristiano-Zanin_20.06.2024-Andressa-Anholete-scaled-1.jpg\",\"contentUrl\":\"https:\/\/www.hsce.com.br\/wp-content\/uploads\/2025\/05\/Cristiano-Zanin_20.06.2024-Andressa-Anholete-scaled-1.jpg\",\"width\":2560,\"height\":1707,\"caption\":\"Ministro Cristiano Zanin durante a Sess\u00e3o Plen\u00e1ria realizada em 20 de junho de 2024. Foto: Andressa Anholete\/STF\"},{\"@type\":\"BreadcrumbList\",\"@id\":\"https:\/\/www.hsce.com.br\/stf-tem-maioria-para-que-reducoes-no-reintegra-sigam-o-prazo-de-90-dias\/#breadcrumb\",\"itemListElement\":[{\"@type\":\"ListItem\",\"position\":1,\"name\":\"In\u00edcio\",\"item\":\"https:\/\/www.hsce.com.br\/\"},{\"@type\":\"ListItem\",\"position\":2,\"name\":\"STF tem maioria para que redu\u00e7\u00f5es no Reintegra sigam o prazo de 90 dias\"}]},{\"@type\":\"WebSite\",\"@id\":\"https:\/\/www.hsce.com.br\/#website\",\"url\":\"https:\/\/www.hsce.com.br\/\",\"name\":\"Hands on Solutions\",\"description\":\"\",\"publisher\":{\"@id\":\"https:\/\/www.hsce.com.br\/#organization\"},\"potentialAction\":[{\"@type\":\"SearchAction\",\"target\":{\"@type\":\"EntryPoint\",\"urlTemplate\":\"https:\/\/www.hsce.com.br\/?s={search_term_string}\"},\"query-input\":{\"@type\":\"PropertyValueSpecification\",\"valueRequired\":true,\"valueName\":\"search_term_string\"}}],\"inLanguage\":\"en-US\"},{\"@type\":\"Organization\",\"@id\":\"https:\/\/www.hsce.com.br\/#organization\",\"name\":\"Hands on Solutions\",\"url\":\"https:\/\/www.hsce.com.br\/\",\"logo\":{\"@type\":\"ImageObject\",\"inLanguage\":\"en-US\",\"@id\":\"https:\/\/www.hsce.com.br\/#\/schema\/logo\/image\/\",\"url\":\"https:\/\/www.hsce.com.br\/wp-content\/uploads\/2015\/09\/handson.png\",\"contentUrl\":\"https:\/\/www.hsce.com.br\/wp-content\/uploads\/2015\/09\/handson.png\",\"width\":230,\"height\":68,\"caption\":\"Hands on Solutions\"},\"image\":{\"@id\":\"https:\/\/www.hsce.com.br\/#\/schema\/logo\/image\/\"},\"sameAs\":[\"https:\/\/www.linkedin.com\/company\/hsce-ltda?trk=company_logo\"]},{\"@type\":\"Person\",\"@id\":\"https:\/\/www.hsce.com.br\/#\/schema\/person\/ce400a0e9f66b1195f845fb1fdca8b33\",\"name\":\"hsce\",\"image\":{\"@type\":\"ImageObject\",\"inLanguage\":\"en-US\",\"@id\":\"https:\/\/secure.gravatar.com\/avatar\/5cfe77ad71593df19912d9dffea7f5a8f3b3f45feff1ac302d60b22d3629b491?s=96&d=mm&r=g\",\"url\":\"https:\/\/secure.gravatar.com\/avatar\/5cfe77ad71593df19912d9dffea7f5a8f3b3f45feff1ac302d60b22d3629b491?s=96&d=mm&r=g\",\"contentUrl\":\"https:\/\/secure.gravatar.com\/avatar\/5cfe77ad71593df19912d9dffea7f5a8f3b3f45feff1ac302d60b22d3629b491?s=96&d=mm&r=g\",\"caption\":\"hsce\"},\"url\":\"https:\/\/www.hsce.com.br\/en\/author\/hsce\/\"}]}<\/script>\n<!-- \/ Yoast SEO plugin. -->","yoast_head_json":{"title":"STF tem maioria para que redu\u00e7\u00f5es no Reintegra sigam o prazo de 90 dias - Hands on Solutions","robots":{"index":"index","follow":"follow","max-snippet":"max-snippet:-1","max-image-preview":"max-image-preview:large","max-video-preview":"max-video-preview:-1"},"canonical":"https:\/\/www.hsce.com.br\/en\/stf-tem-maioria-para-que-reducoes-no-reintegra-sigam-o-prazo-de-90-dias\/","og_locale":"en_US","og_type":"article","og_title":"STF tem maioria para que redu\u00e7\u00f5es no Reintegra sigam o prazo de 90 dias - Hands on Solutions","og_description":"O Supremo Tribunal Federal formou maioria nesta sexta-feira (23\/5) para que as redu\u00e7\u00f5es do percentual do Reintegra sigam o princ\u00edpio da anterioridade nonagesimal, ou seja, o prazo de 90 dias. A tese majorit\u00e1ria at\u00e9 agora \u00e9 desfavor\u00e1vel aos contribuintes e prev\u00ea que o prazo tamb\u00e9m se aplica para a revoga\u00e7\u00e3o de benef\u00edcios do programa. O [&hellip;]","og_url":"https:\/\/www.hsce.com.br\/en\/stf-tem-maioria-para-que-reducoes-no-reintegra-sigam-o-prazo-de-90-dias\/","og_site_name":"Hands on Solutions","article_published_time":"2025-05-28T17:47:12+00:00","og_image":[{"width":2560,"height":1707,"url":"https:\/\/www.hsce.com.br\/wp-content\/uploads\/2025\/05\/Cristiano-Zanin_20.06.2024-Andressa-Anholete-scaled-1.jpg","type":"image\/jpeg"}],"author":"hsce","twitter_misc":{"Written by":"hsce","Est. reading time":"4 minutes"},"schema":{"@context":"https:\/\/schema.org","@graph":[{"@type":"Article","@id":"https:\/\/www.hsce.com.br\/stf-tem-maioria-para-que-reducoes-no-reintegra-sigam-o-prazo-de-90-dias\/#article","isPartOf":{"@id":"https:\/\/www.hsce.com.br\/stf-tem-maioria-para-que-reducoes-no-reintegra-sigam-o-prazo-de-90-dias\/"},"author":{"name":"hsce","@id":"https:\/\/www.hsce.com.br\/#\/schema\/person\/ce400a0e9f66b1195f845fb1fdca8b33"},"headline":"STF tem maioria para que redu\u00e7\u00f5es no Reintegra sigam o prazo de 90 dias","datePublished":"2025-05-28T17:47:12+00:00","mainEntityOfPage":{"@id":"https:\/\/www.hsce.com.br\/stf-tem-maioria-para-que-reducoes-no-reintegra-sigam-o-prazo-de-90-dias\/"},"wordCount":684,"commentCount":0,"publisher":{"@id":"https:\/\/www.hsce.com.br\/#organization"},"image":{"@id":"https:\/\/www.hsce.com.br\/stf-tem-maioria-para-que-reducoes-no-reintegra-sigam-o-prazo-de-90-dias\/#primaryimage"},"thumbnailUrl":"https:\/\/www.hsce.com.br\/wp-content\/uploads\/2025\/05\/Cristiano-Zanin_20.06.2024-Andressa-Anholete-scaled-1.jpg","keywords":["#reintegra","#STF","#Zanin"],"articleSection":["Not\u00edcias"],"inLanguage":"en-US","potentialAction":[{"@type":"CommentAction","name":"Comment","target":["https:\/\/www.hsce.com.br\/stf-tem-maioria-para-que-reducoes-no-reintegra-sigam-o-prazo-de-90-dias\/#respond"]}]},{"@type":"WebPage","@id":"https:\/\/www.hsce.com.br\/stf-tem-maioria-para-que-reducoes-no-reintegra-sigam-o-prazo-de-90-dias\/","url":"https:\/\/www.hsce.com.br\/stf-tem-maioria-para-que-reducoes-no-reintegra-sigam-o-prazo-de-90-dias\/","name":"STF tem maioria para que redu\u00e7\u00f5es no Reintegra sigam o prazo de 90 dias - Hands on Solutions","isPartOf":{"@id":"https:\/\/www.hsce.com.br\/#website"},"primaryImageOfPage":{"@id":"https:\/\/www.hsce.com.br\/stf-tem-maioria-para-que-reducoes-no-reintegra-sigam-o-prazo-de-90-dias\/#primaryimage"},"image":{"@id":"https:\/\/www.hsce.com.br\/stf-tem-maioria-para-que-reducoes-no-reintegra-sigam-o-prazo-de-90-dias\/#primaryimage"},"thumbnailUrl":"https:\/\/www.hsce.com.br\/wp-content\/uploads\/2025\/05\/Cristiano-Zanin_20.06.2024-Andressa-Anholete-scaled-1.jpg","datePublished":"2025-05-28T17:47:12+00:00","breadcrumb":{"@id":"https:\/\/www.hsce.com.br\/stf-tem-maioria-para-que-reducoes-no-reintegra-sigam-o-prazo-de-90-dias\/#breadcrumb"},"inLanguage":"en-US","potentialAction":[{"@type":"ReadAction","target":["https:\/\/www.hsce.com.br\/stf-tem-maioria-para-que-reducoes-no-reintegra-sigam-o-prazo-de-90-dias\/"]}]},{"@type":"ImageObject","inLanguage":"en-US","@id":"https:\/\/www.hsce.com.br\/stf-tem-maioria-para-que-reducoes-no-reintegra-sigam-o-prazo-de-90-dias\/#primaryimage","url":"https:\/\/www.hsce.com.br\/wp-content\/uploads\/2025\/05\/Cristiano-Zanin_20.06.2024-Andressa-Anholete-scaled-1.jpg","contentUrl":"https:\/\/www.hsce.com.br\/wp-content\/uploads\/2025\/05\/Cristiano-Zanin_20.06.2024-Andressa-Anholete-scaled-1.jpg","width":2560,"height":1707,"caption":"Ministro Cristiano Zanin durante a Sess\u00e3o Plen\u00e1ria realizada em 20 de junho de 2024. Foto: Andressa Anholete\/STF"},{"@type":"BreadcrumbList","@id":"https:\/\/www.hsce.com.br\/stf-tem-maioria-para-que-reducoes-no-reintegra-sigam-o-prazo-de-90-dias\/#breadcrumb","itemListElement":[{"@type":"ListItem","position":1,"name":"In\u00edcio","item":"https:\/\/www.hsce.com.br\/"},{"@type":"ListItem","position":2,"name":"STF tem maioria para que redu\u00e7\u00f5es no Reintegra sigam o prazo de 90 dias"}]},{"@type":"WebSite","@id":"https:\/\/www.hsce.com.br\/#website","url":"https:\/\/www.hsce.com.br\/","name":"Hands on Solutions","description":"","publisher":{"@id":"https:\/\/www.hsce.com.br\/#organization"},"potentialAction":[{"@type":"SearchAction","target":{"@type":"EntryPoint","urlTemplate":"https:\/\/www.hsce.com.br\/?s={search_term_string}"},"query-input":{"@type":"PropertyValueSpecification","valueRequired":true,"valueName":"search_term_string"}}],"inLanguage":"en-US"},{"@type":"Organization","@id":"https:\/\/www.hsce.com.br\/#organization","name":"Hands on Solutions","url":"https:\/\/www.hsce.com.br\/","logo":{"@type":"ImageObject","inLanguage":"en-US","@id":"https:\/\/www.hsce.com.br\/#\/schema\/logo\/image\/","url":"https:\/\/www.hsce.com.br\/wp-content\/uploads\/2015\/09\/handson.png","contentUrl":"https:\/\/www.hsce.com.br\/wp-content\/uploads\/2015\/09\/handson.png","width":230,"height":68,"caption":"Hands on Solutions"},"image":{"@id":"https:\/\/www.hsce.com.br\/#\/schema\/logo\/image\/"},"sameAs":["https:\/\/www.linkedin.com\/company\/hsce-ltda?trk=company_logo"]},{"@type":"Person","@id":"https:\/\/www.hsce.com.br\/#\/schema\/person\/ce400a0e9f66b1195f845fb1fdca8b33","name":"hsce","image":{"@type":"ImageObject","inLanguage":"en-US","@id":"https:\/\/secure.gravatar.com\/avatar\/5cfe77ad71593df19912d9dffea7f5a8f3b3f45feff1ac302d60b22d3629b491?s=96&d=mm&r=g","url":"https:\/\/secure.gravatar.com\/avatar\/5cfe77ad71593df19912d9dffea7f5a8f3b3f45feff1ac302d60b22d3629b491?s=96&d=mm&r=g","contentUrl":"https:\/\/secure.gravatar.com\/avatar\/5cfe77ad71593df19912d9dffea7f5a8f3b3f45feff1ac302d60b22d3629b491?s=96&d=mm&r=g","caption":"hsce"},"url":"https:\/\/www.hsce.com.br\/en\/author\/hsce\/"}]}},"_links":{"self":[{"href":"https:\/\/www.hsce.com.br\/en\/wp-json\/wp\/v2\/posts\/1678","targetHints":{"allow":["GET"]}}],"collection":[{"href":"https:\/\/www.hsce.com.br\/en\/wp-json\/wp\/v2\/posts"}],"about":[{"href":"https:\/\/www.hsce.com.br\/en\/wp-json\/wp\/v2\/types\/post"}],"author":[{"embeddable":true,"href":"https:\/\/www.hsce.com.br\/en\/wp-json\/wp\/v2\/users\/8"}],"replies":[{"embeddable":true,"href":"https:\/\/www.hsce.com.br\/en\/wp-json\/wp\/v2\/comments?post=1678"}],"version-history":[{"count":1,"href":"https:\/\/www.hsce.com.br\/en\/wp-json\/wp\/v2\/posts\/1678\/revisions"}],"predecessor-version":[{"id":1680,"href":"https:\/\/www.hsce.com.br\/en\/wp-json\/wp\/v2\/posts\/1678\/revisions\/1680"}],"wp:featuredmedia":[{"embeddable":true,"href":"https:\/\/www.hsce.com.br\/en\/wp-json\/wp\/v2\/media\/1679"}],"wp:attachment":[{"href":"https:\/\/www.hsce.com.br\/en\/wp-json\/wp\/v2\/media?parent=1678"}],"wp:term":[{"taxonomy":"category","embeddable":true,"href":"https:\/\/www.hsce.com.br\/en\/wp-json\/wp\/v2\/categories?post=1678"},{"taxonomy":"post_tag","embeddable":true,"href":"https:\/\/www.hsce.com.br\/en\/wp-json\/wp\/v2\/tags?post=1678"}],"curies":[{"name":"wp","href":"https:\/\/api.w.org\/{rel}","templated":true}]}}