{"id":1675,"date":"2025-05-28T17:25:17","date_gmt":"2025-05-28T17:25:17","guid":{"rendered":"https:\/\/www.hsce.com.br\/?p=1675"},"modified":"2025-05-28T17:25:17","modified_gmt":"2025-05-28T17:25:17","slug":"stj-vai-definir-incidencia-de-pis-cofins-sobre-vendas-a-zona-franca-de-manaus","status":"publish","type":"post","link":"https:\/\/www.hsce.com.br\/en\/stj-vai-definir-incidencia-de-pis-cofins-sobre-vendas-a-zona-franca-de-manaus\/","title":{"rendered":"STJ vai definir incid\u00eancia de PIS\/Cofins sobre vendas \u00e0 Zona Franca de Manaus"},"content":{"rendered":"<p>No mesmo dia, o colegiado vai definir tamb\u00e9m se incidem PIS e Cofins sobre as receitas geradas pelas vendas de mercadorias de origem nacional ou nacionalizada a pessoas f\u00edsicas ou jur\u00eddicas dentro da Zona Franca de Manaus.<\/p>\n\n\n\n<p>A controv\u00e9rsia envolve a interpreta\u00e7\u00e3o do Decreto-Lei 288\/67 e do artigo 40 do Ato das Disposi\u00e7\u00f5es Constitucionais Transit\u00f3rias (ADCT), que equiparam as opera\u00e7\u00f5es com a ZFM \u00e0s exporta\u00e7\u00f5es, isentas de tributos como o PIS e a Cofins.<\/p>\n\n\n\n<p>O relator destacou que h\u00e1 m\u00faltiplas a\u00e7\u00f5es sobre o Tema 1239, nunca discutido no sistema de precedentes qualificados. Segundo o ministro, apenas na base de dados do STJ, foram localizados oito ac\u00f3rd\u00e3os e 361 decis\u00f5es monocr\u00e1ticas sobre o assunto. Como a quest\u00e3o ser\u00e1 julgada como recurso repetitivo, todos os processos ficar\u00e3o suspensos at\u00e9 a defini\u00e7\u00e3o da tese, que ter\u00e1 aplica\u00e7\u00e3o obrigat\u00f3ria pelos demais tribunais do pa\u00eds.<\/p>\n\n\n\n<p>Colegiado: 1\u00aa Se\u00e7\u00e3o<\/p>\n\n\n\n<p>Processo: REsps 2093050\/AM, 2093052\/AM, 2152904\/AM, 2152381\/AM, 2152161\/AM e 2613918\/AM (<strong><u><a rel=\"noreferrer noopener\" target=\"_blank\" href=\"https:\/\/processo.stj.jus.br\/repetitivos\/temas_repetitivos\/pesquisa.jsp?novaConsulta=true&amp;tipo_pesquisa=T&amp;cod_tema_inicial=1239&amp;cod_tema_final=1239\">Tema 1.239<\/a><\/u><\/strong>)<\/p>\n\n\n\n<p>Relator: Gurgel de Faria<\/p>\n\n\n\n<blockquote class=\"wp-block-quote is-layout-flow wp-block-quote-is-layout-flow\">\n<p>Source:\u00a0<a href=\"https:\/\/www.jota.info\/tributos\/direto-da-corte\/stf-nao-analisa-merito-e-decisao-do-stj-sobre-tusdtust-no-icms-se-torna-definitiva\" target=\"_blank\" rel=\"noreferrer noopener\">https:\/\/www.jota.info\/tributos\/direto-da-corte\/stf-nao-analisa-merito-e-decisao-do-stj-sobre-tusdtust-no-icms-se-torna-definitiva<\/a><\/p>\n<\/blockquote>\n\n\n\n<p><\/p>","protected":false},"excerpt":{"rendered":"<p>No mesmo dia, o colegiado vai definir tamb\u00e9m se incidem PIS e Cofins sobre as receitas geradas pelas vendas de mercadorias de origem nacional ou nacionalizada a pessoas f\u00edsicas ou jur\u00eddicas dentro da Zona Franca de Manaus. A controv\u00e9rsia envolve a interpreta\u00e7\u00e3o do Decreto-Lei 288\/67 e do artigo 40 do Ato das Disposi\u00e7\u00f5es Constitucionais Transit\u00f3rias [&hellip;]<\/p>","protected":false},"author":8,"featured_media":1676,"comment_status":"open","ping_status":"open","sticky":false,"template":"","format":"standard","meta":{"_monsterinsights_skip_tracking":false,"_monsterinsights_sitenote_active":false,"_monsterinsights_sitenote_note":"","_monsterinsights_sitenote_category":0,"footnotes":""},"categories":[76],"tags":[90,89,155],"class_list":["post-1675","post","type-post","status-publish","format-standard","has-post-thumbnail","hentry","category-noticias","tag-cofins","tag-pis","tag-stj-2"],"yoast_head":"<!-- This site is optimized with the Yoast SEO plugin v27.2 - https:\/\/yoast.com\/product\/yoast-seo-wordpress\/ -->\n<title>STJ vai definir incid\u00eancia de PIS\/Cofins sobre vendas \u00e0 Zona Franca de Manaus - Hands on Solutions<\/title>\n<meta name=\"robots\" content=\"index, follow, max-snippet:-1, max-image-preview:large, max-video-preview:-1\" \/>\n<link rel=\"canonical\" href=\"https:\/\/www.hsce.com.br\/en\/stj-vai-definir-incidencia-de-pis-cofins-sobre-vendas-a-zona-franca-de-manaus\/\" \/>\n<meta property=\"og:locale\" content=\"en_US\" \/>\n<meta property=\"og:type\" content=\"article\" \/>\n<meta property=\"og:title\" content=\"STJ vai definir incid\u00eancia de PIS\/Cofins sobre vendas \u00e0 Zona Franca de Manaus - Hands on Solutions\" \/>\n<meta property=\"og:description\" content=\"No mesmo dia, o colegiado vai definir tamb\u00e9m se incidem PIS e Cofins sobre as receitas geradas pelas vendas de mercadorias de origem nacional ou nacionalizada a pessoas f\u00edsicas ou jur\u00eddicas dentro da Zona Franca de Manaus. A controv\u00e9rsia envolve a interpreta\u00e7\u00e3o do Decreto-Lei 288\/67 e do artigo 40 do Ato das Disposi\u00e7\u00f5es Constitucionais Transit\u00f3rias [&hellip;]\" \/>\n<meta property=\"og:url\" content=\"https:\/\/www.hsce.com.br\/en\/stj-vai-definir-incidencia-de-pis-cofins-sobre-vendas-a-zona-franca-de-manaus\/\" \/>\n<meta property=\"og:site_name\" content=\"Hands on Solutions\" \/>\n<meta property=\"article:published_time\" content=\"2025-05-28T17:25:17+00:00\" \/>\n<meta property=\"og:image\" content=\"https:\/\/www.hsce.com.br\/wp-content\/uploads\/2025\/05\/7ba9d7d4-df52-4732-a45d-7e3052b26471.jpeg\" \/>\n\t<meta property=\"og:image:width\" content=\"750\" \/>\n\t<meta property=\"og:image:height\" content=\"444\" \/>\n\t<meta property=\"og:image:type\" content=\"image\/jpeg\" \/>\n<meta name=\"author\" content=\"hsce\" \/>\n<meta name=\"twitter:label1\" content=\"Written by\" \/>\n\t<meta name=\"twitter:data1\" content=\"hsce\" \/>\n\t<meta name=\"twitter:label2\" content=\"Est. reading time\" \/>\n\t<meta name=\"twitter:data2\" content=\"2 minutes\" \/>\n<script type=\"application\/ld+json\" class=\"yoast-schema-graph\">{\"@context\":\"https:\/\/schema.org\",\"@graph\":[{\"@type\":\"Article\",\"@id\":\"https:\/\/www.hsce.com.br\/stj-vai-definir-incidencia-de-pis-cofins-sobre-vendas-a-zona-franca-de-manaus\/#article\",\"isPartOf\":{\"@id\":\"https:\/\/www.hsce.com.br\/stj-vai-definir-incidencia-de-pis-cofins-sobre-vendas-a-zona-franca-de-manaus\/\"},\"author\":{\"name\":\"hsce\",\"@id\":\"https:\/\/www.hsce.com.br\/#\/schema\/person\/ce400a0e9f66b1195f845fb1fdca8b33\"},\"headline\":\"STJ vai definir incid\u00eancia de PIS\/Cofins sobre vendas \u00e0 Zona Franca de Manaus\",\"datePublished\":\"2025-05-28T17:25:17+00:00\",\"mainEntityOfPage\":{\"@id\":\"https:\/\/www.hsce.com.br\/stj-vai-definir-incidencia-de-pis-cofins-sobre-vendas-a-zona-franca-de-manaus\/\"},\"wordCount\":196,\"commentCount\":0,\"publisher\":{\"@id\":\"https:\/\/www.hsce.com.br\/#organization\"},\"image\":{\"@id\":\"https:\/\/www.hsce.com.br\/stj-vai-definir-incidencia-de-pis-cofins-sobre-vendas-a-zona-franca-de-manaus\/#primaryimage\"},\"thumbnailUrl\":\"https:\/\/www.hsce.com.br\/wp-content\/uploads\/2025\/05\/7ba9d7d4-df52-4732-a45d-7e3052b26471.jpeg\",\"keywords\":[\"#Cofins\",\"#Pis\",\"#stj\"],\"articleSection\":[\"Not\u00edcias\"],\"inLanguage\":\"en-US\",\"potentialAction\":[{\"@type\":\"CommentAction\",\"name\":\"Comment\",\"target\":[\"https:\/\/www.hsce.com.br\/stj-vai-definir-incidencia-de-pis-cofins-sobre-vendas-a-zona-franca-de-manaus\/#respond\"]}]},{\"@type\":\"WebPage\",\"@id\":\"https:\/\/www.hsce.com.br\/stj-vai-definir-incidencia-de-pis-cofins-sobre-vendas-a-zona-franca-de-manaus\/\",\"url\":\"https:\/\/www.hsce.com.br\/stj-vai-definir-incidencia-de-pis-cofins-sobre-vendas-a-zona-franca-de-manaus\/\",\"name\":\"STJ vai definir incid\u00eancia de PIS\/Cofins sobre vendas \u00e0 Zona Franca de Manaus - Hands on Solutions\",\"isPartOf\":{\"@id\":\"https:\/\/www.hsce.com.br\/#website\"},\"primaryImageOfPage\":{\"@id\":\"https:\/\/www.hsce.com.br\/stj-vai-definir-incidencia-de-pis-cofins-sobre-vendas-a-zona-franca-de-manaus\/#primaryimage\"},\"image\":{\"@id\":\"https:\/\/www.hsce.com.br\/stj-vai-definir-incidencia-de-pis-cofins-sobre-vendas-a-zona-franca-de-manaus\/#primaryimage\"},\"thumbnailUrl\":\"https:\/\/www.hsce.com.br\/wp-content\/uploads\/2025\/05\/7ba9d7d4-df52-4732-a45d-7e3052b26471.jpeg\",\"datePublished\":\"2025-05-28T17:25:17+00:00\",\"breadcrumb\":{\"@id\":\"https:\/\/www.hsce.com.br\/stj-vai-definir-incidencia-de-pis-cofins-sobre-vendas-a-zona-franca-de-manaus\/#breadcrumb\"},\"inLanguage\":\"en-US\",\"potentialAction\":[{\"@type\":\"ReadAction\",\"target\":[\"https:\/\/www.hsce.com.br\/stj-vai-definir-incidencia-de-pis-cofins-sobre-vendas-a-zona-franca-de-manaus\/\"]}]},{\"@type\":\"ImageObject\",\"inLanguage\":\"en-US\",\"@id\":\"https:\/\/www.hsce.com.br\/stj-vai-definir-incidencia-de-pis-cofins-sobre-vendas-a-zona-franca-de-manaus\/#primaryimage\",\"url\":\"https:\/\/www.hsce.com.br\/wp-content\/uploads\/2025\/05\/7ba9d7d4-df52-4732-a45d-7e3052b26471.jpeg\",\"contentUrl\":\"https:\/\/www.hsce.com.br\/wp-content\/uploads\/2025\/05\/7ba9d7d4-df52-4732-a45d-7e3052b26471.jpeg\",\"width\":750,\"height\":444},{\"@type\":\"BreadcrumbList\",\"@id\":\"https:\/\/www.hsce.com.br\/stj-vai-definir-incidencia-de-pis-cofins-sobre-vendas-a-zona-franca-de-manaus\/#breadcrumb\",\"itemListElement\":[{\"@type\":\"ListItem\",\"position\":1,\"name\":\"In\u00edcio\",\"item\":\"https:\/\/www.hsce.com.br\/\"},{\"@type\":\"ListItem\",\"position\":2,\"name\":\"STJ vai definir incid\u00eancia de PIS\/Cofins sobre vendas \u00e0 Zona Franca de Manaus\"}]},{\"@type\":\"WebSite\",\"@id\":\"https:\/\/www.hsce.com.br\/#website\",\"url\":\"https:\/\/www.hsce.com.br\/\",\"name\":\"Hands on Solutions\",\"description\":\"\",\"publisher\":{\"@id\":\"https:\/\/www.hsce.com.br\/#organization\"},\"potentialAction\":[{\"@type\":\"SearchAction\",\"target\":{\"@type\":\"EntryPoint\",\"urlTemplate\":\"https:\/\/www.hsce.com.br\/?s={search_term_string}\"},\"query-input\":{\"@type\":\"PropertyValueSpecification\",\"valueRequired\":true,\"valueName\":\"search_term_string\"}}],\"inLanguage\":\"en-US\"},{\"@type\":\"Organization\",\"@id\":\"https:\/\/www.hsce.com.br\/#organization\",\"name\":\"Hands on Solutions\",\"url\":\"https:\/\/www.hsce.com.br\/\",\"logo\":{\"@type\":\"ImageObject\",\"inLanguage\":\"en-US\",\"@id\":\"https:\/\/www.hsce.com.br\/#\/schema\/logo\/image\/\",\"url\":\"https:\/\/www.hsce.com.br\/wp-content\/uploads\/2015\/09\/handson.png\",\"contentUrl\":\"https:\/\/www.hsce.com.br\/wp-content\/uploads\/2015\/09\/handson.png\",\"width\":230,\"height\":68,\"caption\":\"Hands on Solutions\"},\"image\":{\"@id\":\"https:\/\/www.hsce.com.br\/#\/schema\/logo\/image\/\"},\"sameAs\":[\"https:\/\/www.linkedin.com\/company\/hsce-ltda?trk=company_logo\"]},{\"@type\":\"Person\",\"@id\":\"https:\/\/www.hsce.com.br\/#\/schema\/person\/ce400a0e9f66b1195f845fb1fdca8b33\",\"name\":\"hsce\",\"image\":{\"@type\":\"ImageObject\",\"inLanguage\":\"en-US\",\"@id\":\"https:\/\/secure.gravatar.com\/avatar\/5cfe77ad71593df19912d9dffea7f5a8f3b3f45feff1ac302d60b22d3629b491?s=96&d=mm&r=g\",\"url\":\"https:\/\/secure.gravatar.com\/avatar\/5cfe77ad71593df19912d9dffea7f5a8f3b3f45feff1ac302d60b22d3629b491?s=96&d=mm&r=g\",\"contentUrl\":\"https:\/\/secure.gravatar.com\/avatar\/5cfe77ad71593df19912d9dffea7f5a8f3b3f45feff1ac302d60b22d3629b491?s=96&d=mm&r=g\",\"caption\":\"hsce\"},\"url\":\"https:\/\/www.hsce.com.br\/en\/author\/hsce\/\"}]}<\/script>\n<!-- \/ Yoast SEO plugin. -->","yoast_head_json":{"title":"STJ vai definir incid\u00eancia de PIS\/Cofins sobre vendas \u00e0 Zona Franca de Manaus - Hands on Solutions","robots":{"index":"index","follow":"follow","max-snippet":"max-snippet:-1","max-image-preview":"max-image-preview:large","max-video-preview":"max-video-preview:-1"},"canonical":"https:\/\/www.hsce.com.br\/en\/stj-vai-definir-incidencia-de-pis-cofins-sobre-vendas-a-zona-franca-de-manaus\/","og_locale":"en_US","og_type":"article","og_title":"STJ vai definir incid\u00eancia de PIS\/Cofins sobre vendas \u00e0 Zona Franca de Manaus - Hands on Solutions","og_description":"No mesmo dia, o colegiado vai definir tamb\u00e9m se incidem PIS e Cofins sobre as receitas geradas pelas vendas de mercadorias de origem nacional ou nacionalizada a pessoas f\u00edsicas ou jur\u00eddicas dentro da Zona Franca de Manaus. A controv\u00e9rsia envolve a interpreta\u00e7\u00e3o do Decreto-Lei 288\/67 e do artigo 40 do Ato das Disposi\u00e7\u00f5es Constitucionais Transit\u00f3rias [&hellip;]","og_url":"https:\/\/www.hsce.com.br\/en\/stj-vai-definir-incidencia-de-pis-cofins-sobre-vendas-a-zona-franca-de-manaus\/","og_site_name":"Hands on Solutions","article_published_time":"2025-05-28T17:25:17+00:00","og_image":[{"width":750,"height":444,"url":"https:\/\/www.hsce.com.br\/wp-content\/uploads\/2025\/05\/7ba9d7d4-df52-4732-a45d-7e3052b26471.jpeg","type":"image\/jpeg"}],"author":"hsce","twitter_misc":{"Written by":"hsce","Est. reading time":"2 minutes"},"schema":{"@context":"https:\/\/schema.org","@graph":[{"@type":"Article","@id":"https:\/\/www.hsce.com.br\/stj-vai-definir-incidencia-de-pis-cofins-sobre-vendas-a-zona-franca-de-manaus\/#article","isPartOf":{"@id":"https:\/\/www.hsce.com.br\/stj-vai-definir-incidencia-de-pis-cofins-sobre-vendas-a-zona-franca-de-manaus\/"},"author":{"name":"hsce","@id":"https:\/\/www.hsce.com.br\/#\/schema\/person\/ce400a0e9f66b1195f845fb1fdca8b33"},"headline":"STJ vai definir incid\u00eancia de PIS\/Cofins sobre vendas \u00e0 Zona Franca de Manaus","datePublished":"2025-05-28T17:25:17+00:00","mainEntityOfPage":{"@id":"https:\/\/www.hsce.com.br\/stj-vai-definir-incidencia-de-pis-cofins-sobre-vendas-a-zona-franca-de-manaus\/"},"wordCount":196,"commentCount":0,"publisher":{"@id":"https:\/\/www.hsce.com.br\/#organization"},"image":{"@id":"https:\/\/www.hsce.com.br\/stj-vai-definir-incidencia-de-pis-cofins-sobre-vendas-a-zona-franca-de-manaus\/#primaryimage"},"thumbnailUrl":"https:\/\/www.hsce.com.br\/wp-content\/uploads\/2025\/05\/7ba9d7d4-df52-4732-a45d-7e3052b26471.jpeg","keywords":["#Cofins","#Pis","#stj"],"articleSection":["Not\u00edcias"],"inLanguage":"en-US","potentialAction":[{"@type":"CommentAction","name":"Comment","target":["https:\/\/www.hsce.com.br\/stj-vai-definir-incidencia-de-pis-cofins-sobre-vendas-a-zona-franca-de-manaus\/#respond"]}]},{"@type":"WebPage","@id":"https:\/\/www.hsce.com.br\/stj-vai-definir-incidencia-de-pis-cofins-sobre-vendas-a-zona-franca-de-manaus\/","url":"https:\/\/www.hsce.com.br\/stj-vai-definir-incidencia-de-pis-cofins-sobre-vendas-a-zona-franca-de-manaus\/","name":"STJ vai definir incid\u00eancia de PIS\/Cofins sobre vendas \u00e0 Zona Franca de Manaus - Hands on Solutions","isPartOf":{"@id":"https:\/\/www.hsce.com.br\/#website"},"primaryImageOfPage":{"@id":"https:\/\/www.hsce.com.br\/stj-vai-definir-incidencia-de-pis-cofins-sobre-vendas-a-zona-franca-de-manaus\/#primaryimage"},"image":{"@id":"https:\/\/www.hsce.com.br\/stj-vai-definir-incidencia-de-pis-cofins-sobre-vendas-a-zona-franca-de-manaus\/#primaryimage"},"thumbnailUrl":"https:\/\/www.hsce.com.br\/wp-content\/uploads\/2025\/05\/7ba9d7d4-df52-4732-a45d-7e3052b26471.jpeg","datePublished":"2025-05-28T17:25:17+00:00","breadcrumb":{"@id":"https:\/\/www.hsce.com.br\/stj-vai-definir-incidencia-de-pis-cofins-sobre-vendas-a-zona-franca-de-manaus\/#breadcrumb"},"inLanguage":"en-US","potentialAction":[{"@type":"ReadAction","target":["https:\/\/www.hsce.com.br\/stj-vai-definir-incidencia-de-pis-cofins-sobre-vendas-a-zona-franca-de-manaus\/"]}]},{"@type":"ImageObject","inLanguage":"en-US","@id":"https:\/\/www.hsce.com.br\/stj-vai-definir-incidencia-de-pis-cofins-sobre-vendas-a-zona-franca-de-manaus\/#primaryimage","url":"https:\/\/www.hsce.com.br\/wp-content\/uploads\/2025\/05\/7ba9d7d4-df52-4732-a45d-7e3052b26471.jpeg","contentUrl":"https:\/\/www.hsce.com.br\/wp-content\/uploads\/2025\/05\/7ba9d7d4-df52-4732-a45d-7e3052b26471.jpeg","width":750,"height":444},{"@type":"BreadcrumbList","@id":"https:\/\/www.hsce.com.br\/stj-vai-definir-incidencia-de-pis-cofins-sobre-vendas-a-zona-franca-de-manaus\/#breadcrumb","itemListElement":[{"@type":"ListItem","position":1,"name":"In\u00edcio","item":"https:\/\/www.hsce.com.br\/"},{"@type":"ListItem","position":2,"name":"STJ vai definir incid\u00eancia de PIS\/Cofins sobre vendas \u00e0 Zona Franca de Manaus"}]},{"@type":"WebSite","@id":"https:\/\/www.hsce.com.br\/#website","url":"https:\/\/www.hsce.com.br\/","name":"Hands on Solutions","description":"","publisher":{"@id":"https:\/\/www.hsce.com.br\/#organization"},"potentialAction":[{"@type":"SearchAction","target":{"@type":"EntryPoint","urlTemplate":"https:\/\/www.hsce.com.br\/?s={search_term_string}"},"query-input":{"@type":"PropertyValueSpecification","valueRequired":true,"valueName":"search_term_string"}}],"inLanguage":"en-US"},{"@type":"Organization","@id":"https:\/\/www.hsce.com.br\/#organization","name":"Hands on Solutions","url":"https:\/\/www.hsce.com.br\/","logo":{"@type":"ImageObject","inLanguage":"en-US","@id":"https:\/\/www.hsce.com.br\/#\/schema\/logo\/image\/","url":"https:\/\/www.hsce.com.br\/wp-content\/uploads\/2015\/09\/handson.png","contentUrl":"https:\/\/www.hsce.com.br\/wp-content\/uploads\/2015\/09\/handson.png","width":230,"height":68,"caption":"Hands on Solutions"},"image":{"@id":"https:\/\/www.hsce.com.br\/#\/schema\/logo\/image\/"},"sameAs":["https:\/\/www.linkedin.com\/company\/hsce-ltda?trk=company_logo"]},{"@type":"Person","@id":"https:\/\/www.hsce.com.br\/#\/schema\/person\/ce400a0e9f66b1195f845fb1fdca8b33","name":"hsce","image":{"@type":"ImageObject","inLanguage":"en-US","@id":"https:\/\/secure.gravatar.com\/avatar\/5cfe77ad71593df19912d9dffea7f5a8f3b3f45feff1ac302d60b22d3629b491?s=96&d=mm&r=g","url":"https:\/\/secure.gravatar.com\/avatar\/5cfe77ad71593df19912d9dffea7f5a8f3b3f45feff1ac302d60b22d3629b491?s=96&d=mm&r=g","contentUrl":"https:\/\/secure.gravatar.com\/avatar\/5cfe77ad71593df19912d9dffea7f5a8f3b3f45feff1ac302d60b22d3629b491?s=96&d=mm&r=g","caption":"hsce"},"url":"https:\/\/www.hsce.com.br\/en\/author\/hsce\/"}]}},"_links":{"self":[{"href":"https:\/\/www.hsce.com.br\/en\/wp-json\/wp\/v2\/posts\/1675","targetHints":{"allow":["GET"]}}],"collection":[{"href":"https:\/\/www.hsce.com.br\/en\/wp-json\/wp\/v2\/posts"}],"about":[{"href":"https:\/\/www.hsce.com.br\/en\/wp-json\/wp\/v2\/types\/post"}],"author":[{"embeddable":true,"href":"https:\/\/www.hsce.com.br\/en\/wp-json\/wp\/v2\/users\/8"}],"replies":[{"embeddable":true,"href":"https:\/\/www.hsce.com.br\/en\/wp-json\/wp\/v2\/comments?post=1675"}],"version-history":[{"count":1,"href":"https:\/\/www.hsce.com.br\/en\/wp-json\/wp\/v2\/posts\/1675\/revisions"}],"predecessor-version":[{"id":1677,"href":"https:\/\/www.hsce.com.br\/en\/wp-json\/wp\/v2\/posts\/1675\/revisions\/1677"}],"wp:featuredmedia":[{"embeddable":true,"href":"https:\/\/www.hsce.com.br\/en\/wp-json\/wp\/v2\/media\/1676"}],"wp:attachment":[{"href":"https:\/\/www.hsce.com.br\/en\/wp-json\/wp\/v2\/media?parent=1675"}],"wp:term":[{"taxonomy":"category","embeddable":true,"href":"https:\/\/www.hsce.com.br\/en\/wp-json\/wp\/v2\/categories?post=1675"},{"taxonomy":"post_tag","embeddable":true,"href":"https:\/\/www.hsce.com.br\/en\/wp-json\/wp\/v2\/tags?post=1675"}],"curies":[{"name":"wp","href":"https:\/\/api.w.org\/{rel}","templated":true}]}}