{"id":1668,"date":"2025-05-28T16:12:15","date_gmt":"2025-05-28T16:12:15","guid":{"rendered":"https:\/\/www.hsce.com.br\/?p=1668"},"modified":"2025-05-28T16:13:39","modified_gmt":"2025-05-28T16:13:39","slug":"stf-nao-analisa-merito-e-decisao-do-stj-sobre-tusd-tust-no-icms-se-torna-definitiva","status":"publish","type":"post","link":"https:\/\/www.hsce.com.br\/en\/stf-nao-analisa-merito-e-decisao-do-stj-sobre-tusd-tust-no-icms-se-torna-definitiva\/","title":{"rendered":"STF n\u00e3o analisa m\u00e9rito, e decis\u00e3o do STJ sobre TUSD\/TUST no ICMS se torna definitiva"},"content":{"rendered":"<p>O Supremo Tribunal Federal (STF) formou maioria, nesta quinta-feira (22\/5), para devolver ao Superior Tribunal de Justi\u00e7a (STJ) o processo que discute a inclus\u00e3o das Tarifas de Uso do Sistema de Transmiss\u00e3o (TUST) e de Uso do Sistema de Distribui\u00e7\u00e3o (TUSD) na base de c\u00e1lculo do ICMS cobrado na fatura de energia. O caso contempla o per\u00edodo anterior \u00e0 Lei Complementar 194\/2022, que retirou as tarifas da base do imposto e ter\u00e1 sua constitucionalidade analisada futuramente pelo Supremo.<\/p>\n\n\n\n<p>O relator, Lu\u00eds Roberto Barroso, considerou que a mat\u00e9ria \u00e9 de natureza infraconstitucional por envolver a Lei Complementar 87\/1996, a Lei Kandir. O entendimento foi seguido por ora pelos ministros Alexandre de Moraes, C\u00e1rmen L\u00facia, Cristiano Zanin, Andr\u00e9 Mendon\u00e7a, Fl\u00e1vio Dino, Luiz Fux e Edson Fachin.<\/p>\n\n\n\n<p>O entendimento, na pr\u00e1tica, torna definitiva a decis\u00e3o da Primeira Se\u00e7\u00e3o do STJ tomada por meio do Tema 986 dos recursos repetitivos. Em mar\u00e7o de 2024, o colegiado estabeleceu que as tarifas devem compor a base de c\u00e1lculo nas situa\u00e7\u00f5es em que s\u00e3o lan\u00e7adas na conta de luz como um encargo a ser pago diretamente pelo consumidor final.<\/p>\n\n\n\n<p>O posicionamento, por\u00e9m, foi alvo de modula\u00e7\u00e3o de efeitos. Ficou definido que consumidores que tinham liminar v\u00e1lida at\u00e9 a publica\u00e7\u00e3o do ac\u00f3rd\u00e3o do julgamento na Primeira Turma, em 27 de mar\u00e7o de 2017, poder\u00e3o manter o direito de n\u00e3o pagar o imposto sobre essas tarifas at\u00e9 a data, mesmo sem ter feito dep\u00f3sito judicial. A partir disso, todos os contribuintes dever\u00e3o recolher o ICMS com TUST e TUSD inclu\u00eddas. A decis\u00e3o n\u00e3o vale para quem n\u00e3o entrou com a\u00e7\u00e3o e n\u00e3o conseguiu liminar ou quem entrou com a\u00e7\u00e3o na qual a tutela de urg\u00eancia ou evid\u00eancia tenha sido condicionada \u00e0 realiza\u00e7\u00e3o de dep\u00f3sito judicial. Casos com decis\u00e3o definitiva (tr\u00e2nsito em julgado) ser\u00e3o analisados separadamente.<\/p>\n\n\n\n<p>Barroso afirmou, em seu voto, que a controv\u00e9rsia foi decidida no STJ com base na interpreta\u00e7\u00e3o da Lei Complementar 87\/1996 com reda\u00e7\u00e3o anterior \u00e0 Lei Complementar 194\/2022, que vetou a cobran\u00e7a de ICMS sobre a TUST e TUSD. A norma \u00e9 alvo de outra a\u00e7\u00e3o (ADI 7.195), que teve liminar deferida para reincluir as tarifas na base do ICMS. O m\u00e9rito do processo ainda est\u00e1 pendente de julgamento.<\/p>\n\n\n\n<p>O&nbsp;<a rel=\"noreferrer noopener\" target=\"_blank\" href=\"https:\/\/portal.stf.jus.br\/processos\/detalhe.asp?incidente=7179886\">RE 1539189<\/a>&nbsp;permanece em julgamento pelo plen\u00e1rio virtual do STF at\u00e9 a pr\u00f3xima sexta-feira (23\/5).<\/p>\n\n\n\n<p>Tipo de julgamento: virtual<\/p>\n\n\n\n<p>Processo:&nbsp;<a rel=\"noreferrer noopener\" target=\"_blank\" href=\"https:\/\/portal.stf.jus.br\/processos\/detalhe.asp?incidente=7179886\">RE 1539198<\/a><\/p>\n\n\n\n<p>Partes: Estado do Mato Grosso X Elton Carvalho da Silva<\/p>\n\n\n\n<p>Relator: Lu\u00eds Roberto Barroso<\/p>\n\n\n\n<blockquote class=\"wp-block-quote is-layout-flow wp-block-quote-is-layout-flow\">\n<p>Source:\u00a0<a href=\"https:\/\/www.jota.info\/tributos\/direto-da-corte\/stf-nao-analisa-merito-e-decisao-do-stj-sobre-tusdtust-no-icms-se-torna-definitiva\" target=\"_blank\" rel=\"noreferrer noopener\">https:\/\/www.jota.info\/tributos\/direto-da-corte\/stf-nao-analisa-merito-e-decisao-do-stj-sobre-tusdtust-no-icms-se-torna-definitiva<\/a><\/p>\n<\/blockquote>\n\n\n\n<p><\/p>","protected":false},"excerpt":{"rendered":"<p>O Supremo Tribunal Federal (STF) formou maioria, nesta quinta-feira (22\/5), para devolver ao Superior Tribunal de Justi\u00e7a (STJ) o processo que discute a inclus\u00e3o das Tarifas de Uso do Sistema de Transmiss\u00e3o (TUST) e de Uso do Sistema de Distribui\u00e7\u00e3o (TUSD) na base de c\u00e1lculo do ICMS cobrado na fatura de energia. O caso contempla [&hellip;]<\/p>","protected":false},"author":8,"featured_media":1669,"comment_status":"open","ping_status":"open","sticky":false,"template":"","format":"standard","meta":{"_monsterinsights_skip_tracking":false,"_monsterinsights_sitenote_active":false,"_monsterinsights_sitenote_note":"","_monsterinsights_sitenote_category":0,"footnotes":""},"categories":[76],"tags":[102,100,155,496,497],"class_list":["post-1668","post","type-post","status-publish","format-standard","has-post-thumbnail","hentry","category-noticias","tag-icms-2","tag-stf-2","tag-stj-2","tag-tusd","tag-tust"],"yoast_head":"<!-- This site is optimized with the Yoast SEO plugin v27.2 - https:\/\/yoast.com\/product\/yoast-seo-wordpress\/ -->\n<title>STF n\u00e3o analisa m\u00e9rito, e decis\u00e3o do STJ sobre TUSD\/TUST no ICMS se torna definitiva - Hands on Solutions<\/title>\n<meta name=\"robots\" content=\"index, follow, max-snippet:-1, max-image-preview:large, max-video-preview:-1\" \/>\n<link rel=\"canonical\" href=\"https:\/\/www.hsce.com.br\/en\/stf-nao-analisa-merito-e-decisao-do-stj-sobre-tusd-tust-no-icms-se-torna-definitiva\/\" \/>\n<meta property=\"og:locale\" content=\"en_US\" \/>\n<meta property=\"og:type\" content=\"article\" \/>\n<meta property=\"og:title\" content=\"STF n\u00e3o analisa m\u00e9rito, e decis\u00e3o do STJ sobre TUSD\/TUST no ICMS se torna definitiva - Hands on Solutions\" \/>\n<meta property=\"og:description\" content=\"O Supremo Tribunal Federal (STF) formou maioria, nesta quinta-feira (22\/5), para devolver ao Superior Tribunal de Justi\u00e7a (STJ) o processo que discute a inclus\u00e3o das Tarifas de Uso do Sistema de Transmiss\u00e3o (TUST) e de Uso do Sistema de Distribui\u00e7\u00e3o (TUSD) na base de c\u00e1lculo do ICMS cobrado na fatura de energia. O caso contempla [&hellip;]\" \/>\n<meta property=\"og:url\" content=\"https:\/\/www.hsce.com.br\/en\/stf-nao-analisa-merito-e-decisao-do-stj-sobre-tusd-tust-no-icms-se-torna-definitiva\/\" \/>\n<meta property=\"og:site_name\" content=\"Hands on Solutions\" \/>\n<meta property=\"article:published_time\" content=\"2025-05-28T16:12:15+00:00\" \/>\n<meta property=\"article:modified_time\" content=\"2025-05-28T16:13:39+00:00\" \/>\n<meta property=\"og:image\" content=\"https:\/\/www.hsce.com.br\/wp-content\/uploads\/2025\/05\/lula0051-18-scaled.jpg\" \/>\n\t<meta property=\"og:image:width\" content=\"2560\" \/>\n\t<meta property=\"og:image:height\" content=\"1576\" \/>\n\t<meta property=\"og:image:type\" content=\"image\/jpeg\" \/>\n<meta name=\"author\" content=\"hsce\" \/>\n<meta name=\"twitter:label1\" content=\"Written by\" \/>\n\t<meta name=\"twitter:data1\" content=\"hsce\" \/>\n\t<meta name=\"twitter:label2\" content=\"Est. reading time\" \/>\n\t<meta name=\"twitter:data2\" content=\"3 minutes\" \/>\n<script type=\"application\/ld+json\" class=\"yoast-schema-graph\">{\"@context\":\"https:\/\/schema.org\",\"@graph\":[{\"@type\":\"Article\",\"@id\":\"https:\/\/www.hsce.com.br\/stf-nao-analisa-merito-e-decisao-do-stj-sobre-tusd-tust-no-icms-se-torna-definitiva\/#article\",\"isPartOf\":{\"@id\":\"https:\/\/www.hsce.com.br\/stf-nao-analisa-merito-e-decisao-do-stj-sobre-tusd-tust-no-icms-se-torna-definitiva\/\"},\"author\":{\"name\":\"hsce\",\"@id\":\"https:\/\/www.hsce.com.br\/#\/schema\/person\/ce400a0e9f66b1195f845fb1fdca8b33\"},\"headline\":\"STF n\u00e3o analisa m\u00e9rito, e decis\u00e3o do STJ sobre TUSD\/TUST no ICMS se torna definitiva\",\"datePublished\":\"2025-05-28T16:12:15+00:00\",\"dateModified\":\"2025-05-28T16:13:39+00:00\",\"mainEntityOfPage\":{\"@id\":\"https:\/\/www.hsce.com.br\/stf-nao-analisa-merito-e-decisao-do-stj-sobre-tusd-tust-no-icms-se-torna-definitiva\/\"},\"wordCount\":467,\"commentCount\":0,\"publisher\":{\"@id\":\"https:\/\/www.hsce.com.br\/#organization\"},\"image\":{\"@id\":\"https:\/\/www.hsce.com.br\/stf-nao-analisa-merito-e-decisao-do-stj-sobre-tusd-tust-no-icms-se-torna-definitiva\/#primaryimage\"},\"thumbnailUrl\":\"https:\/\/www.hsce.com.br\/wp-content\/uploads\/2025\/05\/lula0051-18-scaled.jpg\",\"keywords\":[\"#ICMS\",\"#STF\",\"#stj\",\"#tusd\",\"#tust\"],\"articleSection\":[\"Not\u00edcias\"],\"inLanguage\":\"en-US\",\"potentialAction\":[{\"@type\":\"CommentAction\",\"name\":\"Comment\",\"target\":[\"https:\/\/www.hsce.com.br\/stf-nao-analisa-merito-e-decisao-do-stj-sobre-tusd-tust-no-icms-se-torna-definitiva\/#respond\"]}]},{\"@type\":\"WebPage\",\"@id\":\"https:\/\/www.hsce.com.br\/stf-nao-analisa-merito-e-decisao-do-stj-sobre-tusd-tust-no-icms-se-torna-definitiva\/\",\"url\":\"https:\/\/www.hsce.com.br\/stf-nao-analisa-merito-e-decisao-do-stj-sobre-tusd-tust-no-icms-se-torna-definitiva\/\",\"name\":\"STF n\u00e3o analisa m\u00e9rito, e decis\u00e3o do STJ sobre TUSD\/TUST no ICMS se torna definitiva - Hands on Solutions\",\"isPartOf\":{\"@id\":\"https:\/\/www.hsce.com.br\/#website\"},\"primaryImageOfPage\":{\"@id\":\"https:\/\/www.hsce.com.br\/stf-nao-analisa-merito-e-decisao-do-stj-sobre-tusd-tust-no-icms-se-torna-definitiva\/#primaryimage\"},\"image\":{\"@id\":\"https:\/\/www.hsce.com.br\/stf-nao-analisa-merito-e-decisao-do-stj-sobre-tusd-tust-no-icms-se-torna-definitiva\/#primaryimage\"},\"thumbnailUrl\":\"https:\/\/www.hsce.com.br\/wp-content\/uploads\/2025\/05\/lula0051-18-scaled.jpg\",\"datePublished\":\"2025-05-28T16:12:15+00:00\",\"dateModified\":\"2025-05-28T16:13:39+00:00\",\"breadcrumb\":{\"@id\":\"https:\/\/www.hsce.com.br\/stf-nao-analisa-merito-e-decisao-do-stj-sobre-tusd-tust-no-icms-se-torna-definitiva\/#breadcrumb\"},\"inLanguage\":\"en-US\",\"potentialAction\":[{\"@type\":\"ReadAction\",\"target\":[\"https:\/\/www.hsce.com.br\/stf-nao-analisa-merito-e-decisao-do-stj-sobre-tusd-tust-no-icms-se-torna-definitiva\/\"]}]},{\"@type\":\"ImageObject\",\"inLanguage\":\"en-US\",\"@id\":\"https:\/\/www.hsce.com.br\/stf-nao-analisa-merito-e-decisao-do-stj-sobre-tusd-tust-no-icms-se-torna-definitiva\/#primaryimage\",\"url\":\"https:\/\/www.hsce.com.br\/wp-content\/uploads\/2025\/05\/lula0051-18-scaled.jpg\",\"contentUrl\":\"https:\/\/www.hsce.com.br\/wp-content\/uploads\/2025\/05\/lula0051-18-scaled.jpg\",\"width\":2560,\"height\":1576,\"caption\":\"Bras\u00edlia (DF) 17\/04\/2024 Ministro Lu\u00eds Felipe Salom\u00e3o, do Superior Tribunal de Justi\u00e7a (STJ) entrega o anteprojeto de atualiza\u00e7\u00e3o do C\u00f3digo Civil para o Presidente do Congresso, Rodrigo Pacheco. (Ministro Alexandre de Moraes do STF, participou da cerim\u00f4nia). Foto Lula Marques\/ Ag\u00eancia Brasil\"},{\"@type\":\"BreadcrumbList\",\"@id\":\"https:\/\/www.hsce.com.br\/stf-nao-analisa-merito-e-decisao-do-stj-sobre-tusd-tust-no-icms-se-torna-definitiva\/#breadcrumb\",\"itemListElement\":[{\"@type\":\"ListItem\",\"position\":1,\"name\":\"In\u00edcio\",\"item\":\"https:\/\/www.hsce.com.br\/\"},{\"@type\":\"ListItem\",\"position\":2,\"name\":\"STF n\u00e3o analisa m\u00e9rito, e decis\u00e3o do STJ sobre TUSD\/TUST no ICMS se torna definitiva\"}]},{\"@type\":\"WebSite\",\"@id\":\"https:\/\/www.hsce.com.br\/#website\",\"url\":\"https:\/\/www.hsce.com.br\/\",\"name\":\"Hands on Solutions\",\"description\":\"\",\"publisher\":{\"@id\":\"https:\/\/www.hsce.com.br\/#organization\"},\"potentialAction\":[{\"@type\":\"SearchAction\",\"target\":{\"@type\":\"EntryPoint\",\"urlTemplate\":\"https:\/\/www.hsce.com.br\/?s={search_term_string}\"},\"query-input\":{\"@type\":\"PropertyValueSpecification\",\"valueRequired\":true,\"valueName\":\"search_term_string\"}}],\"inLanguage\":\"en-US\"},{\"@type\":\"Organization\",\"@id\":\"https:\/\/www.hsce.com.br\/#organization\",\"name\":\"Hands on Solutions\",\"url\":\"https:\/\/www.hsce.com.br\/\",\"logo\":{\"@type\":\"ImageObject\",\"inLanguage\":\"en-US\",\"@id\":\"https:\/\/www.hsce.com.br\/#\/schema\/logo\/image\/\",\"url\":\"https:\/\/www.hsce.com.br\/wp-content\/uploads\/2015\/09\/handson.png\",\"contentUrl\":\"https:\/\/www.hsce.com.br\/wp-content\/uploads\/2015\/09\/handson.png\",\"width\":230,\"height\":68,\"caption\":\"Hands on Solutions\"},\"image\":{\"@id\":\"https:\/\/www.hsce.com.br\/#\/schema\/logo\/image\/\"},\"sameAs\":[\"https:\/\/www.linkedin.com\/company\/hsce-ltda?trk=company_logo\"]},{\"@type\":\"Person\",\"@id\":\"https:\/\/www.hsce.com.br\/#\/schema\/person\/ce400a0e9f66b1195f845fb1fdca8b33\",\"name\":\"hsce\",\"image\":{\"@type\":\"ImageObject\",\"inLanguage\":\"en-US\",\"@id\":\"https:\/\/secure.gravatar.com\/avatar\/5cfe77ad71593df19912d9dffea7f5a8f3b3f45feff1ac302d60b22d3629b491?s=96&d=mm&r=g\",\"url\":\"https:\/\/secure.gravatar.com\/avatar\/5cfe77ad71593df19912d9dffea7f5a8f3b3f45feff1ac302d60b22d3629b491?s=96&d=mm&r=g\",\"contentUrl\":\"https:\/\/secure.gravatar.com\/avatar\/5cfe77ad71593df19912d9dffea7f5a8f3b3f45feff1ac302d60b22d3629b491?s=96&d=mm&r=g\",\"caption\":\"hsce\"},\"url\":\"https:\/\/www.hsce.com.br\/en\/author\/hsce\/\"}]}<\/script>\n<!-- \/ Yoast SEO plugin. -->","yoast_head_json":{"title":"STF n\u00e3o analisa m\u00e9rito, e decis\u00e3o do STJ sobre TUSD\/TUST no ICMS se torna definitiva - Hands on Solutions","robots":{"index":"index","follow":"follow","max-snippet":"max-snippet:-1","max-image-preview":"max-image-preview:large","max-video-preview":"max-video-preview:-1"},"canonical":"https:\/\/www.hsce.com.br\/en\/stf-nao-analisa-merito-e-decisao-do-stj-sobre-tusd-tust-no-icms-se-torna-definitiva\/","og_locale":"en_US","og_type":"article","og_title":"STF n\u00e3o analisa m\u00e9rito, e decis\u00e3o do STJ sobre TUSD\/TUST no ICMS se torna definitiva - Hands on Solutions","og_description":"O Supremo Tribunal Federal (STF) formou maioria, nesta quinta-feira (22\/5), para devolver ao Superior Tribunal de Justi\u00e7a (STJ) o processo que discute a inclus\u00e3o das Tarifas de Uso do Sistema de Transmiss\u00e3o (TUST) e de Uso do Sistema de Distribui\u00e7\u00e3o (TUSD) na base de c\u00e1lculo do ICMS cobrado na fatura de energia. O caso contempla [&hellip;]","og_url":"https:\/\/www.hsce.com.br\/en\/stf-nao-analisa-merito-e-decisao-do-stj-sobre-tusd-tust-no-icms-se-torna-definitiva\/","og_site_name":"Hands on Solutions","article_published_time":"2025-05-28T16:12:15+00:00","article_modified_time":"2025-05-28T16:13:39+00:00","og_image":[{"width":2560,"height":1576,"url":"https:\/\/www.hsce.com.br\/wp-content\/uploads\/2025\/05\/lula0051-18-scaled.jpg","type":"image\/jpeg"}],"author":"hsce","twitter_misc":{"Written by":"hsce","Est. reading time":"3 minutes"},"schema":{"@context":"https:\/\/schema.org","@graph":[{"@type":"Article","@id":"https:\/\/www.hsce.com.br\/stf-nao-analisa-merito-e-decisao-do-stj-sobre-tusd-tust-no-icms-se-torna-definitiva\/#article","isPartOf":{"@id":"https:\/\/www.hsce.com.br\/stf-nao-analisa-merito-e-decisao-do-stj-sobre-tusd-tust-no-icms-se-torna-definitiva\/"},"author":{"name":"hsce","@id":"https:\/\/www.hsce.com.br\/#\/schema\/person\/ce400a0e9f66b1195f845fb1fdca8b33"},"headline":"STF n\u00e3o analisa m\u00e9rito, e decis\u00e3o do STJ sobre TUSD\/TUST no ICMS se torna definitiva","datePublished":"2025-05-28T16:12:15+00:00","dateModified":"2025-05-28T16:13:39+00:00","mainEntityOfPage":{"@id":"https:\/\/www.hsce.com.br\/stf-nao-analisa-merito-e-decisao-do-stj-sobre-tusd-tust-no-icms-se-torna-definitiva\/"},"wordCount":467,"commentCount":0,"publisher":{"@id":"https:\/\/www.hsce.com.br\/#organization"},"image":{"@id":"https:\/\/www.hsce.com.br\/stf-nao-analisa-merito-e-decisao-do-stj-sobre-tusd-tust-no-icms-se-torna-definitiva\/#primaryimage"},"thumbnailUrl":"https:\/\/www.hsce.com.br\/wp-content\/uploads\/2025\/05\/lula0051-18-scaled.jpg","keywords":["#ICMS","#STF","#stj","#tusd","#tust"],"articleSection":["Not\u00edcias"],"inLanguage":"en-US","potentialAction":[{"@type":"CommentAction","name":"Comment","target":["https:\/\/www.hsce.com.br\/stf-nao-analisa-merito-e-decisao-do-stj-sobre-tusd-tust-no-icms-se-torna-definitiva\/#respond"]}]},{"@type":"WebPage","@id":"https:\/\/www.hsce.com.br\/stf-nao-analisa-merito-e-decisao-do-stj-sobre-tusd-tust-no-icms-se-torna-definitiva\/","url":"https:\/\/www.hsce.com.br\/stf-nao-analisa-merito-e-decisao-do-stj-sobre-tusd-tust-no-icms-se-torna-definitiva\/","name":"STF n\u00e3o analisa m\u00e9rito, e decis\u00e3o do STJ sobre TUSD\/TUST no ICMS se torna definitiva - Hands on Solutions","isPartOf":{"@id":"https:\/\/www.hsce.com.br\/#website"},"primaryImageOfPage":{"@id":"https:\/\/www.hsce.com.br\/stf-nao-analisa-merito-e-decisao-do-stj-sobre-tusd-tust-no-icms-se-torna-definitiva\/#primaryimage"},"image":{"@id":"https:\/\/www.hsce.com.br\/stf-nao-analisa-merito-e-decisao-do-stj-sobre-tusd-tust-no-icms-se-torna-definitiva\/#primaryimage"},"thumbnailUrl":"https:\/\/www.hsce.com.br\/wp-content\/uploads\/2025\/05\/lula0051-18-scaled.jpg","datePublished":"2025-05-28T16:12:15+00:00","dateModified":"2025-05-28T16:13:39+00:00","breadcrumb":{"@id":"https:\/\/www.hsce.com.br\/stf-nao-analisa-merito-e-decisao-do-stj-sobre-tusd-tust-no-icms-se-torna-definitiva\/#breadcrumb"},"inLanguage":"en-US","potentialAction":[{"@type":"ReadAction","target":["https:\/\/www.hsce.com.br\/stf-nao-analisa-merito-e-decisao-do-stj-sobre-tusd-tust-no-icms-se-torna-definitiva\/"]}]},{"@type":"ImageObject","inLanguage":"en-US","@id":"https:\/\/www.hsce.com.br\/stf-nao-analisa-merito-e-decisao-do-stj-sobre-tusd-tust-no-icms-se-torna-definitiva\/#primaryimage","url":"https:\/\/www.hsce.com.br\/wp-content\/uploads\/2025\/05\/lula0051-18-scaled.jpg","contentUrl":"https:\/\/www.hsce.com.br\/wp-content\/uploads\/2025\/05\/lula0051-18-scaled.jpg","width":2560,"height":1576,"caption":"Bras\u00edlia (DF) 17\/04\/2024 Ministro Lu\u00eds Felipe Salom\u00e3o, do Superior Tribunal de Justi\u00e7a (STJ) entrega o anteprojeto de atualiza\u00e7\u00e3o do C\u00f3digo Civil para o Presidente do Congresso, Rodrigo Pacheco. (Ministro Alexandre de Moraes do STF, participou da cerim\u00f4nia). Foto Lula Marques\/ Ag\u00eancia Brasil"},{"@type":"BreadcrumbList","@id":"https:\/\/www.hsce.com.br\/stf-nao-analisa-merito-e-decisao-do-stj-sobre-tusd-tust-no-icms-se-torna-definitiva\/#breadcrumb","itemListElement":[{"@type":"ListItem","position":1,"name":"In\u00edcio","item":"https:\/\/www.hsce.com.br\/"},{"@type":"ListItem","position":2,"name":"STF n\u00e3o analisa m\u00e9rito, e decis\u00e3o do STJ sobre TUSD\/TUST no ICMS se torna definitiva"}]},{"@type":"WebSite","@id":"https:\/\/www.hsce.com.br\/#website","url":"https:\/\/www.hsce.com.br\/","name":"Hands on Solutions","description":"","publisher":{"@id":"https:\/\/www.hsce.com.br\/#organization"},"potentialAction":[{"@type":"SearchAction","target":{"@type":"EntryPoint","urlTemplate":"https:\/\/www.hsce.com.br\/?s={search_term_string}"},"query-input":{"@type":"PropertyValueSpecification","valueRequired":true,"valueName":"search_term_string"}}],"inLanguage":"en-US"},{"@type":"Organization","@id":"https:\/\/www.hsce.com.br\/#organization","name":"Hands on Solutions","url":"https:\/\/www.hsce.com.br\/","logo":{"@type":"ImageObject","inLanguage":"en-US","@id":"https:\/\/www.hsce.com.br\/#\/schema\/logo\/image\/","url":"https:\/\/www.hsce.com.br\/wp-content\/uploads\/2015\/09\/handson.png","contentUrl":"https:\/\/www.hsce.com.br\/wp-content\/uploads\/2015\/09\/handson.png","width":230,"height":68,"caption":"Hands on Solutions"},"image":{"@id":"https:\/\/www.hsce.com.br\/#\/schema\/logo\/image\/"},"sameAs":["https:\/\/www.linkedin.com\/company\/hsce-ltda?trk=company_logo"]},{"@type":"Person","@id":"https:\/\/www.hsce.com.br\/#\/schema\/person\/ce400a0e9f66b1195f845fb1fdca8b33","name":"hsce","image":{"@type":"ImageObject","inLanguage":"en-US","@id":"https:\/\/secure.gravatar.com\/avatar\/5cfe77ad71593df19912d9dffea7f5a8f3b3f45feff1ac302d60b22d3629b491?s=96&d=mm&r=g","url":"https:\/\/secure.gravatar.com\/avatar\/5cfe77ad71593df19912d9dffea7f5a8f3b3f45feff1ac302d60b22d3629b491?s=96&d=mm&r=g","contentUrl":"https:\/\/secure.gravatar.com\/avatar\/5cfe77ad71593df19912d9dffea7f5a8f3b3f45feff1ac302d60b22d3629b491?s=96&d=mm&r=g","caption":"hsce"},"url":"https:\/\/www.hsce.com.br\/en\/author\/hsce\/"}]}},"_links":{"self":[{"href":"https:\/\/www.hsce.com.br\/en\/wp-json\/wp\/v2\/posts\/1668","targetHints":{"allow":["GET"]}}],"collection":[{"href":"https:\/\/www.hsce.com.br\/en\/wp-json\/wp\/v2\/posts"}],"about":[{"href":"https:\/\/www.hsce.com.br\/en\/wp-json\/wp\/v2\/types\/post"}],"author":[{"embeddable":true,"href":"https:\/\/www.hsce.com.br\/en\/wp-json\/wp\/v2\/users\/8"}],"replies":[{"embeddable":true,"href":"https:\/\/www.hsce.com.br\/en\/wp-json\/wp\/v2\/comments?post=1668"}],"version-history":[{"count":2,"href":"https:\/\/www.hsce.com.br\/en\/wp-json\/wp\/v2\/posts\/1668\/revisions"}],"predecessor-version":[{"id":1671,"href":"https:\/\/www.hsce.com.br\/en\/wp-json\/wp\/v2\/posts\/1668\/revisions\/1671"}],"wp:featuredmedia":[{"embeddable":true,"href":"https:\/\/www.hsce.com.br\/en\/wp-json\/wp\/v2\/media\/1669"}],"wp:attachment":[{"href":"https:\/\/www.hsce.com.br\/en\/wp-json\/wp\/v2\/media?parent=1668"}],"wp:term":[{"taxonomy":"category","embeddable":true,"href":"https:\/\/www.hsce.com.br\/en\/wp-json\/wp\/v2\/categories?post=1668"},{"taxonomy":"post_tag","embeddable":true,"href":"https:\/\/www.hsce.com.br\/en\/wp-json\/wp\/v2\/tags?post=1668"}],"curies":[{"name":"wp","href":"https:\/\/api.w.org\/{rel}","templated":true}]}}