{"id":1600,"date":"2025-03-28T11:33:58","date_gmt":"2025-03-28T11:33:58","guid":{"rendered":"https:\/\/www.hsce.com.br\/?p=1600"},"modified":"2025-03-28T11:33:59","modified_gmt":"2025-03-28T11:33:59","slug":"governo-trump-nao-descarta-sobretaxa-geral-sobre-produtos-brasileiros","status":"publish","type":"post","link":"https:\/\/www.hsce.com.br\/en\/governo-trump-nao-descarta-sobretaxa-geral-sobre-produtos-brasileiros\/","title":{"rendered":"Governo Trump n\u00e3o descarta sobretaxa geral sobre produtos brasileiros"},"content":{"rendered":"<p>O jornal FOLHA DE S.PAULO traz em destaque reportagem com a informa\u00e7\u00e3o de que o governo dos Estados Unidos n\u00e3o descarta incluir o Brasil entre pa\u00edses que poder\u00e3o ser sobretaxados de forma universal, ou seja, com tarifas adicionais que seriam aplicadas uniformemente sobre toda a pauta de exporta\u00e7\u00f5es do Brasil ao territ\u00f3rio dos EUA. O presidente Donald Trump vem afirmando que, na pr\u00f3xima quarta-feira anunciar\u00e1 medidas nesse sentido. A informa\u00e7\u00e3o a respeito do Brasil, como um alvo ainda n\u00e3o definido do governo americano, foi passada ao jornal por \u201cum integrante da Casa Branca\u201d. Essa mesma fonte disse ao jornal que qualquer pa\u00eds \u201cdesleal\u201d na sua rela\u00e7\u00e3o com os EUA sofrer\u00e1, conforme a reportagem, \u201cuma tarifa uniforme e individual sobre todos os seus bens\u201d. Ontem, anota o jornal, a secret\u00e1ria de Imprensa da Casa Branca, Karoline Leavitt, disse que o an\u00fancio a ser feito por Trump focar\u00e1 \u201cos pa\u00edses que, em particular, t\u00eam explorado os Estados Unidos&#8221;.<\/p>\n\n\n\n<p>Os principais jornais registram declara\u00e7\u00f5es dadas ontem pelo ministro Fernando Haddad (Fazenda), que descartou a possibilidade de prorroga\u00e7\u00e3o do Perse ap\u00f3s a ren\u00fancia fiscal decorrente desse benef\u00edcio ultrapassar o teto de R$ 15 bilh\u00f5es. A Receita Federal estima que esse valor ser\u00e1 atingido ainda em mar\u00e7o. Por\u00e9m, uma verifica\u00e7\u00e3o precisa se essa estimativa se confirmou vir\u00e1 somente no fim de maio, conforme Haddad indicou ontem. Isso, no entanto, n\u00e3o impedir\u00e1 que o governo volte a cobrar os impostos cheios j\u00e1 em abril. \u201cSe n\u00f3s deix\u00e1ssemos o programa seguir, ele ia atingir R$ 18 bilh\u00f5es, R$ 19 bilh\u00f5es [at\u00e9 o fim do ano]. Ent\u00e3o, ele tem que parar\u201d, disse Haddad. Se, eventualmente, ao fim da auditagem prevista para encerrar em maio, for verificado que o teto de R$ 15 bilh\u00f5es n\u00e3o foi atingido, ent\u00e3o o governo buscar\u00e1 uma forma administrativa de assegurar o benef\u00edcio restante.<\/p>\n\n\n\n<p>Por fim, o VALOR ECON\u00d4MICO informa sobre a primeira vit\u00f3ria obtida por contribuinte na Justi\u00e7a para derrubar a cobran\u00e7a de uma taxa sobre a exporta\u00e7\u00e3o de gr\u00e3os institu\u00edda pelo governo do Maranh\u00e3o. Trata-se da Contribui\u00e7\u00e3o Especial de Gr\u00e3os (CEG), institu\u00edda por lei sancionada no ano passado, logo ap\u00f3s a promulga\u00e7\u00e3o da Emenda Constitucional da reforma tribut\u00e1ria. A reforma permitiu a cria\u00e7\u00e3o de imposto sobre produtos prim\u00e1rios, mas desde que houvesse j\u00e1 em vigor uma contribui\u00e7\u00e3o similar destinada a fundos para investimentos em obras de infraestrutura e habita\u00e7\u00e3o. A tarifa de 1,8% por tonelada vale inclusive para gr\u00e3os produzidos em outros estados, mas que s\u00e3o escoados para o exterior via Maranh\u00e3o. O argumento dos contribuintes, aceito pela primeira vez em decis\u00e3o detalhada pelo jornal, \u00e9 que h\u00e1 ofensa \u00e0 imunidade tribut\u00e1ria garantida pela Constitui\u00e7\u00e3o a produtos exportados.<\/p>\n\n\n\n<blockquote class=\"wp-block-quote is-layout-flow wp-block-quote-is-layout-flow\">\n<p>Source:&nbsp;&nbsp;<a href=\"https:\/\/www.jota.info\/tributos\/matinal\/governo-trump-nao-descarta-sobretaxa-geral-sobre-produtos-brasileiros\">https:\/\/www.jota.info\/tributos\/matinal\/governo-trump-nao-descarta-sobretaxa-geral-sobre-produtos-brasileiros<\/a><\/p>\n<\/blockquote>","protected":false},"excerpt":{"rendered":"<p>O jornal FOLHA DE S.PAULO traz em destaque reportagem com a informa\u00e7\u00e3o de que o governo dos Estados Unidos n\u00e3o descarta incluir o Brasil entre pa\u00edses que poder\u00e3o ser sobretaxados de forma universal, ou seja, com tarifas adicionais que seriam aplicadas uniformemente sobre toda a pauta de exporta\u00e7\u00f5es do Brasil ao territ\u00f3rio dos EUA. O [&hellip;]<\/p>","protected":false},"author":8,"featured_media":1601,"comment_status":"open","ping_status":"open","sticky":false,"template":"","format":"standard","meta":{"_monsterinsights_skip_tracking":false,"_monsterinsights_sitenote_active":false,"_monsterinsights_sitenote_note":"","_monsterinsights_sitenote_category":0,"footnotes":""},"categories":[76],"tags":[],"class_list":["post-1600","post","type-post","status-publish","format-standard","has-post-thumbnail","hentry","category-noticias"],"yoast_head":"<!-- This site is optimized with the Yoast SEO plugin v27.2 - https:\/\/yoast.com\/product\/yoast-seo-wordpress\/ -->\n<title>Governo Trump n\u00e3o descarta sobretaxa geral sobre produtos brasileiros - Hands on Solutions<\/title>\n<meta name=\"robots\" content=\"index, follow, max-snippet:-1, max-image-preview:large, max-video-preview:-1\" \/>\n<link rel=\"canonical\" href=\"https:\/\/www.hsce.com.br\/en\/governo-trump-nao-descarta-sobretaxa-geral-sobre-produtos-brasileiros\/\" \/>\n<meta property=\"og:locale\" content=\"en_US\" \/>\n<meta property=\"og:type\" content=\"article\" \/>\n<meta property=\"og:title\" content=\"Governo Trump n\u00e3o descarta sobretaxa geral sobre produtos brasileiros - Hands on Solutions\" \/>\n<meta property=\"og:description\" content=\"O jornal FOLHA DE S.PAULO traz em destaque reportagem com a informa\u00e7\u00e3o de que o governo dos Estados Unidos n\u00e3o descarta incluir o Brasil entre pa\u00edses que poder\u00e3o ser sobretaxados de forma universal, ou seja, com tarifas adicionais que seriam aplicadas uniformemente sobre toda a pauta de exporta\u00e7\u00f5es do Brasil ao territ\u00f3rio dos EUA. O [&hellip;]\" \/>\n<meta property=\"og:url\" content=\"https:\/\/www.hsce.com.br\/en\/governo-trump-nao-descarta-sobretaxa-geral-sobre-produtos-brasileiros\/\" \/>\n<meta property=\"og:site_name\" content=\"Hands on Solutions\" \/>\n<meta property=\"article:published_time\" content=\"2025-03-28T11:33:58+00:00\" \/>\n<meta property=\"article:modified_time\" content=\"2025-03-28T11:33:59+00:00\" \/>\n<meta property=\"og:image\" content=\"https:\/\/www.hsce.com.br\/wp-content\/uploads\/2025\/03\/47368297982_f11d8ea330_o-scaled.jpg\" \/>\n\t<meta property=\"og:image:width\" content=\"2560\" \/>\n\t<meta property=\"og:image:height\" content=\"1706\" \/>\n\t<meta property=\"og:image:type\" content=\"image\/jpeg\" \/>\n<meta name=\"author\" content=\"hsce\" \/>\n<meta name=\"twitter:label1\" content=\"Written by\" \/>\n\t<meta name=\"twitter:data1\" content=\"hsce\" \/>\n\t<meta name=\"twitter:label2\" content=\"Est. reading time\" \/>\n\t<meta name=\"twitter:data2\" content=\"3 minutes\" \/>\n<script type=\"application\/ld+json\" class=\"yoast-schema-graph\">{\"@context\":\"https:\/\/schema.org\",\"@graph\":[{\"@type\":\"Article\",\"@id\":\"https:\/\/www.hsce.com.br\/governo-trump-nao-descarta-sobretaxa-geral-sobre-produtos-brasileiros\/#article\",\"isPartOf\":{\"@id\":\"https:\/\/www.hsce.com.br\/governo-trump-nao-descarta-sobretaxa-geral-sobre-produtos-brasileiros\/\"},\"author\":{\"name\":\"hsce\",\"@id\":\"https:\/\/www.hsce.com.br\/#\/schema\/person\/ce400a0e9f66b1195f845fb1fdca8b33\"},\"headline\":\"Governo Trump n\u00e3o descarta sobretaxa geral sobre produtos brasileiros\",\"datePublished\":\"2025-03-28T11:33:58+00:00\",\"dateModified\":\"2025-03-28T11:33:59+00:00\",\"mainEntityOfPage\":{\"@id\":\"https:\/\/www.hsce.com.br\/governo-trump-nao-descarta-sobretaxa-geral-sobre-produtos-brasileiros\/\"},\"wordCount\":508,\"commentCount\":0,\"publisher\":{\"@id\":\"https:\/\/www.hsce.com.br\/#organization\"},\"image\":{\"@id\":\"https:\/\/www.hsce.com.br\/governo-trump-nao-descarta-sobretaxa-geral-sobre-produtos-brasileiros\/#primaryimage\"},\"thumbnailUrl\":\"https:\/\/www.hsce.com.br\/wp-content\/uploads\/2025\/03\/47368297982_f11d8ea330_o-scaled.jpg\",\"articleSection\":[\"Not\u00edcias\"],\"inLanguage\":\"en-US\",\"potentialAction\":[{\"@type\":\"CommentAction\",\"name\":\"Comment\",\"target\":[\"https:\/\/www.hsce.com.br\/governo-trump-nao-descarta-sobretaxa-geral-sobre-produtos-brasileiros\/#respond\"]}]},{\"@type\":\"WebPage\",\"@id\":\"https:\/\/www.hsce.com.br\/governo-trump-nao-descarta-sobretaxa-geral-sobre-produtos-brasileiros\/\",\"url\":\"https:\/\/www.hsce.com.br\/governo-trump-nao-descarta-sobretaxa-geral-sobre-produtos-brasileiros\/\",\"name\":\"Governo Trump n\u00e3o descarta sobretaxa geral sobre produtos brasileiros - Hands on Solutions\",\"isPartOf\":{\"@id\":\"https:\/\/www.hsce.com.br\/#website\"},\"primaryImageOfPage\":{\"@id\":\"https:\/\/www.hsce.com.br\/governo-trump-nao-descarta-sobretaxa-geral-sobre-produtos-brasileiros\/#primaryimage\"},\"image\":{\"@id\":\"https:\/\/www.hsce.com.br\/governo-trump-nao-descarta-sobretaxa-geral-sobre-produtos-brasileiros\/#primaryimage\"},\"thumbnailUrl\":\"https:\/\/www.hsce.com.br\/wp-content\/uploads\/2025\/03\/47368297982_f11d8ea330_o-scaled.jpg\",\"datePublished\":\"2025-03-28T11:33:58+00:00\",\"dateModified\":\"2025-03-28T11:33:59+00:00\",\"breadcrumb\":{\"@id\":\"https:\/\/www.hsce.com.br\/governo-trump-nao-descarta-sobretaxa-geral-sobre-produtos-brasileiros\/#breadcrumb\"},\"inLanguage\":\"en-US\",\"potentialAction\":[{\"@type\":\"ReadAction\",\"target\":[\"https:\/\/www.hsce.com.br\/governo-trump-nao-descarta-sobretaxa-geral-sobre-produtos-brasileiros\/\"]}]},{\"@type\":\"ImageObject\",\"inLanguage\":\"en-US\",\"@id\":\"https:\/\/www.hsce.com.br\/governo-trump-nao-descarta-sobretaxa-geral-sobre-produtos-brasileiros\/#primaryimage\",\"url\":\"https:\/\/www.hsce.com.br\/wp-content\/uploads\/2025\/03\/47368297982_f11d8ea330_o-scaled.jpg\",\"contentUrl\":\"https:\/\/www.hsce.com.br\/wp-content\/uploads\/2025\/03\/47368297982_f11d8ea330_o-scaled.jpg\",\"width\":2560,\"height\":1706,\"caption\":\"O presidente dos EUA, Donald Trump, se re\u00fane com o presidente do Brasil, Jair Bolsonaro, no Sal\u00e3o Oval da Casa Branca, em Washington (EUA).\"},{\"@type\":\"BreadcrumbList\",\"@id\":\"https:\/\/www.hsce.com.br\/governo-trump-nao-descarta-sobretaxa-geral-sobre-produtos-brasileiros\/#breadcrumb\",\"itemListElement\":[{\"@type\":\"ListItem\",\"position\":1,\"name\":\"In\u00edcio\",\"item\":\"https:\/\/www.hsce.com.br\/\"},{\"@type\":\"ListItem\",\"position\":2,\"name\":\"Governo Trump n\u00e3o descarta sobretaxa geral sobre produtos brasileiros\"}]},{\"@type\":\"WebSite\",\"@id\":\"https:\/\/www.hsce.com.br\/#website\",\"url\":\"https:\/\/www.hsce.com.br\/\",\"name\":\"Hands on Solutions\",\"description\":\"\",\"publisher\":{\"@id\":\"https:\/\/www.hsce.com.br\/#organization\"},\"potentialAction\":[{\"@type\":\"SearchAction\",\"target\":{\"@type\":\"EntryPoint\",\"urlTemplate\":\"https:\/\/www.hsce.com.br\/?s={search_term_string}\"},\"query-input\":{\"@type\":\"PropertyValueSpecification\",\"valueRequired\":true,\"valueName\":\"search_term_string\"}}],\"inLanguage\":\"en-US\"},{\"@type\":\"Organization\",\"@id\":\"https:\/\/www.hsce.com.br\/#organization\",\"name\":\"Hands on Solutions\",\"url\":\"https:\/\/www.hsce.com.br\/\",\"logo\":{\"@type\":\"ImageObject\",\"inLanguage\":\"en-US\",\"@id\":\"https:\/\/www.hsce.com.br\/#\/schema\/logo\/image\/\",\"url\":\"https:\/\/www.hsce.com.br\/wp-content\/uploads\/2015\/09\/handson.png\",\"contentUrl\":\"https:\/\/www.hsce.com.br\/wp-content\/uploads\/2015\/09\/handson.png\",\"width\":230,\"height\":68,\"caption\":\"Hands on Solutions\"},\"image\":{\"@id\":\"https:\/\/www.hsce.com.br\/#\/schema\/logo\/image\/\"},\"sameAs\":[\"https:\/\/www.linkedin.com\/company\/hsce-ltda?trk=company_logo\"]},{\"@type\":\"Person\",\"@id\":\"https:\/\/www.hsce.com.br\/#\/schema\/person\/ce400a0e9f66b1195f845fb1fdca8b33\",\"name\":\"hsce\",\"image\":{\"@type\":\"ImageObject\",\"inLanguage\":\"en-US\",\"@id\":\"https:\/\/secure.gravatar.com\/avatar\/5cfe77ad71593df19912d9dffea7f5a8f3b3f45feff1ac302d60b22d3629b491?s=96&d=mm&r=g\",\"url\":\"https:\/\/secure.gravatar.com\/avatar\/5cfe77ad71593df19912d9dffea7f5a8f3b3f45feff1ac302d60b22d3629b491?s=96&d=mm&r=g\",\"contentUrl\":\"https:\/\/secure.gravatar.com\/avatar\/5cfe77ad71593df19912d9dffea7f5a8f3b3f45feff1ac302d60b22d3629b491?s=96&d=mm&r=g\",\"caption\":\"hsce\"},\"url\":\"https:\/\/www.hsce.com.br\/en\/author\/hsce\/\"}]}<\/script>\n<!-- \/ Yoast SEO plugin. -->","yoast_head_json":{"title":"Governo Trump n\u00e3o descarta sobretaxa geral sobre produtos brasileiros - Hands on Solutions","robots":{"index":"index","follow":"follow","max-snippet":"max-snippet:-1","max-image-preview":"max-image-preview:large","max-video-preview":"max-video-preview:-1"},"canonical":"https:\/\/www.hsce.com.br\/en\/governo-trump-nao-descarta-sobretaxa-geral-sobre-produtos-brasileiros\/","og_locale":"en_US","og_type":"article","og_title":"Governo Trump n\u00e3o descarta sobretaxa geral sobre produtos brasileiros - Hands on Solutions","og_description":"O jornal FOLHA DE S.PAULO traz em destaque reportagem com a informa\u00e7\u00e3o de que o governo dos Estados Unidos n\u00e3o descarta incluir o Brasil entre pa\u00edses que poder\u00e3o ser sobretaxados de forma universal, ou seja, com tarifas adicionais que seriam aplicadas uniformemente sobre toda a pauta de exporta\u00e7\u00f5es do Brasil ao territ\u00f3rio dos EUA. O [&hellip;]","og_url":"https:\/\/www.hsce.com.br\/en\/governo-trump-nao-descarta-sobretaxa-geral-sobre-produtos-brasileiros\/","og_site_name":"Hands on Solutions","article_published_time":"2025-03-28T11:33:58+00:00","article_modified_time":"2025-03-28T11:33:59+00:00","og_image":[{"width":2560,"height":1706,"url":"https:\/\/www.hsce.com.br\/wp-content\/uploads\/2025\/03\/47368297982_f11d8ea330_o-scaled.jpg","type":"image\/jpeg"}],"author":"hsce","twitter_misc":{"Written by":"hsce","Est. reading time":"3 minutes"},"schema":{"@context":"https:\/\/schema.org","@graph":[{"@type":"Article","@id":"https:\/\/www.hsce.com.br\/governo-trump-nao-descarta-sobretaxa-geral-sobre-produtos-brasileiros\/#article","isPartOf":{"@id":"https:\/\/www.hsce.com.br\/governo-trump-nao-descarta-sobretaxa-geral-sobre-produtos-brasileiros\/"},"author":{"name":"hsce","@id":"https:\/\/www.hsce.com.br\/#\/schema\/person\/ce400a0e9f66b1195f845fb1fdca8b33"},"headline":"Governo Trump n\u00e3o descarta sobretaxa geral sobre produtos brasileiros","datePublished":"2025-03-28T11:33:58+00:00","dateModified":"2025-03-28T11:33:59+00:00","mainEntityOfPage":{"@id":"https:\/\/www.hsce.com.br\/governo-trump-nao-descarta-sobretaxa-geral-sobre-produtos-brasileiros\/"},"wordCount":508,"commentCount":0,"publisher":{"@id":"https:\/\/www.hsce.com.br\/#organization"},"image":{"@id":"https:\/\/www.hsce.com.br\/governo-trump-nao-descarta-sobretaxa-geral-sobre-produtos-brasileiros\/#primaryimage"},"thumbnailUrl":"https:\/\/www.hsce.com.br\/wp-content\/uploads\/2025\/03\/47368297982_f11d8ea330_o-scaled.jpg","articleSection":["Not\u00edcias"],"inLanguage":"en-US","potentialAction":[{"@type":"CommentAction","name":"Comment","target":["https:\/\/www.hsce.com.br\/governo-trump-nao-descarta-sobretaxa-geral-sobre-produtos-brasileiros\/#respond"]}]},{"@type":"WebPage","@id":"https:\/\/www.hsce.com.br\/governo-trump-nao-descarta-sobretaxa-geral-sobre-produtos-brasileiros\/","url":"https:\/\/www.hsce.com.br\/governo-trump-nao-descarta-sobretaxa-geral-sobre-produtos-brasileiros\/","name":"Governo Trump n\u00e3o descarta sobretaxa geral sobre produtos brasileiros - Hands on Solutions","isPartOf":{"@id":"https:\/\/www.hsce.com.br\/#website"},"primaryImageOfPage":{"@id":"https:\/\/www.hsce.com.br\/governo-trump-nao-descarta-sobretaxa-geral-sobre-produtos-brasileiros\/#primaryimage"},"image":{"@id":"https:\/\/www.hsce.com.br\/governo-trump-nao-descarta-sobretaxa-geral-sobre-produtos-brasileiros\/#primaryimage"},"thumbnailUrl":"https:\/\/www.hsce.com.br\/wp-content\/uploads\/2025\/03\/47368297982_f11d8ea330_o-scaled.jpg","datePublished":"2025-03-28T11:33:58+00:00","dateModified":"2025-03-28T11:33:59+00:00","breadcrumb":{"@id":"https:\/\/www.hsce.com.br\/governo-trump-nao-descarta-sobretaxa-geral-sobre-produtos-brasileiros\/#breadcrumb"},"inLanguage":"en-US","potentialAction":[{"@type":"ReadAction","target":["https:\/\/www.hsce.com.br\/governo-trump-nao-descarta-sobretaxa-geral-sobre-produtos-brasileiros\/"]}]},{"@type":"ImageObject","inLanguage":"en-US","@id":"https:\/\/www.hsce.com.br\/governo-trump-nao-descarta-sobretaxa-geral-sobre-produtos-brasileiros\/#primaryimage","url":"https:\/\/www.hsce.com.br\/wp-content\/uploads\/2025\/03\/47368297982_f11d8ea330_o-scaled.jpg","contentUrl":"https:\/\/www.hsce.com.br\/wp-content\/uploads\/2025\/03\/47368297982_f11d8ea330_o-scaled.jpg","width":2560,"height":1706,"caption":"O presidente dos EUA, Donald Trump, se re\u00fane com o presidente do Brasil, Jair Bolsonaro, no Sal\u00e3o Oval da Casa Branca, em Washington (EUA)."},{"@type":"BreadcrumbList","@id":"https:\/\/www.hsce.com.br\/governo-trump-nao-descarta-sobretaxa-geral-sobre-produtos-brasileiros\/#breadcrumb","itemListElement":[{"@type":"ListItem","position":1,"name":"In\u00edcio","item":"https:\/\/www.hsce.com.br\/"},{"@type":"ListItem","position":2,"name":"Governo Trump n\u00e3o descarta sobretaxa geral sobre produtos brasileiros"}]},{"@type":"WebSite","@id":"https:\/\/www.hsce.com.br\/#website","url":"https:\/\/www.hsce.com.br\/","name":"Hands on Solutions","description":"","publisher":{"@id":"https:\/\/www.hsce.com.br\/#organization"},"potentialAction":[{"@type":"SearchAction","target":{"@type":"EntryPoint","urlTemplate":"https:\/\/www.hsce.com.br\/?s={search_term_string}"},"query-input":{"@type":"PropertyValueSpecification","valueRequired":true,"valueName":"search_term_string"}}],"inLanguage":"en-US"},{"@type":"Organization","@id":"https:\/\/www.hsce.com.br\/#organization","name":"Hands on Solutions","url":"https:\/\/www.hsce.com.br\/","logo":{"@type":"ImageObject","inLanguage":"en-US","@id":"https:\/\/www.hsce.com.br\/#\/schema\/logo\/image\/","url":"https:\/\/www.hsce.com.br\/wp-content\/uploads\/2015\/09\/handson.png","contentUrl":"https:\/\/www.hsce.com.br\/wp-content\/uploads\/2015\/09\/handson.png","width":230,"height":68,"caption":"Hands on Solutions"},"image":{"@id":"https:\/\/www.hsce.com.br\/#\/schema\/logo\/image\/"},"sameAs":["https:\/\/www.linkedin.com\/company\/hsce-ltda?trk=company_logo"]},{"@type":"Person","@id":"https:\/\/www.hsce.com.br\/#\/schema\/person\/ce400a0e9f66b1195f845fb1fdca8b33","name":"hsce","image":{"@type":"ImageObject","inLanguage":"en-US","@id":"https:\/\/secure.gravatar.com\/avatar\/5cfe77ad71593df19912d9dffea7f5a8f3b3f45feff1ac302d60b22d3629b491?s=96&d=mm&r=g","url":"https:\/\/secure.gravatar.com\/avatar\/5cfe77ad71593df19912d9dffea7f5a8f3b3f45feff1ac302d60b22d3629b491?s=96&d=mm&r=g","contentUrl":"https:\/\/secure.gravatar.com\/avatar\/5cfe77ad71593df19912d9dffea7f5a8f3b3f45feff1ac302d60b22d3629b491?s=96&d=mm&r=g","caption":"hsce"},"url":"https:\/\/www.hsce.com.br\/en\/author\/hsce\/"}]}},"_links":{"self":[{"href":"https:\/\/www.hsce.com.br\/en\/wp-json\/wp\/v2\/posts\/1600","targetHints":{"allow":["GET"]}}],"collection":[{"href":"https:\/\/www.hsce.com.br\/en\/wp-json\/wp\/v2\/posts"}],"about":[{"href":"https:\/\/www.hsce.com.br\/en\/wp-json\/wp\/v2\/types\/post"}],"author":[{"embeddable":true,"href":"https:\/\/www.hsce.com.br\/en\/wp-json\/wp\/v2\/users\/8"}],"replies":[{"embeddable":true,"href":"https:\/\/www.hsce.com.br\/en\/wp-json\/wp\/v2\/comments?post=1600"}],"version-history":[{"count":1,"href":"https:\/\/www.hsce.com.br\/en\/wp-json\/wp\/v2\/posts\/1600\/revisions"}],"predecessor-version":[{"id":1602,"href":"https:\/\/www.hsce.com.br\/en\/wp-json\/wp\/v2\/posts\/1600\/revisions\/1602"}],"wp:featuredmedia":[{"embeddable":true,"href":"https:\/\/www.hsce.com.br\/en\/wp-json\/wp\/v2\/media\/1601"}],"wp:attachment":[{"href":"https:\/\/www.hsce.com.br\/en\/wp-json\/wp\/v2\/media?parent=1600"}],"wp:term":[{"taxonomy":"category","embeddable":true,"href":"https:\/\/www.hsce.com.br\/en\/wp-json\/wp\/v2\/categories?post=1600"},{"taxonomy":"post_tag","embeddable":true,"href":"https:\/\/www.hsce.com.br\/en\/wp-json\/wp\/v2\/tags?post=1600"}],"curies":[{"name":"wp","href":"https:\/\/api.w.org\/{rel}","templated":true}]}}