{"id":1593,"date":"2025-03-26T11:08:39","date_gmt":"2025-03-26T11:08:39","guid":{"rendered":"https:\/\/www.hsce.com.br\/?p=1593"},"modified":"2025-03-26T11:08:39","modified_gmt":"2025-03-26T11:08:39","slug":"unico-defeito-da-reforma-tributaria-e-ampliacao-de-excecoes-diz-haddad","status":"publish","type":"post","link":"https:\/\/www.hsce.com.br\/en\/unico-defeito-da-reforma-tributaria-e-ampliacao-de-excecoes-diz-haddad\/","title":{"rendered":"&#8216;\u00danico defeito&#8217; da reforma tribut\u00e1ria \u00e9 amplia\u00e7\u00e3o de exce\u00e7\u00f5es, diz Haddad"},"content":{"rendered":"<p>Em evento realizado nesta ter\u00e7a-feira (25\/03), na Federa\u00e7\u00e3o das Ind\u00fastrias do Estado de S\u00e3o Paulo (Fiesp), o ministro da Fazenda, Fernando Haddad (PT), disse que o &#8220;\u00fanico defeito&#8221; da reforma tribut\u00e1ria \u00e9 a amplia\u00e7\u00e3o de suas exce\u00e7\u00f5es.<\/p>\n\n\n\n<p>&#8220;Se eu pudesse colocar um defeito nessa reforma, que diante do caos que estamos vivendo \u00e9 at\u00e9 pecado chamar de defeito porque ela \u00e9 infinitamente superior ao que temos hoje, \u00e9 a gente ampliar as excepcionalidades, ampliar as exce\u00e7\u00f5es&#8221;, afirmou Haddad. Segundo o ministro, as exce\u00e7\u00f5es aumentam a dist\u00e2ncia entre a al\u00edquota padr\u00e3o e a m\u00e9dia, o que &#8220;nos distancia um pouco dos melhores sistemas tribut\u00e1rios do mundo&#8221;.<\/p>\n\n\n\n<p>Na proposta original da reforma tribut\u00e1ria apresentada pelo governo federal, as exce\u00e7\u00f5es eram restritas a setores essenciais, como sa\u00fade, educa\u00e7\u00e3o, medicamentos, transporte p\u00fablico coletivo e itens da cesta b\u00e1sica nacional, com o objetivo de manter uma al\u00edquota m\u00e9dia em torno de 21% a 22%.<\/p>\n\n\n\n<p>No entanto, durante a tramita\u00e7\u00e3o no Congresso, as exce\u00e7\u00f5es foram ampliadas, passando a incluir benef\u00edcios tribut\u00e1rios mais amplos para produtos de higiene pessoal, servi\u00e7os veterin\u00e1rios, profissionais liberais, alugueis de im\u00f3veis, entre outros setores, o que elevou a previs\u00e3o inicial da al\u00edquota-padr\u00e3o para aproximadamente 28%, tornando-a uma das mais altas do mundo.&nbsp;<\/p>\n\n\n\n<p>Haddad ainda afirmou que \u201cat\u00e9 2032 n\u00f3s podemos sim reavaliar as exce\u00e7\u00f5es e diminuir o n\u00famero delas para que a al\u00edquota padr\u00e3o se aproxime da al\u00edquota m\u00e9dia\u201d. &nbsp;&#8220;A luta n\u00e3o acabou. N\u00f3s temos uma reforma, a melhor poss\u00edvel em regime democr\u00e1tico. N\u00e3o tenho d\u00favida do esfor\u00e7o dos parlamentares para entregar o que era poss\u00edvel atendendo o maior n\u00famero de agentes econ\u00f4micos poss\u00edvel, mas n\u00f3s temos que batalhar muito para essa transi\u00e7\u00e3o se concluir&#8221;, disse o ministro.<\/p>\n\n\n\n<p>&#8220;N\u00f3s trabalhamos a reforma do ponto de vista suprapartid\u00e1rio. N\u00e3o tomamos a reforma como uma coisa apenas do governo, de governo, de um lado da pol\u00edtica, mas uma coisa para o Brasil. Por isso que n\u00f3s n\u00e3o nos preocupamos com os efeitos pol\u00edticos imediatos e eleitorais imediatos da reforma\u201d, disse Haddad durante o evento.<\/p>\n\n\n\n<p>&#8220;Essa transi\u00e7\u00e3o n\u00e3o \u00e9 uma transi\u00e7\u00e3o simples, \u00e9 uma transi\u00e7\u00e3o que vai exigir tenacidade do Congresso Nacional de resistir aos lobbies que v\u00e3o surgir daqui at\u00e9 2032 para tentar ampliar ao inv\u00e9s de diminuir as excepcionalidades que fazem com que a al\u00edquota m\u00e1xima se distancie da al\u00edquota m\u00e9dia&#8221;, afirmou.<\/p>\n\n\n\n<p>Alckmin<\/p>\n\n\n\n<p>Tamb\u00e9m presente no evento, por videoconfer\u00eancia, o vice-presidente e ministro do Desenvolvimento, Ind\u00fastria, Com\u00e9rcio e Servi\u00e7os, Geraldo Alckmin (PSB), disse que a reforma tribut\u00e1ria \u00e9 hist\u00f3rica e simplificar\u00e1 profundamente o sistema tribut\u00e1rio brasileiro. &#8220;Ela simplifica, reduz custos, diminui litigiosidade, estimula o investimento porque desonera o investimento. Estudos mostram que poderemos, em 15 anos, ter um crescimento do PIB da ordem de 12%, num crit\u00e9rio conservador&#8221;, afirmou.<\/p>\n\n\n\n<p>O vice-presidente tamb\u00e9m falou sobre medidas complementares \u00e0 reforma, como o mecanismo tempor\u00e1rio para devolver imediatamente \u00e0s pequenas empresas exportadoras 3% do valor exportado, chamado de &#8220;Reintegra da transi\u00e7\u00e3o&#8221;. Essa medida tem como objetivo, segundo o vice-presidente, incentivar especialmente as pequenas empresas a entrarem no mercado internacional durante o per\u00edodo de implementa\u00e7\u00e3o completa da reforma tribut\u00e1ria, fortalecendo sua competitividade.<\/p>\n\n\n\n<blockquote class=\"wp-block-quote is-layout-flow wp-block-quote-is-layout-flow\">\n<p>Source:&nbsp;<a href=\"https:\/\/www.jota.info\/tributos\/unico-defeito-da-reforma-tributaria-e-ampliacao-de-excecoes-diz-haddad\">https:\/\/www.jota.info\/tributos\/unico-defeito-da-reforma-tributaria-e-ampliacao-de-excecoes-diz-haddad<\/a><\/p>\n<\/blockquote>","protected":false},"excerpt":{"rendered":"<p>Em evento realizado nesta ter\u00e7a-feira (25\/03), na Federa\u00e7\u00e3o das Ind\u00fastrias do Estado de S\u00e3o Paulo (Fiesp), o ministro da Fazenda, Fernando Haddad (PT), disse que o &#8220;\u00fanico defeito&#8221; da reforma tribut\u00e1ria \u00e9 a amplia\u00e7\u00e3o de suas exce\u00e7\u00f5es. &#8220;Se eu pudesse colocar um defeito nessa reforma, que diante do caos que estamos vivendo \u00e9 at\u00e9 pecado [&hellip;]<\/p>","protected":false},"author":8,"featured_media":1564,"comment_status":"open","ping_status":"open","sticky":false,"template":"","format":"standard","meta":{"_monsterinsights_skip_tracking":false,"_monsterinsights_sitenote_active":false,"_monsterinsights_sitenote_note":"","_monsterinsights_sitenote_category":0,"footnotes":""},"categories":[76],"tags":[530],"class_list":["post-1593","post","type-post","status-publish","format-standard","has-post-thumbnail","hentry","category-noticias","tag-reformatributaria-2"],"yoast_head":"<!-- This site is optimized with the Yoast SEO plugin v27.2 - https:\/\/yoast.com\/product\/yoast-seo-wordpress\/ -->\n<title>&#039;\u00danico defeito&#039; da reforma tribut\u00e1ria \u00e9 amplia\u00e7\u00e3o de exce\u00e7\u00f5es, diz Haddad - Hands on Solutions<\/title>\n<meta name=\"robots\" content=\"index, follow, max-snippet:-1, max-image-preview:large, max-video-preview:-1\" \/>\n<link rel=\"canonical\" href=\"https:\/\/www.hsce.com.br\/en\/unico-defeito-da-reforma-tributaria-e-ampliacao-de-excecoes-diz-haddad\/\" \/>\n<meta property=\"og:locale\" content=\"en_US\" \/>\n<meta property=\"og:type\" content=\"article\" \/>\n<meta property=\"og:title\" content=\"&#039;\u00danico defeito&#039; da reforma tribut\u00e1ria \u00e9 amplia\u00e7\u00e3o de exce\u00e7\u00f5es, diz Haddad - Hands on Solutions\" \/>\n<meta property=\"og:description\" content=\"Em evento realizado nesta ter\u00e7a-feira (25\/03), na Federa\u00e7\u00e3o das Ind\u00fastrias do Estado de S\u00e3o Paulo (Fiesp), o ministro da Fazenda, Fernando Haddad (PT), disse que o &#8220;\u00fanico defeito&#8221; da reforma tribut\u00e1ria \u00e9 a amplia\u00e7\u00e3o de suas exce\u00e7\u00f5es. &#8220;Se eu pudesse colocar um defeito nessa reforma, que diante do caos que estamos vivendo \u00e9 at\u00e9 pecado [&hellip;]\" \/>\n<meta property=\"og:url\" content=\"https:\/\/www.hsce.com.br\/en\/unico-defeito-da-reforma-tributaria-e-ampliacao-de-excecoes-diz-haddad\/\" \/>\n<meta property=\"og:site_name\" content=\"Hands on Solutions\" \/>\n<meta property=\"article:published_time\" content=\"2025-03-26T11:08:39+00:00\" \/>\n<meta property=\"og:image\" content=\"https:\/\/www.hsce.com.br\/wp-content\/uploads\/2025\/03\/febraban_22-scaled.jpg\" \/>\n\t<meta property=\"og:image:width\" content=\"2560\" \/>\n\t<meta property=\"og:image:height\" content=\"1707\" \/>\n\t<meta property=\"og:image:type\" content=\"image\/jpeg\" \/>\n<meta name=\"author\" content=\"hsce\" \/>\n<meta name=\"twitter:label1\" content=\"Written by\" \/>\n\t<meta name=\"twitter:data1\" content=\"hsce\" \/>\n\t<meta name=\"twitter:label2\" content=\"Est. reading time\" \/>\n\t<meta name=\"twitter:data2\" content=\"3 minutes\" \/>\n<script type=\"application\/ld+json\" class=\"yoast-schema-graph\">{\"@context\":\"https:\/\/schema.org\",\"@graph\":[{\"@type\":\"Article\",\"@id\":\"https:\/\/www.hsce.com.br\/unico-defeito-da-reforma-tributaria-e-ampliacao-de-excecoes-diz-haddad\/#article\",\"isPartOf\":{\"@id\":\"https:\/\/www.hsce.com.br\/unico-defeito-da-reforma-tributaria-e-ampliacao-de-excecoes-diz-haddad\/\"},\"author\":{\"name\":\"hsce\",\"@id\":\"https:\/\/www.hsce.com.br\/#\/schema\/person\/ce400a0e9f66b1195f845fb1fdca8b33\"},\"headline\":\"&#8216;\u00danico defeito&#8217; da reforma tribut\u00e1ria \u00e9 amplia\u00e7\u00e3o de exce\u00e7\u00f5es, diz Haddad\",\"datePublished\":\"2025-03-26T11:08:39+00:00\",\"mainEntityOfPage\":{\"@id\":\"https:\/\/www.hsce.com.br\/unico-defeito-da-reforma-tributaria-e-ampliacao-de-excecoes-diz-haddad\/\"},\"wordCount\":595,\"commentCount\":0,\"publisher\":{\"@id\":\"https:\/\/www.hsce.com.br\/#organization\"},\"image\":{\"@id\":\"https:\/\/www.hsce.com.br\/unico-defeito-da-reforma-tributaria-e-ampliacao-de-excecoes-diz-haddad\/#primaryimage\"},\"thumbnailUrl\":\"https:\/\/www.hsce.com.br\/wp-content\/uploads\/2025\/03\/febraban_22-scaled.jpg\",\"keywords\":[\"#reformatribut\u00e1ria\"],\"articleSection\":[\"Not\u00edcias\"],\"inLanguage\":\"en-US\",\"potentialAction\":[{\"@type\":\"CommentAction\",\"name\":\"Comment\",\"target\":[\"https:\/\/www.hsce.com.br\/unico-defeito-da-reforma-tributaria-e-ampliacao-de-excecoes-diz-haddad\/#respond\"]}]},{\"@type\":\"WebPage\",\"@id\":\"https:\/\/www.hsce.com.br\/unico-defeito-da-reforma-tributaria-e-ampliacao-de-excecoes-diz-haddad\/\",\"url\":\"https:\/\/www.hsce.com.br\/unico-defeito-da-reforma-tributaria-e-ampliacao-de-excecoes-diz-haddad\/\",\"name\":\"'\u00danico defeito' da reforma tribut\u00e1ria \u00e9 amplia\u00e7\u00e3o de exce\u00e7\u00f5es, diz Haddad - Hands on Solutions\",\"isPartOf\":{\"@id\":\"https:\/\/www.hsce.com.br\/#website\"},\"primaryImageOfPage\":{\"@id\":\"https:\/\/www.hsce.com.br\/unico-defeito-da-reforma-tributaria-e-ampliacao-de-excecoes-diz-haddad\/#primaryimage\"},\"image\":{\"@id\":\"https:\/\/www.hsce.com.br\/unico-defeito-da-reforma-tributaria-e-ampliacao-de-excecoes-diz-haddad\/#primaryimage\"},\"thumbnailUrl\":\"https:\/\/www.hsce.com.br\/wp-content\/uploads\/2025\/03\/febraban_22-scaled.jpg\",\"datePublished\":\"2025-03-26T11:08:39+00:00\",\"breadcrumb\":{\"@id\":\"https:\/\/www.hsce.com.br\/unico-defeito-da-reforma-tributaria-e-ampliacao-de-excecoes-diz-haddad\/#breadcrumb\"},\"inLanguage\":\"en-US\",\"potentialAction\":[{\"@type\":\"ReadAction\",\"target\":[\"https:\/\/www.hsce.com.br\/unico-defeito-da-reforma-tributaria-e-ampliacao-de-excecoes-diz-haddad\/\"]}]},{\"@type\":\"ImageObject\",\"inLanguage\":\"en-US\",\"@id\":\"https:\/\/www.hsce.com.br\/unico-defeito-da-reforma-tributaria-e-ampliacao-de-excecoes-diz-haddad\/#primaryimage\",\"url\":\"https:\/\/www.hsce.com.br\/wp-content\/uploads\/2025\/03\/febraban_22-scaled.jpg\",\"contentUrl\":\"https:\/\/www.hsce.com.br\/wp-content\/uploads\/2025\/03\/febraban_22-scaled.jpg\",\"width\":2560,\"height\":1707,\"caption\":\"S\u00e3o Paulo (SP), 29\/11\/2024 - Almo\u00e7o anual da FEBRABAN com a presen\u00e7a do MInistro da Fazenda Fernando Haddad . Foto: Paulo Pinto\/Ag\u00eancia Brasil\"},{\"@type\":\"BreadcrumbList\",\"@id\":\"https:\/\/www.hsce.com.br\/unico-defeito-da-reforma-tributaria-e-ampliacao-de-excecoes-diz-haddad\/#breadcrumb\",\"itemListElement\":[{\"@type\":\"ListItem\",\"position\":1,\"name\":\"In\u00edcio\",\"item\":\"https:\/\/www.hsce.com.br\/\"},{\"@type\":\"ListItem\",\"position\":2,\"name\":\"&#8216;\u00danico defeito&#8217; da reforma tribut\u00e1ria \u00e9 amplia\u00e7\u00e3o de exce\u00e7\u00f5es, diz Haddad\"}]},{\"@type\":\"WebSite\",\"@id\":\"https:\/\/www.hsce.com.br\/#website\",\"url\":\"https:\/\/www.hsce.com.br\/\",\"name\":\"Hands on Solutions\",\"description\":\"\",\"publisher\":{\"@id\":\"https:\/\/www.hsce.com.br\/#organization\"},\"potentialAction\":[{\"@type\":\"SearchAction\",\"target\":{\"@type\":\"EntryPoint\",\"urlTemplate\":\"https:\/\/www.hsce.com.br\/?s={search_term_string}\"},\"query-input\":{\"@type\":\"PropertyValueSpecification\",\"valueRequired\":true,\"valueName\":\"search_term_string\"}}],\"inLanguage\":\"en-US\"},{\"@type\":\"Organization\",\"@id\":\"https:\/\/www.hsce.com.br\/#organization\",\"name\":\"Hands on Solutions\",\"url\":\"https:\/\/www.hsce.com.br\/\",\"logo\":{\"@type\":\"ImageObject\",\"inLanguage\":\"en-US\",\"@id\":\"https:\/\/www.hsce.com.br\/#\/schema\/logo\/image\/\",\"url\":\"https:\/\/www.hsce.com.br\/wp-content\/uploads\/2015\/09\/handson.png\",\"contentUrl\":\"https:\/\/www.hsce.com.br\/wp-content\/uploads\/2015\/09\/handson.png\",\"width\":230,\"height\":68,\"caption\":\"Hands on Solutions\"},\"image\":{\"@id\":\"https:\/\/www.hsce.com.br\/#\/schema\/logo\/image\/\"},\"sameAs\":[\"https:\/\/www.linkedin.com\/company\/hsce-ltda?trk=company_logo\"]},{\"@type\":\"Person\",\"@id\":\"https:\/\/www.hsce.com.br\/#\/schema\/person\/ce400a0e9f66b1195f845fb1fdca8b33\",\"name\":\"hsce\",\"image\":{\"@type\":\"ImageObject\",\"inLanguage\":\"en-US\",\"@id\":\"https:\/\/secure.gravatar.com\/avatar\/5cfe77ad71593df19912d9dffea7f5a8f3b3f45feff1ac302d60b22d3629b491?s=96&d=mm&r=g\",\"url\":\"https:\/\/secure.gravatar.com\/avatar\/5cfe77ad71593df19912d9dffea7f5a8f3b3f45feff1ac302d60b22d3629b491?s=96&d=mm&r=g\",\"contentUrl\":\"https:\/\/secure.gravatar.com\/avatar\/5cfe77ad71593df19912d9dffea7f5a8f3b3f45feff1ac302d60b22d3629b491?s=96&d=mm&r=g\",\"caption\":\"hsce\"},\"url\":\"https:\/\/www.hsce.com.br\/en\/author\/hsce\/\"}]}<\/script>\n<!-- \/ Yoast SEO plugin. -->","yoast_head_json":{"title":"'\u00danico defeito' da reforma tribut\u00e1ria \u00e9 amplia\u00e7\u00e3o de exce\u00e7\u00f5es, diz Haddad - Hands on Solutions","robots":{"index":"index","follow":"follow","max-snippet":"max-snippet:-1","max-image-preview":"max-image-preview:large","max-video-preview":"max-video-preview:-1"},"canonical":"https:\/\/www.hsce.com.br\/en\/unico-defeito-da-reforma-tributaria-e-ampliacao-de-excecoes-diz-haddad\/","og_locale":"en_US","og_type":"article","og_title":"'\u00danico defeito' da reforma tribut\u00e1ria \u00e9 amplia\u00e7\u00e3o de exce\u00e7\u00f5es, diz Haddad - Hands on Solutions","og_description":"Em evento realizado nesta ter\u00e7a-feira (25\/03), na Federa\u00e7\u00e3o das Ind\u00fastrias do Estado de S\u00e3o Paulo (Fiesp), o ministro da Fazenda, Fernando Haddad (PT), disse que o &#8220;\u00fanico defeito&#8221; da reforma tribut\u00e1ria \u00e9 a amplia\u00e7\u00e3o de suas exce\u00e7\u00f5es. &#8220;Se eu pudesse colocar um defeito nessa reforma, que diante do caos que estamos vivendo \u00e9 at\u00e9 pecado [&hellip;]","og_url":"https:\/\/www.hsce.com.br\/en\/unico-defeito-da-reforma-tributaria-e-ampliacao-de-excecoes-diz-haddad\/","og_site_name":"Hands on Solutions","article_published_time":"2025-03-26T11:08:39+00:00","og_image":[{"width":2560,"height":1707,"url":"https:\/\/www.hsce.com.br\/wp-content\/uploads\/2025\/03\/febraban_22-scaled.jpg","type":"image\/jpeg"}],"author":"hsce","twitter_misc":{"Written by":"hsce","Est. reading time":"3 minutes"},"schema":{"@context":"https:\/\/schema.org","@graph":[{"@type":"Article","@id":"https:\/\/www.hsce.com.br\/unico-defeito-da-reforma-tributaria-e-ampliacao-de-excecoes-diz-haddad\/#article","isPartOf":{"@id":"https:\/\/www.hsce.com.br\/unico-defeito-da-reforma-tributaria-e-ampliacao-de-excecoes-diz-haddad\/"},"author":{"name":"hsce","@id":"https:\/\/www.hsce.com.br\/#\/schema\/person\/ce400a0e9f66b1195f845fb1fdca8b33"},"headline":"&#8216;\u00danico defeito&#8217; da reforma tribut\u00e1ria \u00e9 amplia\u00e7\u00e3o de exce\u00e7\u00f5es, diz Haddad","datePublished":"2025-03-26T11:08:39+00:00","mainEntityOfPage":{"@id":"https:\/\/www.hsce.com.br\/unico-defeito-da-reforma-tributaria-e-ampliacao-de-excecoes-diz-haddad\/"},"wordCount":595,"commentCount":0,"publisher":{"@id":"https:\/\/www.hsce.com.br\/#organization"},"image":{"@id":"https:\/\/www.hsce.com.br\/unico-defeito-da-reforma-tributaria-e-ampliacao-de-excecoes-diz-haddad\/#primaryimage"},"thumbnailUrl":"https:\/\/www.hsce.com.br\/wp-content\/uploads\/2025\/03\/febraban_22-scaled.jpg","keywords":["#reformatribut\u00e1ria"],"articleSection":["Not\u00edcias"],"inLanguage":"en-US","potentialAction":[{"@type":"CommentAction","name":"Comment","target":["https:\/\/www.hsce.com.br\/unico-defeito-da-reforma-tributaria-e-ampliacao-de-excecoes-diz-haddad\/#respond"]}]},{"@type":"WebPage","@id":"https:\/\/www.hsce.com.br\/unico-defeito-da-reforma-tributaria-e-ampliacao-de-excecoes-diz-haddad\/","url":"https:\/\/www.hsce.com.br\/unico-defeito-da-reforma-tributaria-e-ampliacao-de-excecoes-diz-haddad\/","name":"'\u00danico defeito' da reforma tribut\u00e1ria \u00e9 amplia\u00e7\u00e3o de exce\u00e7\u00f5es, diz Haddad - Hands on Solutions","isPartOf":{"@id":"https:\/\/www.hsce.com.br\/#website"},"primaryImageOfPage":{"@id":"https:\/\/www.hsce.com.br\/unico-defeito-da-reforma-tributaria-e-ampliacao-de-excecoes-diz-haddad\/#primaryimage"},"image":{"@id":"https:\/\/www.hsce.com.br\/unico-defeito-da-reforma-tributaria-e-ampliacao-de-excecoes-diz-haddad\/#primaryimage"},"thumbnailUrl":"https:\/\/www.hsce.com.br\/wp-content\/uploads\/2025\/03\/febraban_22-scaled.jpg","datePublished":"2025-03-26T11:08:39+00:00","breadcrumb":{"@id":"https:\/\/www.hsce.com.br\/unico-defeito-da-reforma-tributaria-e-ampliacao-de-excecoes-diz-haddad\/#breadcrumb"},"inLanguage":"en-US","potentialAction":[{"@type":"ReadAction","target":["https:\/\/www.hsce.com.br\/unico-defeito-da-reforma-tributaria-e-ampliacao-de-excecoes-diz-haddad\/"]}]},{"@type":"ImageObject","inLanguage":"en-US","@id":"https:\/\/www.hsce.com.br\/unico-defeito-da-reforma-tributaria-e-ampliacao-de-excecoes-diz-haddad\/#primaryimage","url":"https:\/\/www.hsce.com.br\/wp-content\/uploads\/2025\/03\/febraban_22-scaled.jpg","contentUrl":"https:\/\/www.hsce.com.br\/wp-content\/uploads\/2025\/03\/febraban_22-scaled.jpg","width":2560,"height":1707,"caption":"S\u00e3o Paulo (SP), 29\/11\/2024 - Almo\u00e7o anual da FEBRABAN com a presen\u00e7a do MInistro da Fazenda Fernando Haddad . Foto: Paulo Pinto\/Ag\u00eancia Brasil"},{"@type":"BreadcrumbList","@id":"https:\/\/www.hsce.com.br\/unico-defeito-da-reforma-tributaria-e-ampliacao-de-excecoes-diz-haddad\/#breadcrumb","itemListElement":[{"@type":"ListItem","position":1,"name":"In\u00edcio","item":"https:\/\/www.hsce.com.br\/"},{"@type":"ListItem","position":2,"name":"&#8216;\u00danico defeito&#8217; da reforma tribut\u00e1ria \u00e9 amplia\u00e7\u00e3o de exce\u00e7\u00f5es, diz Haddad"}]},{"@type":"WebSite","@id":"https:\/\/www.hsce.com.br\/#website","url":"https:\/\/www.hsce.com.br\/","name":"Hands on Solutions","description":"","publisher":{"@id":"https:\/\/www.hsce.com.br\/#organization"},"potentialAction":[{"@type":"SearchAction","target":{"@type":"EntryPoint","urlTemplate":"https:\/\/www.hsce.com.br\/?s={search_term_string}"},"query-input":{"@type":"PropertyValueSpecification","valueRequired":true,"valueName":"search_term_string"}}],"inLanguage":"en-US"},{"@type":"Organization","@id":"https:\/\/www.hsce.com.br\/#organization","name":"Hands on Solutions","url":"https:\/\/www.hsce.com.br\/","logo":{"@type":"ImageObject","inLanguage":"en-US","@id":"https:\/\/www.hsce.com.br\/#\/schema\/logo\/image\/","url":"https:\/\/www.hsce.com.br\/wp-content\/uploads\/2015\/09\/handson.png","contentUrl":"https:\/\/www.hsce.com.br\/wp-content\/uploads\/2015\/09\/handson.png","width":230,"height":68,"caption":"Hands on Solutions"},"image":{"@id":"https:\/\/www.hsce.com.br\/#\/schema\/logo\/image\/"},"sameAs":["https:\/\/www.linkedin.com\/company\/hsce-ltda?trk=company_logo"]},{"@type":"Person","@id":"https:\/\/www.hsce.com.br\/#\/schema\/person\/ce400a0e9f66b1195f845fb1fdca8b33","name":"hsce","image":{"@type":"ImageObject","inLanguage":"en-US","@id":"https:\/\/secure.gravatar.com\/avatar\/5cfe77ad71593df19912d9dffea7f5a8f3b3f45feff1ac302d60b22d3629b491?s=96&d=mm&r=g","url":"https:\/\/secure.gravatar.com\/avatar\/5cfe77ad71593df19912d9dffea7f5a8f3b3f45feff1ac302d60b22d3629b491?s=96&d=mm&r=g","contentUrl":"https:\/\/secure.gravatar.com\/avatar\/5cfe77ad71593df19912d9dffea7f5a8f3b3f45feff1ac302d60b22d3629b491?s=96&d=mm&r=g","caption":"hsce"},"url":"https:\/\/www.hsce.com.br\/en\/author\/hsce\/"}]}},"_links":{"self":[{"href":"https:\/\/www.hsce.com.br\/en\/wp-json\/wp\/v2\/posts\/1593","targetHints":{"allow":["GET"]}}],"collection":[{"href":"https:\/\/www.hsce.com.br\/en\/wp-json\/wp\/v2\/posts"}],"about":[{"href":"https:\/\/www.hsce.com.br\/en\/wp-json\/wp\/v2\/types\/post"}],"author":[{"embeddable":true,"href":"https:\/\/www.hsce.com.br\/en\/wp-json\/wp\/v2\/users\/8"}],"replies":[{"embeddable":true,"href":"https:\/\/www.hsce.com.br\/en\/wp-json\/wp\/v2\/comments?post=1593"}],"version-history":[{"count":1,"href":"https:\/\/www.hsce.com.br\/en\/wp-json\/wp\/v2\/posts\/1593\/revisions"}],"predecessor-version":[{"id":1594,"href":"https:\/\/www.hsce.com.br\/en\/wp-json\/wp\/v2\/posts\/1593\/revisions\/1594"}],"wp:featuredmedia":[{"embeddable":true,"href":"https:\/\/www.hsce.com.br\/en\/wp-json\/wp\/v2\/media\/1564"}],"wp:attachment":[{"href":"https:\/\/www.hsce.com.br\/en\/wp-json\/wp\/v2\/media?parent=1593"}],"wp:term":[{"taxonomy":"category","embeddable":true,"href":"https:\/\/www.hsce.com.br\/en\/wp-json\/wp\/v2\/categories?post=1593"},{"taxonomy":"post_tag","embeddable":true,"href":"https:\/\/www.hsce.com.br\/en\/wp-json\/wp\/v2\/tags?post=1593"}],"curies":[{"name":"wp","href":"https:\/\/api.w.org\/{rel}","templated":true}]}}