{"id":1589,"date":"2025-03-24T19:01:43","date_gmt":"2025-03-24T19:01:43","guid":{"rendered":"https:\/\/www.hsce.com.br\/?p=1589"},"modified":"2025-03-24T19:01:44","modified_gmt":"2025-03-24T19:01:44","slug":"stf-discute-prazo-para-acao-rescisoria-com-impacto-na-tese-do-seculo","status":"publish","type":"post","link":"https:\/\/www.hsce.com.br\/en\/stf-discute-prazo-para-acao-rescisoria-com-impacto-na-tese-do-seculo\/","title":{"rendered":"STF discute prazo para a\u00e7\u00e3o rescis\u00f3ria com impacto na tese do s\u00e9culo"},"content":{"rendered":"<p>Prazo para a\u00e7\u00e3o rescis\u00f3ria com impacto na &#8220;tese do s\u00e9culo&#8221;, quinta-feira (27\/3)<\/p>\n\n\n\n<p>O Supremo Tribunal Federal (STF) discute quest\u00e3o de ordem na&nbsp;<a href=\"https:\/\/portal.stf.jus.br\/processos\/detalhe.asp?incidente=6220273\">AR 2876<\/a>&nbsp;para tratar da constitucionalidade do prazo decadencial para ajuizamento de a\u00e7\u00e3o rescis\u00f3ria previsto nos artigos 525 e 535 do C\u00f3digo de Processo Civil (CPC). A decis\u00e3o pode afetar a validade das a\u00e7\u00f5es rescis\u00f3rias da Uni\u00e3o contra contribuintes na tese do s\u00e9culo, na qual o STF determinou a exclus\u00e3o do ICMS da base de c\u00e1lculo do PIS e da Cofins.<\/p>\n\n\n\n<p>Na pr\u00e1tica, a discuss\u00e3o \u00e9 para definir o prazo em que \u00e9 poss\u00edvel mover uma a\u00e7\u00e3o rescis\u00f3ria. O CPC estabelece prazo de dois anos para entrar com a a\u00e7\u00e3o, a partir do tr\u00e2nsito em julgado da decis\u00e3o. Contudo, o c\u00f3digo tamb\u00e9m prev\u00ea que, caso uma decis\u00e3o definitiva conflite com entendimento posterior do STF, o prazo para ajuizar a a\u00e7\u00e3o rescis\u00f3ria passa a ser de dois anos a partir da decis\u00e3o da Corte.<\/p>\n\n\n\n<p>Os trechos do CPC a serem debatidos foram os dispositivos analisados pela Supremo nos processos em que as a\u00e7\u00f5es da Fazenda Nacional foram validadas, com o intuito de reduzir os cr\u00e9ditos tribut\u00e1rios com a &#8220;tese do s\u00e9culo&#8221;. No plen\u00e1rio virtual, o relator, ministro Gilmar Mendes, votou pela inconstitucionalidade do prazo. No entanto, um pedido de destaque do presidente da Corte, ministro Lu\u00eds Roberto Barroso, levou a discuss\u00e3o ao plen\u00e1rio f\u00edsico, reiniciando o julgamento.<\/p>\n\n\n\n<p>Taxas de combate a inc\u00eandios, quarta-feira (26\/3)<\/p>\n\n\n\n<p>Por meio do&nbsp;<a href=\"https:\/\/portal.stf.jus.br\/processos\/detalhe.asp?incidente=6543739\">RE 1417155<\/a>&nbsp;, o STF julga a constitucionalidade de trechos da&nbsp;<strong><u><a href=\"https:\/\/www.al.rn.leg.br\/storage\/legislacao\/2019\/07\/16\/bbb65cfcad939e590ba27c0b5606c484.pdf\">Lei Complementar 247\/2002<\/a><\/u><\/strong>&nbsp;, do estado do Rio Grande do Norte, que estabeleceu a institui\u00e7\u00e3o de uma taxa de preven\u00e7\u00e3o e combate a inc\u00eandios, busca e salvamento para fundo do Corpo de Bombeiros. Em novembro de 2024, o STF formou placar de 3&#215;1 no plen\u00e1rio virtual para validar a aplica\u00e7\u00e3o da taxa. No entanto, o ministro Luiz Fux destacou o caso, que teve o placar zerado e foi levado ao plen\u00e1rio f\u00edsico.<\/p>\n\n\n\n<p>O caso \u00e9 analisado em repercuss\u00e3o geral, ou seja, o que for decidido pela Corte dever\u00e1 ser seguido pelas demais inst\u00e2ncias do Judici\u00e1rio. Na mesma data, al\u00e9m do recurso, tamb\u00e9m foram pautadas as ADPFs&nbsp;<strong><u><a href=\"https:\/\/portal.stf.jus.br\/processos\/detalhe.asp?incidente=6520486\">1028&nbsp;<\/a><\/u><\/strong>&nbsp;e&nbsp;<strong><u><a href=\"https:\/\/portal.stf.jus.br\/processos\/detalhe.asp?incidente=6520487\">1029&nbsp;<\/a><\/u><\/strong>&nbsp;, ajuizadas contra leis dos estados do Pernambuco e do Rio de Janeiro, respectivamente. Ambas a\u00e7\u00f5es questionam normas que regulamentam a cobran\u00e7a de taxas de preven\u00e7\u00e3o e extin\u00e7\u00e3o de inc\u00eandios.<\/p>\n\n\n\n<p>JULGAMENTO VIRTUAL<\/p>\n\n\n\n<p>Prefer\u00eancia de honor\u00e1rios sobre cr\u00e9ditos tribut\u00e1rios, sexta-feira (21\/3 a 28\/3)<\/p>\n\n\n\n<p>Sob repercuss\u00e3o geral, os ministros analisam no&nbsp;<strong><u><a href=\"https:\/\/portal.stf.jus.br\/processos\/detalhe.asp?incidente=6174725\">RE 1326559<\/a><\/u><\/strong>&nbsp;a possibilidade de se dar prefer\u00eancia ao pagamento de honor\u00e1rios advocat\u00edcios em rela\u00e7\u00e3o ao cr\u00e9dito tribut\u00e1rio, como previsto no C\u00f3digo de Processo Civil (CPC). Na origem, a primeira inst\u00e2ncia negou o pedido de reserva de honor\u00e1rios advocat\u00edcios contratuais relativos a uma penhora efetivada em favor da Fazenda P\u00fablica. At\u00e9 o momento, o placar est\u00e1 em 2&#215;1 para dar provimento ao recurso e reconhecer a prefer\u00eancia dos honor\u00e1rios advocat\u00edcios contratuais em rela\u00e7\u00e3o ao cr\u00e9dito tribut\u00e1rio.<\/p>\n\n\n\n<p>O escrit\u00f3rio de advocacia envolvido recorreu ao STF ap\u00f3s o Tribunal Regional Federal da 4\u00aa Regi\u00e3o (TRF4) entender pela inconstitucionalidade dos dispositivos do CPC e afastar a prefer\u00eancia aos honor\u00e1rios advocat\u00edcios em rela\u00e7\u00e3o ao cr\u00e9dito tribut\u00e1rio. O contribuinte argumenta que a norma do CPC n\u00e3o trata de legisla\u00e7\u00e3o tribut\u00e1ria nem de cr\u00e9dito tribut\u00e1rio, mas de honor\u00e1rios advocat\u00edcios.<\/p>\n\n\n\n<p>Isen\u00e7\u00e3o de ped\u00e1gio a pessoas com defici\u00eancia, sexta-feira (21\/3 a 28\/3)<\/p>\n\n\n\n<p>O Plen\u00e1rio analisa a&nbsp;<strong><u><a href=\"https:\/\/portal.stf.jus.br\/processos\/detalhe.asp?incidente=2432954\">ADI 3816<\/a><\/u><\/strong>&nbsp;, em que o governo do Esp\u00edrito Santo questiona lei estadual que isenta os ve\u00edculos de pessoas com defici\u00eancia do pagamento de ped\u00e1gio nas rodovias estaduais. A lei ainda estabelece prazo para o Poder Executivo regulamentar a norma. Segundo a a\u00e7\u00e3o, a cobran\u00e7a do ped\u00e1gio teve origem em licita\u00e7\u00e3o entre o estado e a concession\u00e1ria de servi\u00e7o p\u00fablico Rodovia do Sol S\/A. Por esse motivo, o governo argumenta que qualquer modifica\u00e7\u00e3o na natureza da presta\u00e7\u00e3o do servi\u00e7o pode resultar em um \u201cdesequil\u00edbrio na equa\u00e7\u00e3o econ\u00f4mica e financeira do contrato\u201d, o que violaria o artigo 37 da Constitui\u00e7\u00e3o Federal, que estabelece a manuten\u00e7\u00e3o das condi\u00e7\u00f5es da proposta gerada por meio de licita\u00e7\u00e3o p\u00fablica.<\/p>\n\n\n\n<p>Sess\u00f5es seguem suspensas<\/p>\n\n\n\n<p>Pela terceira semana consecutiva est\u00e3o suspensas as sess\u00f5es das turmas ordin\u00e1rias do Conselho Administrativo de Recursos Fiscais (Carf). O motivo \u00e9 a ades\u00e3o \u00e0 greve por parte dos conselheiros representantes da Fazenda Nacional, o que compromete o qu\u00f3rum para os julgamentos.<\/p>\n\n\n\n<p>A suspens\u00e3o consta na&nbsp;<strong><u><a href=\"http:\/\/idg.carf.fazenda.gov.br\/acesso-a-informacao\/boletim-de-servicos-carf\/portarias-carf-2025\/portaria-carf-458-de-2025-suspende-sessoes-de-julgamento.pdf\">Portaria Carf&nbsp;<\/a><a href=\"https:\/\/carf.economia.gov.br\/acesso-a-informacao\/boletim-de-servicos-carf\/portarias-carf-2025\/sei_49258339_portaria_519.pdf\">570\/2025<\/a><\/u><\/strong>&nbsp;, publicada na \u00faltima sexta-feira (21\/3), e atinge todas as oito turmas da 1\u00aa Se\u00e7\u00e3o. S\u00e3o elas: 1\u00aa Turma da 1\u00aa C\u00e2mara da 1\u00aa Se\u00e7\u00e3o, 2\u00aa Turma da 1\u00aa C\u00e2mara da 1\u00aa Se\u00e7\u00e3o, 1\u00aa Turma da 2\u00aa C\u00e2mara da 1\u00aa Se\u00e7\u00e3o, 2\u00aa Turma da 2\u00aa C\u00e2mara da 1\u00aa Se\u00e7\u00e3o, 1\u00aa Turma da 3\u00aa C\u00e2mara 1\u00aa Se\u00e7\u00e3o, 2\u00aa Turma da 3\u00aa C\u00e2mara da 1\u00aa Se\u00e7\u00e3o, 1\u00aa Turma da 4\u00aa C\u00e2mara 1\u00aa Se\u00e7\u00e3o e 2\u00aa Turma da 4\u00aa C\u00e2mara da 1\u00aa Se\u00e7\u00e3o.<\/p>\n\n\n\n<p>A Portaria tamb\u00e9m prev\u00ea a suspens\u00e3o de duas turmas extraordin\u00e1rias (1\u00aa e 2\u00aa). Os julgamentos na C\u00e2mara Superior est\u00e3o mantidos, com julgamentos da 3\u00aa Turma em plen\u00e1rio virtual. A vota\u00e7\u00e3o come\u00e7a nesta segunda-feira (24\/3) e vai at\u00e9 a pr\u00f3xima sexta (28).<\/p>\n\n\n\n<p>JULGAMENTO VIRTUAL<\/p>\n\n\n\n<p>PIS\/Cofins sobre aquisi\u00e7\u00e3o de \u00e1lcool anidro (24 a 28\/3)<\/p>\n\n\n\n<p>A 3\u00aa Turma da C\u00e2mara Superior come\u00e7a a julgar recurso da Fazenda que discute a possibilidade de creditamento, na qualidade de insumo, de PIS e Cofins relativo \u00e0s despesas de aquisi\u00e7\u00e3o do \u00e1lcool anidro, adicionado pelos distribuidores \u00e0 gasolina tipo A para a obten\u00e7\u00e3o da gasolina do tipo C.<\/p>\n\n\n\n<p>At\u00e9 agora apenas o relator, conselheiro Alexandre Freitas Costa, votou. O julgador se posicionou de forma favor\u00e1vel ao recurso, considerando que a aquisi\u00e7\u00e3o n\u00e3o era pass\u00edvel de creditamento \u00e0 \u00e9poca por veda\u00e7\u00e3o legal. O tema est\u00e1 em debate no processo 10480.720427\/2010-14, que envolve a Ello-Puma Distribuidora de Combust\u00edveis S\/A.<\/p>\n\n\n\n<blockquote class=\"wp-block-quote is-layout-flow wp-block-quote-is-layout-flow\">\n<p>Source:&nbsp;<a href=\"https:\/\/www.jota.info\/tributos\/apostas-da-semana\/stf-discute-prazo-para-acao-rescisoria-com-impacto-na-tese-do-seculo\">https:\/\/www.jota.info\/tributos\/apostas-da-semana\/stf-discute-prazo-para-acao-rescisoria-com-impacto-na-tese-do-seculo<\/a><\/p>\n<\/blockquote>","protected":false},"excerpt":{"rendered":"<p>Prazo para a\u00e7\u00e3o rescis\u00f3ria com impacto na &#8220;tese do s\u00e9culo&#8221;, quinta-feira (27\/3) O Supremo Tribunal Federal (STF) discute quest\u00e3o de ordem na&nbsp;AR 2876&nbsp;para tratar da constitucionalidade do prazo decadencial para ajuizamento de a\u00e7\u00e3o rescis\u00f3ria previsto nos artigos 525 e 535 do C\u00f3digo de Processo Civil (CPC). A decis\u00e3o pode afetar a validade das a\u00e7\u00f5es rescis\u00f3rias [&hellip;]<\/p>","protected":false},"author":8,"featured_media":1565,"comment_status":"open","ping_status":"open","sticky":false,"template":"","format":"standard","meta":{"_monsterinsights_skip_tracking":false,"_monsterinsights_sitenote_active":false,"_monsterinsights_sitenote_note":"","_monsterinsights_sitenote_category":0,"footnotes":""},"categories":[76],"tags":[165,102],"class_list":["post-1589","post","type-post","status-publish","format-standard","has-post-thumbnail","hentry","category-noticias","tag-carf","tag-icms-2"],"yoast_head":"<!-- This site is optimized with the Yoast SEO plugin v27.2 - https:\/\/yoast.com\/product\/yoast-seo-wordpress\/ -->\n<title>STF discute prazo para a\u00e7\u00e3o rescis\u00f3ria com impacto na tese do s\u00e9culo - Hands on Solutions<\/title>\n<meta name=\"robots\" content=\"index, follow, max-snippet:-1, max-image-preview:large, max-video-preview:-1\" \/>\n<link rel=\"canonical\" href=\"https:\/\/www.hsce.com.br\/en\/stf-discute-prazo-para-acao-rescisoria-com-impacto-na-tese-do-seculo\/\" \/>\n<meta property=\"og:locale\" content=\"en_US\" \/>\n<meta property=\"og:type\" content=\"article\" \/>\n<meta property=\"og:title\" content=\"STF discute prazo para a\u00e7\u00e3o rescis\u00f3ria com impacto na tese do s\u00e9culo - Hands on Solutions\" \/>\n<meta property=\"og:description\" content=\"Prazo para a\u00e7\u00e3o rescis\u00f3ria com impacto na &#8220;tese do s\u00e9culo&#8221;, quinta-feira (27\/3) O Supremo Tribunal Federal (STF) discute quest\u00e3o de ordem na&nbsp;AR 2876&nbsp;para tratar da constitucionalidade do prazo decadencial para ajuizamento de a\u00e7\u00e3o rescis\u00f3ria previsto nos artigos 525 e 535 do C\u00f3digo de Processo Civil (CPC). A decis\u00e3o pode afetar a validade das a\u00e7\u00f5es rescis\u00f3rias [&hellip;]\" \/>\n<meta property=\"og:url\" content=\"https:\/\/www.hsce.com.br\/en\/stf-discute-prazo-para-acao-rescisoria-com-impacto-na-tese-do-seculo\/\" \/>\n<meta property=\"og:site_name\" content=\"Hands on Solutions\" \/>\n<meta property=\"article:published_time\" content=\"2025-03-24T19:01:43+00:00\" \/>\n<meta property=\"article:modified_time\" content=\"2025-03-24T19:01:44+00:00\" \/>\n<meta property=\"og:image\" content=\"https:\/\/www.hsce.com.br\/wp-content\/uploads\/2025\/03\/forum_de_governadores_de_20201102209490-scaled.jpg\" \/>\n\t<meta property=\"og:image:width\" content=\"2560\" \/>\n\t<meta property=\"og:image:height\" content=\"1707\" \/>\n\t<meta property=\"og:image:type\" content=\"image\/jpeg\" \/>\n<meta name=\"author\" content=\"hsce\" \/>\n<meta name=\"twitter:label1\" content=\"Written by\" \/>\n\t<meta name=\"twitter:data1\" content=\"hsce\" \/>\n\t<meta name=\"twitter:label2\" content=\"Est. reading time\" \/>\n\t<meta name=\"twitter:data2\" content=\"6 minutes\" \/>\n<script type=\"application\/ld+json\" class=\"yoast-schema-graph\">{\"@context\":\"https:\/\/schema.org\",\"@graph\":[{\"@type\":\"Article\",\"@id\":\"https:\/\/www.hsce.com.br\/stf-discute-prazo-para-acao-rescisoria-com-impacto-na-tese-do-seculo\/#article\",\"isPartOf\":{\"@id\":\"https:\/\/www.hsce.com.br\/stf-discute-prazo-para-acao-rescisoria-com-impacto-na-tese-do-seculo\/\"},\"author\":{\"name\":\"hsce\",\"@id\":\"https:\/\/www.hsce.com.br\/#\/schema\/person\/ce400a0e9f66b1195f845fb1fdca8b33\"},\"headline\":\"STF discute prazo para a\u00e7\u00e3o rescis\u00f3ria com impacto na tese do s\u00e9culo\",\"datePublished\":\"2025-03-24T19:01:43+00:00\",\"dateModified\":\"2025-03-24T19:01:44+00:00\",\"mainEntityOfPage\":{\"@id\":\"https:\/\/www.hsce.com.br\/stf-discute-prazo-para-acao-rescisoria-com-impacto-na-tese-do-seculo\/\"},\"wordCount\":1095,\"commentCount\":0,\"publisher\":{\"@id\":\"https:\/\/www.hsce.com.br\/#organization\"},\"image\":{\"@id\":\"https:\/\/www.hsce.com.br\/stf-discute-prazo-para-acao-rescisoria-com-impacto-na-tese-do-seculo\/#primaryimage\"},\"thumbnailUrl\":\"https:\/\/www.hsce.com.br\/wp-content\/uploads\/2025\/03\/forum_de_governadores_de_20201102209490-scaled.jpg\",\"keywords\":[\"#CARF\",\"#ICMS\"],\"articleSection\":[\"Not\u00edcias\"],\"inLanguage\":\"en-US\",\"potentialAction\":[{\"@type\":\"CommentAction\",\"name\":\"Comment\",\"target\":[\"https:\/\/www.hsce.com.br\/stf-discute-prazo-para-acao-rescisoria-com-impacto-na-tese-do-seculo\/#respond\"]}]},{\"@type\":\"WebPage\",\"@id\":\"https:\/\/www.hsce.com.br\/stf-discute-prazo-para-acao-rescisoria-com-impacto-na-tese-do-seculo\/\",\"url\":\"https:\/\/www.hsce.com.br\/stf-discute-prazo-para-acao-rescisoria-com-impacto-na-tese-do-seculo\/\",\"name\":\"STF discute prazo para a\u00e7\u00e3o rescis\u00f3ria com impacto na tese do s\u00e9culo - Hands on Solutions\",\"isPartOf\":{\"@id\":\"https:\/\/www.hsce.com.br\/#website\"},\"primaryImageOfPage\":{\"@id\":\"https:\/\/www.hsce.com.br\/stf-discute-prazo-para-acao-rescisoria-com-impacto-na-tese-do-seculo\/#primaryimage\"},\"image\":{\"@id\":\"https:\/\/www.hsce.com.br\/stf-discute-prazo-para-acao-rescisoria-com-impacto-na-tese-do-seculo\/#primaryimage\"},\"thumbnailUrl\":\"https:\/\/www.hsce.com.br\/wp-content\/uploads\/2025\/03\/forum_de_governadores_de_20201102209490-scaled.jpg\",\"datePublished\":\"2025-03-24T19:01:43+00:00\",\"dateModified\":\"2025-03-24T19:01:44+00:00\",\"breadcrumb\":{\"@id\":\"https:\/\/www.hsce.com.br\/stf-discute-prazo-para-acao-rescisoria-com-impacto-na-tese-do-seculo\/#breadcrumb\"},\"inLanguage\":\"en-US\",\"potentialAction\":[{\"@type\":\"ReadAction\",\"target\":[\"https:\/\/www.hsce.com.br\/stf-discute-prazo-para-acao-rescisoria-com-impacto-na-tese-do-seculo\/\"]}]},{\"@type\":\"ImageObject\",\"inLanguage\":\"en-US\",\"@id\":\"https:\/\/www.hsce.com.br\/stf-discute-prazo-para-acao-rescisoria-com-impacto-na-tese-do-seculo\/#primaryimage\",\"url\":\"https:\/\/www.hsce.com.br\/wp-content\/uploads\/2025\/03\/forum_de_governadores_de_20201102209490-scaled.jpg\",\"contentUrl\":\"https:\/\/www.hsce.com.br\/wp-content\/uploads\/2025\/03\/forum_de_governadores_de_20201102209490-scaled.jpg\",\"width\":2560,\"height\":1707,\"caption\":\"F\u00f3rum de Governadores discute, entre outros assuntos, a reforma tribut\u00e1ria e o ICMS sobre combust\u00edveis.\"},{\"@type\":\"BreadcrumbList\",\"@id\":\"https:\/\/www.hsce.com.br\/stf-discute-prazo-para-acao-rescisoria-com-impacto-na-tese-do-seculo\/#breadcrumb\",\"itemListElement\":[{\"@type\":\"ListItem\",\"position\":1,\"name\":\"In\u00edcio\",\"item\":\"https:\/\/www.hsce.com.br\/\"},{\"@type\":\"ListItem\",\"position\":2,\"name\":\"STF discute prazo para a\u00e7\u00e3o rescis\u00f3ria com impacto na tese do s\u00e9culo\"}]},{\"@type\":\"WebSite\",\"@id\":\"https:\/\/www.hsce.com.br\/#website\",\"url\":\"https:\/\/www.hsce.com.br\/\",\"name\":\"Hands on Solutions\",\"description\":\"\",\"publisher\":{\"@id\":\"https:\/\/www.hsce.com.br\/#organization\"},\"potentialAction\":[{\"@type\":\"SearchAction\",\"target\":{\"@type\":\"EntryPoint\",\"urlTemplate\":\"https:\/\/www.hsce.com.br\/?s={search_term_string}\"},\"query-input\":{\"@type\":\"PropertyValueSpecification\",\"valueRequired\":true,\"valueName\":\"search_term_string\"}}],\"inLanguage\":\"en-US\"},{\"@type\":\"Organization\",\"@id\":\"https:\/\/www.hsce.com.br\/#organization\",\"name\":\"Hands on Solutions\",\"url\":\"https:\/\/www.hsce.com.br\/\",\"logo\":{\"@type\":\"ImageObject\",\"inLanguage\":\"en-US\",\"@id\":\"https:\/\/www.hsce.com.br\/#\/schema\/logo\/image\/\",\"url\":\"https:\/\/www.hsce.com.br\/wp-content\/uploads\/2015\/09\/handson.png\",\"contentUrl\":\"https:\/\/www.hsce.com.br\/wp-content\/uploads\/2015\/09\/handson.png\",\"width\":230,\"height\":68,\"caption\":\"Hands on Solutions\"},\"image\":{\"@id\":\"https:\/\/www.hsce.com.br\/#\/schema\/logo\/image\/\"},\"sameAs\":[\"https:\/\/www.linkedin.com\/company\/hsce-ltda?trk=company_logo\"]},{\"@type\":\"Person\",\"@id\":\"https:\/\/www.hsce.com.br\/#\/schema\/person\/ce400a0e9f66b1195f845fb1fdca8b33\",\"name\":\"hsce\",\"image\":{\"@type\":\"ImageObject\",\"inLanguage\":\"en-US\",\"@id\":\"https:\/\/secure.gravatar.com\/avatar\/5cfe77ad71593df19912d9dffea7f5a8f3b3f45feff1ac302d60b22d3629b491?s=96&d=mm&r=g\",\"url\":\"https:\/\/secure.gravatar.com\/avatar\/5cfe77ad71593df19912d9dffea7f5a8f3b3f45feff1ac302d60b22d3629b491?s=96&d=mm&r=g\",\"contentUrl\":\"https:\/\/secure.gravatar.com\/avatar\/5cfe77ad71593df19912d9dffea7f5a8f3b3f45feff1ac302d60b22d3629b491?s=96&d=mm&r=g\",\"caption\":\"hsce\"},\"url\":\"https:\/\/www.hsce.com.br\/en\/author\/hsce\/\"}]}<\/script>\n<!-- \/ Yoast SEO plugin. -->","yoast_head_json":{"title":"STF discute prazo para a\u00e7\u00e3o rescis\u00f3ria com impacto na tese do s\u00e9culo - Hands on Solutions","robots":{"index":"index","follow":"follow","max-snippet":"max-snippet:-1","max-image-preview":"max-image-preview:large","max-video-preview":"max-video-preview:-1"},"canonical":"https:\/\/www.hsce.com.br\/en\/stf-discute-prazo-para-acao-rescisoria-com-impacto-na-tese-do-seculo\/","og_locale":"en_US","og_type":"article","og_title":"STF discute prazo para a\u00e7\u00e3o rescis\u00f3ria com impacto na tese do s\u00e9culo - Hands on Solutions","og_description":"Prazo para a\u00e7\u00e3o rescis\u00f3ria com impacto na &#8220;tese do s\u00e9culo&#8221;, quinta-feira (27\/3) O Supremo Tribunal Federal (STF) discute quest\u00e3o de ordem na&nbsp;AR 2876&nbsp;para tratar da constitucionalidade do prazo decadencial para ajuizamento de a\u00e7\u00e3o rescis\u00f3ria previsto nos artigos 525 e 535 do C\u00f3digo de Processo Civil (CPC). A decis\u00e3o pode afetar a validade das a\u00e7\u00f5es rescis\u00f3rias [&hellip;]","og_url":"https:\/\/www.hsce.com.br\/en\/stf-discute-prazo-para-acao-rescisoria-com-impacto-na-tese-do-seculo\/","og_site_name":"Hands on Solutions","article_published_time":"2025-03-24T19:01:43+00:00","article_modified_time":"2025-03-24T19:01:44+00:00","og_image":[{"width":2560,"height":1707,"url":"https:\/\/www.hsce.com.br\/wp-content\/uploads\/2025\/03\/forum_de_governadores_de_20201102209490-scaled.jpg","type":"image\/jpeg"}],"author":"hsce","twitter_misc":{"Written by":"hsce","Est. reading time":"6 minutes"},"schema":{"@context":"https:\/\/schema.org","@graph":[{"@type":"Article","@id":"https:\/\/www.hsce.com.br\/stf-discute-prazo-para-acao-rescisoria-com-impacto-na-tese-do-seculo\/#article","isPartOf":{"@id":"https:\/\/www.hsce.com.br\/stf-discute-prazo-para-acao-rescisoria-com-impacto-na-tese-do-seculo\/"},"author":{"name":"hsce","@id":"https:\/\/www.hsce.com.br\/#\/schema\/person\/ce400a0e9f66b1195f845fb1fdca8b33"},"headline":"STF discute prazo para a\u00e7\u00e3o rescis\u00f3ria com impacto na tese do s\u00e9culo","datePublished":"2025-03-24T19:01:43+00:00","dateModified":"2025-03-24T19:01:44+00:00","mainEntityOfPage":{"@id":"https:\/\/www.hsce.com.br\/stf-discute-prazo-para-acao-rescisoria-com-impacto-na-tese-do-seculo\/"},"wordCount":1095,"commentCount":0,"publisher":{"@id":"https:\/\/www.hsce.com.br\/#organization"},"image":{"@id":"https:\/\/www.hsce.com.br\/stf-discute-prazo-para-acao-rescisoria-com-impacto-na-tese-do-seculo\/#primaryimage"},"thumbnailUrl":"https:\/\/www.hsce.com.br\/wp-content\/uploads\/2025\/03\/forum_de_governadores_de_20201102209490-scaled.jpg","keywords":["#CARF","#ICMS"],"articleSection":["Not\u00edcias"],"inLanguage":"en-US","potentialAction":[{"@type":"CommentAction","name":"Comment","target":["https:\/\/www.hsce.com.br\/stf-discute-prazo-para-acao-rescisoria-com-impacto-na-tese-do-seculo\/#respond"]}]},{"@type":"WebPage","@id":"https:\/\/www.hsce.com.br\/stf-discute-prazo-para-acao-rescisoria-com-impacto-na-tese-do-seculo\/","url":"https:\/\/www.hsce.com.br\/stf-discute-prazo-para-acao-rescisoria-com-impacto-na-tese-do-seculo\/","name":"STF discute prazo para a\u00e7\u00e3o rescis\u00f3ria com impacto na tese do s\u00e9culo - Hands on Solutions","isPartOf":{"@id":"https:\/\/www.hsce.com.br\/#website"},"primaryImageOfPage":{"@id":"https:\/\/www.hsce.com.br\/stf-discute-prazo-para-acao-rescisoria-com-impacto-na-tese-do-seculo\/#primaryimage"},"image":{"@id":"https:\/\/www.hsce.com.br\/stf-discute-prazo-para-acao-rescisoria-com-impacto-na-tese-do-seculo\/#primaryimage"},"thumbnailUrl":"https:\/\/www.hsce.com.br\/wp-content\/uploads\/2025\/03\/forum_de_governadores_de_20201102209490-scaled.jpg","datePublished":"2025-03-24T19:01:43+00:00","dateModified":"2025-03-24T19:01:44+00:00","breadcrumb":{"@id":"https:\/\/www.hsce.com.br\/stf-discute-prazo-para-acao-rescisoria-com-impacto-na-tese-do-seculo\/#breadcrumb"},"inLanguage":"en-US","potentialAction":[{"@type":"ReadAction","target":["https:\/\/www.hsce.com.br\/stf-discute-prazo-para-acao-rescisoria-com-impacto-na-tese-do-seculo\/"]}]},{"@type":"ImageObject","inLanguage":"en-US","@id":"https:\/\/www.hsce.com.br\/stf-discute-prazo-para-acao-rescisoria-com-impacto-na-tese-do-seculo\/#primaryimage","url":"https:\/\/www.hsce.com.br\/wp-content\/uploads\/2025\/03\/forum_de_governadores_de_20201102209490-scaled.jpg","contentUrl":"https:\/\/www.hsce.com.br\/wp-content\/uploads\/2025\/03\/forum_de_governadores_de_20201102209490-scaled.jpg","width":2560,"height":1707,"caption":"F\u00f3rum de Governadores discute, entre outros assuntos, a reforma tribut\u00e1ria e o ICMS sobre combust\u00edveis."},{"@type":"BreadcrumbList","@id":"https:\/\/www.hsce.com.br\/stf-discute-prazo-para-acao-rescisoria-com-impacto-na-tese-do-seculo\/#breadcrumb","itemListElement":[{"@type":"ListItem","position":1,"name":"In\u00edcio","item":"https:\/\/www.hsce.com.br\/"},{"@type":"ListItem","position":2,"name":"STF discute prazo para a\u00e7\u00e3o rescis\u00f3ria com impacto na tese do s\u00e9culo"}]},{"@type":"WebSite","@id":"https:\/\/www.hsce.com.br\/#website","url":"https:\/\/www.hsce.com.br\/","name":"Hands on Solutions","description":"","publisher":{"@id":"https:\/\/www.hsce.com.br\/#organization"},"potentialAction":[{"@type":"SearchAction","target":{"@type":"EntryPoint","urlTemplate":"https:\/\/www.hsce.com.br\/?s={search_term_string}"},"query-input":{"@type":"PropertyValueSpecification","valueRequired":true,"valueName":"search_term_string"}}],"inLanguage":"en-US"},{"@type":"Organization","@id":"https:\/\/www.hsce.com.br\/#organization","name":"Hands on Solutions","url":"https:\/\/www.hsce.com.br\/","logo":{"@type":"ImageObject","inLanguage":"en-US","@id":"https:\/\/www.hsce.com.br\/#\/schema\/logo\/image\/","url":"https:\/\/www.hsce.com.br\/wp-content\/uploads\/2015\/09\/handson.png","contentUrl":"https:\/\/www.hsce.com.br\/wp-content\/uploads\/2015\/09\/handson.png","width":230,"height":68,"caption":"Hands on Solutions"},"image":{"@id":"https:\/\/www.hsce.com.br\/#\/schema\/logo\/image\/"},"sameAs":["https:\/\/www.linkedin.com\/company\/hsce-ltda?trk=company_logo"]},{"@type":"Person","@id":"https:\/\/www.hsce.com.br\/#\/schema\/person\/ce400a0e9f66b1195f845fb1fdca8b33","name":"hsce","image":{"@type":"ImageObject","inLanguage":"en-US","@id":"https:\/\/secure.gravatar.com\/avatar\/5cfe77ad71593df19912d9dffea7f5a8f3b3f45feff1ac302d60b22d3629b491?s=96&d=mm&r=g","url":"https:\/\/secure.gravatar.com\/avatar\/5cfe77ad71593df19912d9dffea7f5a8f3b3f45feff1ac302d60b22d3629b491?s=96&d=mm&r=g","contentUrl":"https:\/\/secure.gravatar.com\/avatar\/5cfe77ad71593df19912d9dffea7f5a8f3b3f45feff1ac302d60b22d3629b491?s=96&d=mm&r=g","caption":"hsce"},"url":"https:\/\/www.hsce.com.br\/en\/author\/hsce\/"}]}},"_links":{"self":[{"href":"https:\/\/www.hsce.com.br\/en\/wp-json\/wp\/v2\/posts\/1589","targetHints":{"allow":["GET"]}}],"collection":[{"href":"https:\/\/www.hsce.com.br\/en\/wp-json\/wp\/v2\/posts"}],"about":[{"href":"https:\/\/www.hsce.com.br\/en\/wp-json\/wp\/v2\/types\/post"}],"author":[{"embeddable":true,"href":"https:\/\/www.hsce.com.br\/en\/wp-json\/wp\/v2\/users\/8"}],"replies":[{"embeddable":true,"href":"https:\/\/www.hsce.com.br\/en\/wp-json\/wp\/v2\/comments?post=1589"}],"version-history":[{"count":1,"href":"https:\/\/www.hsce.com.br\/en\/wp-json\/wp\/v2\/posts\/1589\/revisions"}],"predecessor-version":[{"id":1590,"href":"https:\/\/www.hsce.com.br\/en\/wp-json\/wp\/v2\/posts\/1589\/revisions\/1590"}],"wp:featuredmedia":[{"embeddable":true,"href":"https:\/\/www.hsce.com.br\/en\/wp-json\/wp\/v2\/media\/1565"}],"wp:attachment":[{"href":"https:\/\/www.hsce.com.br\/en\/wp-json\/wp\/v2\/media?parent=1589"}],"wp:term":[{"taxonomy":"category","embeddable":true,"href":"https:\/\/www.hsce.com.br\/en\/wp-json\/wp\/v2\/categories?post=1589"},{"taxonomy":"post_tag","embeddable":true,"href":"https:\/\/www.hsce.com.br\/en\/wp-json\/wp\/v2\/tags?post=1589"}],"curies":[{"name":"wp","href":"https:\/\/api.w.org\/{rel}","templated":true}]}}