{"id":1582,"date":"2025-03-17T11:49:28","date_gmt":"2025-03-17T11:49:28","guid":{"rendered":"https:\/\/www.hsce.com.br\/?p=1582"},"modified":"2025-03-17T11:49:28","modified_gmt":"2025-03-17T11:49:28","slug":"periodo-de-apuracao-para-compensacao-se-refere-a-data-do-fato-gerador-do-tributo-diz-stj","status":"publish","type":"post","link":"https:\/\/www.hsce.com.br\/en\/periodo-de-apuracao-para-compensacao-se-refere-a-data-do-fato-gerador-do-tributo-diz-stj\/","title":{"rendered":"Per\u00edodo de apura\u00e7\u00e3o para compensa\u00e7\u00e3o se refere \u00e0 data do fato gerador do tributo, diz STJ"},"content":{"rendered":"<p>Por unanimidade, a 1\u00aa Turma do Superior Tribunal de Justi\u00e7a (STJ) decidiu que o per\u00edodo de apura\u00e7\u00e3o, previsto na Lei 11.457\/07 para fins de compensa\u00e7\u00e3o de cr\u00e9ditos, trata da data do fato gerador do tributo que originou o cr\u00e9dito, e n\u00e3o do momento em que o cr\u00e9dito foi reconhecido por a\u00e7\u00e3o judicial que transitou em julgado. O colegiado acompanhou o voto do relator, ministro S\u00e9rgio Kukina, que votou para negar o recurso do contribuinte, a empresa Fabrimar S.A. Ind\u00fastria e Com\u00e9rcio.<\/p>\n\n\n\n<p>O contribuinte recorre contra decis\u00e3o do Tribunal Regional Federal da 2\u00aa Regi\u00e3o (TRF2), que vedou compensa\u00e7\u00e3o cruzada de contribui\u00e7\u00f5es previdenci\u00e1rias. O entendimento da segunda inst\u00e2ncia \u00e9 de que os tributos em quest\u00e3o s\u00e3o administrados pela Receita Federal e t\u00eam per\u00edodo de apura\u00e7\u00e3o anterior \u00e0 utiliza\u00e7\u00e3o do e-Social, o que \u00e9 proibido pela Lei 11.457\/07. Na pr\u00e1tica, a Receita Federal impede a utiliza\u00e7\u00e3o dos cr\u00e9ditos reconhecidos depois da implementa\u00e7\u00e3o do e-Social quando esses cr\u00e9ditos se referem a tributos com fatos geradores anteriores ao sistema.<\/p>\n\n\n\n<p>O contribuinte alegava que o per\u00edodo de apura\u00e7\u00e3o citado na legisla\u00e7\u00e3o se refere ao momento em que o cr\u00e9dito foi reconhecido, e n\u00e3o \u00e0 data do fato gerador do tributo que originou o cr\u00e9dito.<\/p>\n\n\n\n<p>Em seu voto, Kukina concluiu que o julgado no TRF2 foi conduzido \u201cde maneira adequada\u201d. Para o relator, o fato de a decis\u00e3o judicial que reconheceu o cr\u00e9dito ter transitado em julgado ap\u00f3s a ado\u00e7\u00e3o do regime do e-Social n\u00e3o garante a pretens\u00e3o da compensa\u00e7\u00e3o cruzada.<\/p>\n\n\n\n<p>\u201cEmbora se tenha reconhecido judicialmente o cr\u00e9dito, esses cr\u00e9ditos est\u00e3o ligados a tributos cujo fato gerador ocorreu efetivamente antes da ado\u00e7\u00e3o do modelo do e-Social\u201d, disse o ministro.<\/p>\n\n\n\n<blockquote class=\"wp-block-quote is-layout-flow wp-block-quote-is-layout-flow\">\n<p>Source:&nbsp;<a href=\"https:\/\/www.jota.info\/tributos\/periodo-de-apuracao-para-compensacao-se-refere-a-data-do-fato-gerador-do-tributo-diz-stj\">https:\/\/www.jota.info\/tributos\/periodo-de-apuracao-para-compensacao-se-refere-a-data-do-fato-gerador-do-tributo-diz-stj<\/a><\/p>\n<\/blockquote>","protected":false},"excerpt":{"rendered":"<p>Por unanimidade, a 1\u00aa Turma do Superior Tribunal de Justi\u00e7a (STJ) decidiu que o per\u00edodo de apura\u00e7\u00e3o, previsto na Lei 11.457\/07 para fins de compensa\u00e7\u00e3o de cr\u00e9ditos, trata da data do fato gerador do tributo que originou o cr\u00e9dito, e n\u00e3o do momento em que o cr\u00e9dito foi reconhecido por a\u00e7\u00e3o judicial que transitou em [&hellip;]<\/p>","protected":false},"author":8,"featured_media":1497,"comment_status":"open","ping_status":"open","sticky":false,"template":"","format":"standard","meta":{"_monsterinsights_skip_tracking":false,"_monsterinsights_sitenote_active":false,"_monsterinsights_sitenote_note":"","_monsterinsights_sitenote_category":0,"footnotes":""},"categories":[76],"tags":[155,274],"class_list":["post-1582","post","type-post","status-publish","format-standard","has-post-thumbnail","hentry","category-noticias","tag-stj-2","tag-tributos-2"],"yoast_head":"<!-- This site is optimized with the Yoast SEO plugin v27.2 - https:\/\/yoast.com\/product\/yoast-seo-wordpress\/ -->\n<title>Per\u00edodo de apura\u00e7\u00e3o para compensa\u00e7\u00e3o se refere \u00e0 data do fato gerador do tributo, diz STJ - Hands on Solutions<\/title>\n<meta name=\"robots\" content=\"index, follow, max-snippet:-1, max-image-preview:large, max-video-preview:-1\" \/>\n<link rel=\"canonical\" href=\"https:\/\/www.hsce.com.br\/en\/periodo-de-apuracao-para-compensacao-se-refere-a-data-do-fato-gerador-do-tributo-diz-stj\/\" \/>\n<meta property=\"og:locale\" content=\"en_US\" \/>\n<meta property=\"og:type\" content=\"article\" \/>\n<meta property=\"og:title\" content=\"Per\u00edodo de apura\u00e7\u00e3o para compensa\u00e7\u00e3o se refere \u00e0 data do fato gerador do tributo, diz STJ - Hands on Solutions\" \/>\n<meta property=\"og:description\" content=\"Por unanimidade, a 1\u00aa Turma do Superior Tribunal de Justi\u00e7a (STJ) decidiu que o per\u00edodo de apura\u00e7\u00e3o, previsto na Lei 11.457\/07 para fins de compensa\u00e7\u00e3o de cr\u00e9ditos, trata da data do fato gerador do tributo que originou o cr\u00e9dito, e n\u00e3o do momento em que o cr\u00e9dito foi reconhecido por a\u00e7\u00e3o judicial que transitou em [&hellip;]\" \/>\n<meta property=\"og:url\" content=\"https:\/\/www.hsce.com.br\/en\/periodo-de-apuracao-para-compensacao-se-refere-a-data-do-fato-gerador-do-tributo-diz-stj\/\" \/>\n<meta property=\"og:site_name\" content=\"Hands on Solutions\" \/>\n<meta property=\"article:published_time\" content=\"2025-03-17T11:49:28+00:00\" \/>\n<meta property=\"og:image\" content=\"https:\/\/www.hsce.com.br\/wp-content\/uploads\/2025\/01\/pzzb4014-1-scaled.jpg\" \/>\n\t<meta property=\"og:image:width\" content=\"2560\" \/>\n\t<meta property=\"og:image:height\" content=\"1706\" \/>\n\t<meta property=\"og:image:type\" content=\"image\/jpeg\" \/>\n<meta name=\"author\" content=\"hsce\" \/>\n<meta name=\"twitter:label1\" content=\"Written by\" \/>\n\t<meta name=\"twitter:data1\" content=\"hsce\" \/>\n\t<meta name=\"twitter:label2\" content=\"Est. reading time\" \/>\n\t<meta name=\"twitter:data2\" content=\"2 minutes\" \/>\n<script type=\"application\/ld+json\" class=\"yoast-schema-graph\">{\"@context\":\"https:\/\/schema.org\",\"@graph\":[{\"@type\":\"Article\",\"@id\":\"https:\/\/www.hsce.com.br\/periodo-de-apuracao-para-compensacao-se-refere-a-data-do-fato-gerador-do-tributo-diz-stj\/#article\",\"isPartOf\":{\"@id\":\"https:\/\/www.hsce.com.br\/periodo-de-apuracao-para-compensacao-se-refere-a-data-do-fato-gerador-do-tributo-diz-stj\/\"},\"author\":{\"name\":\"hsce\",\"@id\":\"https:\/\/www.hsce.com.br\/#\/schema\/person\/ce400a0e9f66b1195f845fb1fdca8b33\"},\"headline\":\"Per\u00edodo de apura\u00e7\u00e3o para compensa\u00e7\u00e3o se refere \u00e0 data do fato gerador do tributo, diz STJ\",\"datePublished\":\"2025-03-17T11:49:28+00:00\",\"mainEntityOfPage\":{\"@id\":\"https:\/\/www.hsce.com.br\/periodo-de-apuracao-para-compensacao-se-refere-a-data-do-fato-gerador-do-tributo-diz-stj\/\"},\"wordCount\":337,\"commentCount\":0,\"publisher\":{\"@id\":\"https:\/\/www.hsce.com.br\/#organization\"},\"image\":{\"@id\":\"https:\/\/www.hsce.com.br\/periodo-de-apuracao-para-compensacao-se-refere-a-data-do-fato-gerador-do-tributo-diz-stj\/#primaryimage\"},\"thumbnailUrl\":\"https:\/\/www.hsce.com.br\/wp-content\/uploads\/2025\/01\/pzzb4014-1-scaled.jpg\",\"keywords\":[\"#stj\",\"#tributos\"],\"articleSection\":[\"Not\u00edcias\"],\"inLanguage\":\"en-US\",\"potentialAction\":[{\"@type\":\"CommentAction\",\"name\":\"Comment\",\"target\":[\"https:\/\/www.hsce.com.br\/periodo-de-apuracao-para-compensacao-se-refere-a-data-do-fato-gerador-do-tributo-diz-stj\/#respond\"]}]},{\"@type\":\"WebPage\",\"@id\":\"https:\/\/www.hsce.com.br\/periodo-de-apuracao-para-compensacao-se-refere-a-data-do-fato-gerador-do-tributo-diz-stj\/\",\"url\":\"https:\/\/www.hsce.com.br\/periodo-de-apuracao-para-compensacao-se-refere-a-data-do-fato-gerador-do-tributo-diz-stj\/\",\"name\":\"Per\u00edodo de apura\u00e7\u00e3o para compensa\u00e7\u00e3o se refere \u00e0 data do fato gerador do tributo, diz STJ - Hands on Solutions\",\"isPartOf\":{\"@id\":\"https:\/\/www.hsce.com.br\/#website\"},\"primaryImageOfPage\":{\"@id\":\"https:\/\/www.hsce.com.br\/periodo-de-apuracao-para-compensacao-se-refere-a-data-do-fato-gerador-do-tributo-diz-stj\/#primaryimage\"},\"image\":{\"@id\":\"https:\/\/www.hsce.com.br\/periodo-de-apuracao-para-compensacao-se-refere-a-data-do-fato-gerador-do-tributo-diz-stj\/#primaryimage\"},\"thumbnailUrl\":\"https:\/\/www.hsce.com.br\/wp-content\/uploads\/2025\/01\/pzzb4014-1-scaled.jpg\",\"datePublished\":\"2025-03-17T11:49:28+00:00\",\"breadcrumb\":{\"@id\":\"https:\/\/www.hsce.com.br\/periodo-de-apuracao-para-compensacao-se-refere-a-data-do-fato-gerador-do-tributo-diz-stj\/#breadcrumb\"},\"inLanguage\":\"en-US\",\"potentialAction\":[{\"@type\":\"ReadAction\",\"target\":[\"https:\/\/www.hsce.com.br\/periodo-de-apuracao-para-compensacao-se-refere-a-data-do-fato-gerador-do-tributo-diz-stj\/\"]}]},{\"@type\":\"ImageObject\",\"inLanguage\":\"en-US\",\"@id\":\"https:\/\/www.hsce.com.br\/periodo-de-apuracao-para-compensacao-se-refere-a-data-do-fato-gerador-do-tributo-diz-stj\/#primaryimage\",\"url\":\"https:\/\/www.hsce.com.br\/wp-content\/uploads\/2025\/01\/pzzb4014-1-scaled.jpg\",\"contentUrl\":\"https:\/\/www.hsce.com.br\/wp-content\/uploads\/2025\/01\/pzzb4014-1-scaled.jpg\",\"width\":2560,\"height\":1706,\"caption\":\"O pr\u00e9dio do Supremo Tribunal Federal (STF) \u00e9 um dos monumentos de Bras\u00edlia iluminados de rosa para a campanha Outubro Rosa, de conscientiza\u00e7\u00e3o sobre a import\u00e2ncia da detec\u00e7\u00e3o precoce do c\u00e2ncer de mama\"},{\"@type\":\"BreadcrumbList\",\"@id\":\"https:\/\/www.hsce.com.br\/periodo-de-apuracao-para-compensacao-se-refere-a-data-do-fato-gerador-do-tributo-diz-stj\/#breadcrumb\",\"itemListElement\":[{\"@type\":\"ListItem\",\"position\":1,\"name\":\"In\u00edcio\",\"item\":\"https:\/\/www.hsce.com.br\/\"},{\"@type\":\"ListItem\",\"position\":2,\"name\":\"Per\u00edodo de apura\u00e7\u00e3o para compensa\u00e7\u00e3o se refere \u00e0 data do fato gerador do tributo, diz STJ\"}]},{\"@type\":\"WebSite\",\"@id\":\"https:\/\/www.hsce.com.br\/#website\",\"url\":\"https:\/\/www.hsce.com.br\/\",\"name\":\"Hands on Solutions\",\"description\":\"\",\"publisher\":{\"@id\":\"https:\/\/www.hsce.com.br\/#organization\"},\"potentialAction\":[{\"@type\":\"SearchAction\",\"target\":{\"@type\":\"EntryPoint\",\"urlTemplate\":\"https:\/\/www.hsce.com.br\/?s={search_term_string}\"},\"query-input\":{\"@type\":\"PropertyValueSpecification\",\"valueRequired\":true,\"valueName\":\"search_term_string\"}}],\"inLanguage\":\"en-US\"},{\"@type\":\"Organization\",\"@id\":\"https:\/\/www.hsce.com.br\/#organization\",\"name\":\"Hands on Solutions\",\"url\":\"https:\/\/www.hsce.com.br\/\",\"logo\":{\"@type\":\"ImageObject\",\"inLanguage\":\"en-US\",\"@id\":\"https:\/\/www.hsce.com.br\/#\/schema\/logo\/image\/\",\"url\":\"https:\/\/www.hsce.com.br\/wp-content\/uploads\/2015\/09\/handson.png\",\"contentUrl\":\"https:\/\/www.hsce.com.br\/wp-content\/uploads\/2015\/09\/handson.png\",\"width\":230,\"height\":68,\"caption\":\"Hands on Solutions\"},\"image\":{\"@id\":\"https:\/\/www.hsce.com.br\/#\/schema\/logo\/image\/\"},\"sameAs\":[\"https:\/\/www.linkedin.com\/company\/hsce-ltda?trk=company_logo\"]},{\"@type\":\"Person\",\"@id\":\"https:\/\/www.hsce.com.br\/#\/schema\/person\/ce400a0e9f66b1195f845fb1fdca8b33\",\"name\":\"hsce\",\"image\":{\"@type\":\"ImageObject\",\"inLanguage\":\"en-US\",\"@id\":\"https:\/\/secure.gravatar.com\/avatar\/5cfe77ad71593df19912d9dffea7f5a8f3b3f45feff1ac302d60b22d3629b491?s=96&d=mm&r=g\",\"url\":\"https:\/\/secure.gravatar.com\/avatar\/5cfe77ad71593df19912d9dffea7f5a8f3b3f45feff1ac302d60b22d3629b491?s=96&d=mm&r=g\",\"contentUrl\":\"https:\/\/secure.gravatar.com\/avatar\/5cfe77ad71593df19912d9dffea7f5a8f3b3f45feff1ac302d60b22d3629b491?s=96&d=mm&r=g\",\"caption\":\"hsce\"},\"url\":\"https:\/\/www.hsce.com.br\/en\/author\/hsce\/\"}]}<\/script>\n<!-- \/ Yoast SEO plugin. -->","yoast_head_json":{"title":"Per\u00edodo de apura\u00e7\u00e3o para compensa\u00e7\u00e3o se refere \u00e0 data do fato gerador do tributo, diz STJ - Hands on Solutions","robots":{"index":"index","follow":"follow","max-snippet":"max-snippet:-1","max-image-preview":"max-image-preview:large","max-video-preview":"max-video-preview:-1"},"canonical":"https:\/\/www.hsce.com.br\/en\/periodo-de-apuracao-para-compensacao-se-refere-a-data-do-fato-gerador-do-tributo-diz-stj\/","og_locale":"en_US","og_type":"article","og_title":"Per\u00edodo de apura\u00e7\u00e3o para compensa\u00e7\u00e3o se refere \u00e0 data do fato gerador do tributo, diz STJ - Hands on Solutions","og_description":"Por unanimidade, a 1\u00aa Turma do Superior Tribunal de Justi\u00e7a (STJ) decidiu que o per\u00edodo de apura\u00e7\u00e3o, previsto na Lei 11.457\/07 para fins de compensa\u00e7\u00e3o de cr\u00e9ditos, trata da data do fato gerador do tributo que originou o cr\u00e9dito, e n\u00e3o do momento em que o cr\u00e9dito foi reconhecido por a\u00e7\u00e3o judicial que transitou em [&hellip;]","og_url":"https:\/\/www.hsce.com.br\/en\/periodo-de-apuracao-para-compensacao-se-refere-a-data-do-fato-gerador-do-tributo-diz-stj\/","og_site_name":"Hands on Solutions","article_published_time":"2025-03-17T11:49:28+00:00","og_image":[{"width":2560,"height":1706,"url":"https:\/\/www.hsce.com.br\/wp-content\/uploads\/2025\/01\/pzzb4014-1-scaled.jpg","type":"image\/jpeg"}],"author":"hsce","twitter_misc":{"Written by":"hsce","Est. reading time":"2 minutes"},"schema":{"@context":"https:\/\/schema.org","@graph":[{"@type":"Article","@id":"https:\/\/www.hsce.com.br\/periodo-de-apuracao-para-compensacao-se-refere-a-data-do-fato-gerador-do-tributo-diz-stj\/#article","isPartOf":{"@id":"https:\/\/www.hsce.com.br\/periodo-de-apuracao-para-compensacao-se-refere-a-data-do-fato-gerador-do-tributo-diz-stj\/"},"author":{"name":"hsce","@id":"https:\/\/www.hsce.com.br\/#\/schema\/person\/ce400a0e9f66b1195f845fb1fdca8b33"},"headline":"Per\u00edodo de apura\u00e7\u00e3o para compensa\u00e7\u00e3o se refere \u00e0 data do fato gerador do tributo, diz STJ","datePublished":"2025-03-17T11:49:28+00:00","mainEntityOfPage":{"@id":"https:\/\/www.hsce.com.br\/periodo-de-apuracao-para-compensacao-se-refere-a-data-do-fato-gerador-do-tributo-diz-stj\/"},"wordCount":337,"commentCount":0,"publisher":{"@id":"https:\/\/www.hsce.com.br\/#organization"},"image":{"@id":"https:\/\/www.hsce.com.br\/periodo-de-apuracao-para-compensacao-se-refere-a-data-do-fato-gerador-do-tributo-diz-stj\/#primaryimage"},"thumbnailUrl":"https:\/\/www.hsce.com.br\/wp-content\/uploads\/2025\/01\/pzzb4014-1-scaled.jpg","keywords":["#stj","#tributos"],"articleSection":["Not\u00edcias"],"inLanguage":"en-US","potentialAction":[{"@type":"CommentAction","name":"Comment","target":["https:\/\/www.hsce.com.br\/periodo-de-apuracao-para-compensacao-se-refere-a-data-do-fato-gerador-do-tributo-diz-stj\/#respond"]}]},{"@type":"WebPage","@id":"https:\/\/www.hsce.com.br\/periodo-de-apuracao-para-compensacao-se-refere-a-data-do-fato-gerador-do-tributo-diz-stj\/","url":"https:\/\/www.hsce.com.br\/periodo-de-apuracao-para-compensacao-se-refere-a-data-do-fato-gerador-do-tributo-diz-stj\/","name":"Per\u00edodo de apura\u00e7\u00e3o para compensa\u00e7\u00e3o se refere \u00e0 data do fato gerador do tributo, diz STJ - Hands on Solutions","isPartOf":{"@id":"https:\/\/www.hsce.com.br\/#website"},"primaryImageOfPage":{"@id":"https:\/\/www.hsce.com.br\/periodo-de-apuracao-para-compensacao-se-refere-a-data-do-fato-gerador-do-tributo-diz-stj\/#primaryimage"},"image":{"@id":"https:\/\/www.hsce.com.br\/periodo-de-apuracao-para-compensacao-se-refere-a-data-do-fato-gerador-do-tributo-diz-stj\/#primaryimage"},"thumbnailUrl":"https:\/\/www.hsce.com.br\/wp-content\/uploads\/2025\/01\/pzzb4014-1-scaled.jpg","datePublished":"2025-03-17T11:49:28+00:00","breadcrumb":{"@id":"https:\/\/www.hsce.com.br\/periodo-de-apuracao-para-compensacao-se-refere-a-data-do-fato-gerador-do-tributo-diz-stj\/#breadcrumb"},"inLanguage":"en-US","potentialAction":[{"@type":"ReadAction","target":["https:\/\/www.hsce.com.br\/periodo-de-apuracao-para-compensacao-se-refere-a-data-do-fato-gerador-do-tributo-diz-stj\/"]}]},{"@type":"ImageObject","inLanguage":"en-US","@id":"https:\/\/www.hsce.com.br\/periodo-de-apuracao-para-compensacao-se-refere-a-data-do-fato-gerador-do-tributo-diz-stj\/#primaryimage","url":"https:\/\/www.hsce.com.br\/wp-content\/uploads\/2025\/01\/pzzb4014-1-scaled.jpg","contentUrl":"https:\/\/www.hsce.com.br\/wp-content\/uploads\/2025\/01\/pzzb4014-1-scaled.jpg","width":2560,"height":1706,"caption":"O pr\u00e9dio do Supremo Tribunal Federal (STF) \u00e9 um dos monumentos de Bras\u00edlia iluminados de rosa para a campanha Outubro Rosa, de conscientiza\u00e7\u00e3o sobre a import\u00e2ncia da detec\u00e7\u00e3o precoce do c\u00e2ncer de mama"},{"@type":"BreadcrumbList","@id":"https:\/\/www.hsce.com.br\/periodo-de-apuracao-para-compensacao-se-refere-a-data-do-fato-gerador-do-tributo-diz-stj\/#breadcrumb","itemListElement":[{"@type":"ListItem","position":1,"name":"In\u00edcio","item":"https:\/\/www.hsce.com.br\/"},{"@type":"ListItem","position":2,"name":"Per\u00edodo de apura\u00e7\u00e3o para compensa\u00e7\u00e3o se refere \u00e0 data do fato gerador do tributo, diz STJ"}]},{"@type":"WebSite","@id":"https:\/\/www.hsce.com.br\/#website","url":"https:\/\/www.hsce.com.br\/","name":"Hands on Solutions","description":"","publisher":{"@id":"https:\/\/www.hsce.com.br\/#organization"},"potentialAction":[{"@type":"SearchAction","target":{"@type":"EntryPoint","urlTemplate":"https:\/\/www.hsce.com.br\/?s={search_term_string}"},"query-input":{"@type":"PropertyValueSpecification","valueRequired":true,"valueName":"search_term_string"}}],"inLanguage":"en-US"},{"@type":"Organization","@id":"https:\/\/www.hsce.com.br\/#organization","name":"Hands on Solutions","url":"https:\/\/www.hsce.com.br\/","logo":{"@type":"ImageObject","inLanguage":"en-US","@id":"https:\/\/www.hsce.com.br\/#\/schema\/logo\/image\/","url":"https:\/\/www.hsce.com.br\/wp-content\/uploads\/2015\/09\/handson.png","contentUrl":"https:\/\/www.hsce.com.br\/wp-content\/uploads\/2015\/09\/handson.png","width":230,"height":68,"caption":"Hands on Solutions"},"image":{"@id":"https:\/\/www.hsce.com.br\/#\/schema\/logo\/image\/"},"sameAs":["https:\/\/www.linkedin.com\/company\/hsce-ltda?trk=company_logo"]},{"@type":"Person","@id":"https:\/\/www.hsce.com.br\/#\/schema\/person\/ce400a0e9f66b1195f845fb1fdca8b33","name":"hsce","image":{"@type":"ImageObject","inLanguage":"en-US","@id":"https:\/\/secure.gravatar.com\/avatar\/5cfe77ad71593df19912d9dffea7f5a8f3b3f45feff1ac302d60b22d3629b491?s=96&d=mm&r=g","url":"https:\/\/secure.gravatar.com\/avatar\/5cfe77ad71593df19912d9dffea7f5a8f3b3f45feff1ac302d60b22d3629b491?s=96&d=mm&r=g","contentUrl":"https:\/\/secure.gravatar.com\/avatar\/5cfe77ad71593df19912d9dffea7f5a8f3b3f45feff1ac302d60b22d3629b491?s=96&d=mm&r=g","caption":"hsce"},"url":"https:\/\/www.hsce.com.br\/en\/author\/hsce\/"}]}},"_links":{"self":[{"href":"https:\/\/www.hsce.com.br\/en\/wp-json\/wp\/v2\/posts\/1582","targetHints":{"allow":["GET"]}}],"collection":[{"href":"https:\/\/www.hsce.com.br\/en\/wp-json\/wp\/v2\/posts"}],"about":[{"href":"https:\/\/www.hsce.com.br\/en\/wp-json\/wp\/v2\/types\/post"}],"author":[{"embeddable":true,"href":"https:\/\/www.hsce.com.br\/en\/wp-json\/wp\/v2\/users\/8"}],"replies":[{"embeddable":true,"href":"https:\/\/www.hsce.com.br\/en\/wp-json\/wp\/v2\/comments?post=1582"}],"version-history":[{"count":1,"href":"https:\/\/www.hsce.com.br\/en\/wp-json\/wp\/v2\/posts\/1582\/revisions"}],"predecessor-version":[{"id":1583,"href":"https:\/\/www.hsce.com.br\/en\/wp-json\/wp\/v2\/posts\/1582\/revisions\/1583"}],"wp:featuredmedia":[{"embeddable":true,"href":"https:\/\/www.hsce.com.br\/en\/wp-json\/wp\/v2\/media\/1497"}],"wp:attachment":[{"href":"https:\/\/www.hsce.com.br\/en\/wp-json\/wp\/v2\/media?parent=1582"}],"wp:term":[{"taxonomy":"category","embeddable":true,"href":"https:\/\/www.hsce.com.br\/en\/wp-json\/wp\/v2\/categories?post=1582"},{"taxonomy":"post_tag","embeddable":true,"href":"https:\/\/www.hsce.com.br\/en\/wp-json\/wp\/v2\/tags?post=1582"}],"curies":[{"name":"wp","href":"https:\/\/api.w.org\/{rel}","templated":true}]}}