{"id":1577,"date":"2025-03-13T11:27:37","date_gmt":"2025-03-13T11:27:37","guid":{"rendered":"https:\/\/www.hsce.com.br\/?p=1577"},"modified":"2025-03-13T11:27:37","modified_gmt":"2025-03-13T11:27:37","slug":"stj-decide-que-prescricao-intercorrente-se-aplica-a-infracoes-aduaneiras","status":"publish","type":"post","link":"https:\/\/www.hsce.com.br\/en\/stj-decide-que-prescricao-intercorrente-se-aplica-a-infracoes-aduaneiras\/","title":{"rendered":"STJ decide que prescri\u00e7\u00e3o intercorrente se aplica a infra\u00e7\u00f5es aduaneiras"},"content":{"rendered":"<p>Colegiado: 1\u00aa Se\u00e7\u00e3o<\/p>\n\n\n\n<p>Processo: REsps&nbsp;<a href=\"https:\/\/processo.stj.jus.br\/processo\/pesquisa\/?tipoPesquisa=tipoPesquisaNumeroRegistro&amp;termo=202400058975\">2147578\/SP<\/a>&nbsp;e&nbsp;<a href=\"https:\/\/processo.stj.jus.br\/processo\/pesquisa\/?tipoPesquisa=tipoPesquisaNumeroRegistro&amp;termo=202400109811\">2147583\/SP<\/a>&nbsp;(Tema 1293)<\/p>\n\n\n\n<p>Partes: Schenker do Brasil Transportes Internacionais Ltda. e World Cargo &#8211; Log\u00edstica Internacional Ltda. X Fazenda Nacional<\/p>\n\n\n\n<p>Relator: Paulo S\u00e9rgio Domingues<\/p>\n\n\n\n<p>Por unanimidade, a 1\u00aa Se\u00e7\u00e3o do Superior Tribunal de Justi\u00e7a (STJ) decidiu que a prescri\u00e7\u00e3o intercorrente, ou seja, o arquivamento do processo ap\u00f3s paralisa\u00e7\u00e3o por mais de tr\u00eas anos, se aplica a infra\u00e7\u00f5es aduaneiras.<\/p>\n\n\n\n<p>Venceu o voto do relator, ministro Paulo S\u00e9rgio Domingues, que prop\u00f4s a seguinte tese: \u201cincide a prescri\u00e7\u00e3o intercorrente, prevista no artigo 1\u00ba, \u00a71\u00ba da &nbsp;<strong><u><a href=\"https:\/\/www.planalto.gov.br\/ccivil_03\/leis\/l9873.htm\">Lei 9.873\/1999<\/a><\/u><\/strong>&nbsp;, quando paralisado o processo administrativo de apura\u00e7\u00f5es aduaneiras, de natureza n\u00e3o tribut\u00e1ria, por mais de tr\u00eas anos\u201d.<\/p>\n\n\n\n<p>A tese define que a natureza jur\u00eddica do cr\u00e9dito correspondente \u00e0 san\u00e7\u00e3o pela infra\u00e7\u00e3o \u00e0 lei aduaneira \u00e9 de direito administrativo, n\u00e3o tribut\u00e1rio. Al\u00e9m disso, os ministros concordaram que essa prescri\u00e7\u00e3o n\u00e3o incidir\u00e1 apenas se a obriga\u00e7\u00e3o descumprida, mesmo que inserida em \u201cambiente aduaneiro\u201d, destinava-se \u00e0 arrecada\u00e7\u00e3o e \u00e0 fiscaliza\u00e7\u00e3o dos tributos incidentes sobre a opera\u00e7\u00e3o.<\/p>\n\n\n\n<p>A jurisprud\u00eancia da 1\u00aa e da 2\u00aa Turmas j\u00e1 era favor\u00e1vel \u00e0 aplica\u00e7\u00e3o da prescri\u00e7\u00e3o nesses casos. Agora, com a decis\u00e3o na sistem\u00e1tica dos repetitivos, o entendimento deve ser seguido pelo Conselho de Administra\u00e7\u00e3o de Recursos Fiscais (Carf) e pelas demais inst\u00e2ncias do Judici\u00e1rio, com exce\u00e7\u00e3o do Supremo Tribunal Federal (STF). O JOTA apurou, no entanto, que a tend\u00eancia \u00e9 de que o Carf aguarde o tr\u00e2nsito em julgado do processo para aplica\u00e7\u00e3o da tese fixada.<\/p>\n\n\n\n<p>Precedente favor\u00e1vel aos contribuintes<\/p>\n\n\n\n<p>Ao JOTA , o advogado Hugo Funaro, que representou um dos contribuintes envolvidos no processo, explicou que, na pr\u00e1tica, o entendimento firmado pelo STJ determina que todos os cr\u00e9ditos que sejam originados de infra\u00e7\u00f5es \u00e0 legisla\u00e7\u00e3o, que n\u00e3o sejam nem de natureza disciplinar e nem tribut\u00e1ria, est\u00e3o sujeitos \u00e0 Lei 9.873\/1999.<\/p>\n\n\n\n<p>S\u00f3cio do escrit\u00f3rio Dias de Souza Advogados Associados, Funaro explica que, no caso da prescri\u00e7\u00e3o intercorrente, n\u00e3o \u00e9 o rito do processo que determina qual a norma de decad\u00eancia aplicada, mas sim a natureza, o motivo pelo qual aquele cr\u00e9dito foi constitu\u00eddo.<\/p>\n\n\n\n<p>A fala do tributarista rebate o argumento utilizado na sustenta\u00e7\u00e3o oral feita pelo procurador da Fazenda Nacional, Marcelo Kosminsky. O procurador alegou que n\u00e3o importava a natureza do cr\u00e9dito, mas a \u201cnatureza do procedimento\u201d. Segundo Kosminsky, o procedimento da cobran\u00e7a da multa aduaneira \u00e9 de natureza fiscal e, por esse motivo, deveria ser tratada da mesma forma que uma multa tribut\u00e1ria.<\/p>\n\n\n\n<p>Na avalia\u00e7\u00e3o da advogada Vit\u00f3ria Costa Damasceno, do Piquet, Magaldi e Guedes Advogados, a lei tem o objetivo de promover seguran\u00e7a aos jurisdicionados, que, segundo ela, n\u00e3o podem ficar \u201cindefinidamente\u201d sob a \u201camea\u00e7a\u201d de serem penalizados por fatos passados, nem de serem prejudicados pela demora administra\u00e7\u00e3o p\u00fablica.<\/p>\n\n\n\n<p>Damasceno explica que o principal argumento da Fazenda Nacional para afastar a aplica\u00e7\u00e3o da lei nesse caso foi o princ\u00edpio da especialidade, j\u00e1 que o&nbsp;<a href=\"https:\/\/www2.camara.leg.br\/legin\/fed\/decret\/1970-1979\/decreto-70232-3-marco-1972-418550-publicacaooriginal-1-pe.html\">Decreto 70.232\/1972<\/a>&nbsp;, que regulamenta o processo administrativo fiscal, n\u00e3o prev\u00ea hip\u00f3tese de prescri\u00e7\u00e3o intercorrente e n\u00e3o estabelece prazo para a conclus\u00e3o do processo. No entanto, ela aponta que as duas turmas da 1\u00aa Se\u00e7\u00e3o j\u00e1 tinham decis\u00f5es favor\u00e1veis pela aplica\u00e7\u00e3o da Lei 9.873\/1999 sobre processos administrativos de apura\u00e7\u00e3o de infra\u00e7\u00f5es aduaneiras.<\/p>\n\n\n\n<p>No Carf<\/p>\n\n\n\n<p>Especialistas ouvidos pelo JOTA afirmam que o entendimento da Corte n\u00e3o deve ter aplica\u00e7\u00e3o imediata no Carf. Um dos principais motivos \u00e9 que o Regimento Interno do conselho prev\u00ea a obriga\u00e7\u00e3o de reproduzir as decis\u00f5es de m\u00e9rito, proferidas pelo Supremo e pelo STJ, apenas quando j\u00e1 tiverem transitado em julgado (artigo 99). O regimento tamb\u00e9m determina o sobrestamento dos processos nestes casos (artigo 100).<\/p>\n\n\n\n<p>H\u00e1 expectativa de que o julgamento reacenda o debate acerca da S\u00famula 11 do tribunal administrativo. Aprovado em 2006, o enunciado prev\u00ea que a prescri\u00e7\u00e3o intercorrente n\u00e3o se aplica ao processo administrativo fiscal. Como mostrou reportagem do JOTA , a jurisprud\u00eancia atual no Carf \u00e9 pela aplica\u00e7\u00e3o da s\u00famula de forma generalizada, ou seja, sem fazer distin\u00e7\u00e3o para as infra\u00e7\u00f5es aduaneiras. Hoje, apenas a conselheira Mariel Orsi Gameiro, da 2\u00aa Turma da 4\u00aa C\u00e2mara da 3\u00aa Se\u00e7\u00e3o, faz o distinguishing da s\u00famula em rela\u00e7\u00e3o \u00e0s infra\u00e7\u00f5es aduaneiras.<\/p>\n\n\n\n<p>O advogado Carlos Daniel Neto, s\u00f3cio do Daniel &amp; Diniz Advocacia Tribut\u00e1ria, relembra que a discuss\u00e3o no Carf vem crescendo ao longo dos anos e \u00e9 sens\u00edvel devido a um&nbsp;<a href=\"https:\/\/www.jota.info\/tributos\/carf-perda-mandato-fazenda\">epis\u00f3dio ocorrido em 2021<\/a>&nbsp;. \u201cA discuss\u00e3o encontrava limite na s\u00famula Carf 11, tanto que houve uma discuss\u00e3o que gerou amea\u00e7a de perda de mandato para conselheiros que sustentaram o distinguishing desta s\u00famula para cr\u00e9ditos n\u00e3o tribut\u00e1rios\u201d, afirmou.<\/p>\n\n\n\n<p>Agora, com a decis\u00e3o do STJ, o tributarista diz que \u201cas multas aduaneiras, mesmo julgadas pelo Carf, est\u00e3o sujeitas \u00e0 prescri\u00e7\u00e3o intercorrente de tr\u00eas anos, como defendemos em diversos artigos desde 2021\u201d.<\/p>\n\n\n\n<blockquote class=\"wp-block-quote is-layout-flow wp-block-quote-is-layout-flow\">\n<p>Source:&nbsp;&nbsp;<a href=\"https:\/\/www.jota.info\/tributos\/direto-da-corte\/stj-decide-que-prescricao-intercorrente-se-aplica-a-infracoes-aduaneiras\">https:\/\/www.jota.info\/tributos\/direto-da-corte\/stj-decide-que-prescricao-intercorrente-se-aplica-a-infracoes-aduaneiras<\/a><\/p>\n<\/blockquote>","protected":false},"excerpt":{"rendered":"<p>Colegiado: 1\u00aa Se\u00e7\u00e3o Processo: REsps&nbsp;2147578\/SP&nbsp;e&nbsp;2147583\/SP&nbsp;(Tema 1293) Partes: Schenker do Brasil Transportes Internacionais Ltda. e World Cargo &#8211; Log\u00edstica Internacional Ltda. X Fazenda Nacional Relator: Paulo S\u00e9rgio Domingues Por unanimidade, a 1\u00aa Se\u00e7\u00e3o do Superior Tribunal de Justi\u00e7a (STJ) decidiu que a prescri\u00e7\u00e3o intercorrente, ou seja, o arquivamento do processo ap\u00f3s paralisa\u00e7\u00e3o por mais de tr\u00eas [&hellip;]<\/p>","protected":false},"author":8,"featured_media":1578,"comment_status":"open","ping_status":"open","sticky":false,"template":"","format":"standard","meta":{"_monsterinsights_skip_tracking":false,"_monsterinsights_sitenote_active":false,"_monsterinsights_sitenote_note":"","_monsterinsights_sitenote_category":0,"footnotes":""},"categories":[76],"tags":[165,155],"class_list":["post-1577","post","type-post","status-publish","format-standard","has-post-thumbnail","hentry","category-noticias","tag-carf","tag-stj-2"],"yoast_head":"<!-- This site is optimized with the Yoast SEO plugin v27.2 - https:\/\/yoast.com\/product\/yoast-seo-wordpress\/ -->\n<title>STJ decide que prescri\u00e7\u00e3o intercorrente se aplica a infra\u00e7\u00f5es aduaneiras - Hands on Solutions<\/title>\n<meta name=\"robots\" content=\"index, follow, max-snippet:-1, max-image-preview:large, max-video-preview:-1\" \/>\n<link rel=\"canonical\" href=\"https:\/\/www.hsce.com.br\/en\/stj-decide-que-prescricao-intercorrente-se-aplica-a-infracoes-aduaneiras\/\" \/>\n<meta property=\"og:locale\" content=\"en_US\" \/>\n<meta property=\"og:type\" content=\"article\" \/>\n<meta property=\"og:title\" content=\"STJ decide que prescri\u00e7\u00e3o intercorrente se aplica a infra\u00e7\u00f5es aduaneiras - Hands on Solutions\" \/>\n<meta property=\"og:description\" content=\"Colegiado: 1\u00aa Se\u00e7\u00e3o Processo: REsps&nbsp;2147578\/SP&nbsp;e&nbsp;2147583\/SP&nbsp;(Tema 1293) Partes: Schenker do Brasil Transportes Internacionais Ltda. e World Cargo &#8211; Log\u00edstica Internacional Ltda. X Fazenda Nacional Relator: Paulo S\u00e9rgio Domingues Por unanimidade, a 1\u00aa Se\u00e7\u00e3o do Superior Tribunal de Justi\u00e7a (STJ) decidiu que a prescri\u00e7\u00e3o intercorrente, ou seja, o arquivamento do processo ap\u00f3s paralisa\u00e7\u00e3o por mais de tr\u00eas [&hellip;]\" \/>\n<meta property=\"og:url\" content=\"https:\/\/www.hsce.com.br\/en\/stj-decide-que-prescricao-intercorrente-se-aplica-a-infracoes-aduaneiras\/\" \/>\n<meta property=\"og:site_name\" content=\"Hands on Solutions\" \/>\n<meta property=\"article:published_time\" content=\"2025-03-13T11:27:37+00:00\" \/>\n<meta property=\"og:image\" content=\"https:\/\/www.hsce.com.br\/wp-content\/uploads\/2025\/03\/30082023-lula4510-2-scaled.jpg\" \/>\n\t<meta property=\"og:image:width\" content=\"2560\" \/>\n\t<meta property=\"og:image:height\" content=\"1472\" \/>\n\t<meta property=\"og:image:type\" content=\"image\/jpeg\" \/>\n<meta name=\"author\" content=\"hsce\" \/>\n<meta name=\"twitter:label1\" content=\"Written by\" \/>\n\t<meta name=\"twitter:data1\" content=\"hsce\" \/>\n\t<meta name=\"twitter:label2\" content=\"Est. reading time\" \/>\n\t<meta name=\"twitter:data2\" content=\"5 minutes\" \/>\n<script type=\"application\/ld+json\" class=\"yoast-schema-graph\">{\"@context\":\"https:\/\/schema.org\",\"@graph\":[{\"@type\":\"Article\",\"@id\":\"https:\/\/www.hsce.com.br\/stj-decide-que-prescricao-intercorrente-se-aplica-a-infracoes-aduaneiras\/#article\",\"isPartOf\":{\"@id\":\"https:\/\/www.hsce.com.br\/stj-decide-que-prescricao-intercorrente-se-aplica-a-infracoes-aduaneiras\/\"},\"author\":{\"name\":\"hsce\",\"@id\":\"https:\/\/www.hsce.com.br\/#\/schema\/person\/ce400a0e9f66b1195f845fb1fdca8b33\"},\"headline\":\"STJ decide que prescri\u00e7\u00e3o intercorrente se aplica a infra\u00e7\u00f5es aduaneiras\",\"datePublished\":\"2025-03-13T11:27:37+00:00\",\"mainEntityOfPage\":{\"@id\":\"https:\/\/www.hsce.com.br\/stj-decide-que-prescricao-intercorrente-se-aplica-a-infracoes-aduaneiras\/\"},\"wordCount\":885,\"commentCount\":0,\"publisher\":{\"@id\":\"https:\/\/www.hsce.com.br\/#organization\"},\"image\":{\"@id\":\"https:\/\/www.hsce.com.br\/stj-decide-que-prescricao-intercorrente-se-aplica-a-infracoes-aduaneiras\/#primaryimage\"},\"thumbnailUrl\":\"https:\/\/www.hsce.com.br\/wp-content\/uploads\/2025\/03\/30082023-lula4510-2-scaled.jpg\",\"keywords\":[\"#CARF\",\"#stj\"],\"articleSection\":[\"Not\u00edcias\"],\"inLanguage\":\"en-US\",\"potentialAction\":[{\"@type\":\"CommentAction\",\"name\":\"Comment\",\"target\":[\"https:\/\/www.hsce.com.br\/stj-decide-que-prescricao-intercorrente-se-aplica-a-infracoes-aduaneiras\/#respond\"]}]},{\"@type\":\"WebPage\",\"@id\":\"https:\/\/www.hsce.com.br\/stj-decide-que-prescricao-intercorrente-se-aplica-a-infracoes-aduaneiras\/\",\"url\":\"https:\/\/www.hsce.com.br\/stj-decide-que-prescricao-intercorrente-se-aplica-a-infracoes-aduaneiras\/\",\"name\":\"STJ decide que prescri\u00e7\u00e3o intercorrente se aplica a infra\u00e7\u00f5es aduaneiras - Hands on Solutions\",\"isPartOf\":{\"@id\":\"https:\/\/www.hsce.com.br\/#website\"},\"primaryImageOfPage\":{\"@id\":\"https:\/\/www.hsce.com.br\/stj-decide-que-prescricao-intercorrente-se-aplica-a-infracoes-aduaneiras\/#primaryimage\"},\"image\":{\"@id\":\"https:\/\/www.hsce.com.br\/stj-decide-que-prescricao-intercorrente-se-aplica-a-infracoes-aduaneiras\/#primaryimage\"},\"thumbnailUrl\":\"https:\/\/www.hsce.com.br\/wp-content\/uploads\/2025\/03\/30082023-lula4510-2-scaled.jpg\",\"datePublished\":\"2025-03-13T11:27:37+00:00\",\"breadcrumb\":{\"@id\":\"https:\/\/www.hsce.com.br\/stj-decide-que-prescricao-intercorrente-se-aplica-a-infracoes-aduaneiras\/#breadcrumb\"},\"inLanguage\":\"en-US\",\"potentialAction\":[{\"@type\":\"ReadAction\",\"target\":[\"https:\/\/www.hsce.com.br\/stj-decide-que-prescricao-intercorrente-se-aplica-a-infracoes-aduaneiras\/\"]}]},{\"@type\":\"ImageObject\",\"inLanguage\":\"en-US\",\"@id\":\"https:\/\/www.hsce.com.br\/stj-decide-que-prescricao-intercorrente-se-aplica-a-infracoes-aduaneiras\/#primaryimage\",\"url\":\"https:\/\/www.hsce.com.br\/wp-content\/uploads\/2025\/03\/30082023-lula4510-2-scaled.jpg\",\"contentUrl\":\"https:\/\/www.hsce.com.br\/wp-content\/uploads\/2025\/03\/30082023-lula4510-2-scaled.jpg\",\"width\":2560,\"height\":1472,\"caption\":\"Bras\u00edlia (DF) 30\/08\/ 2023 Senadores discutem o projeto de lei disciplina a proclama\u00e7\u00e3o de resultados de julgamentos na hip\u00f3tese de empate na vota\u00e7\u00e3o no \u00e2mbito do Conselho Administrativo de Recursos Fiscais (Carf). Foto Lula Marques\/ Ag\u00eancia Brasil\"},{\"@type\":\"BreadcrumbList\",\"@id\":\"https:\/\/www.hsce.com.br\/stj-decide-que-prescricao-intercorrente-se-aplica-a-infracoes-aduaneiras\/#breadcrumb\",\"itemListElement\":[{\"@type\":\"ListItem\",\"position\":1,\"name\":\"In\u00edcio\",\"item\":\"https:\/\/www.hsce.com.br\/\"},{\"@type\":\"ListItem\",\"position\":2,\"name\":\"STJ decide que prescri\u00e7\u00e3o intercorrente se aplica a infra\u00e7\u00f5es aduaneiras\"}]},{\"@type\":\"WebSite\",\"@id\":\"https:\/\/www.hsce.com.br\/#website\",\"url\":\"https:\/\/www.hsce.com.br\/\",\"name\":\"Hands on Solutions\",\"description\":\"\",\"publisher\":{\"@id\":\"https:\/\/www.hsce.com.br\/#organization\"},\"potentialAction\":[{\"@type\":\"SearchAction\",\"target\":{\"@type\":\"EntryPoint\",\"urlTemplate\":\"https:\/\/www.hsce.com.br\/?s={search_term_string}\"},\"query-input\":{\"@type\":\"PropertyValueSpecification\",\"valueRequired\":true,\"valueName\":\"search_term_string\"}}],\"inLanguage\":\"en-US\"},{\"@type\":\"Organization\",\"@id\":\"https:\/\/www.hsce.com.br\/#organization\",\"name\":\"Hands on Solutions\",\"url\":\"https:\/\/www.hsce.com.br\/\",\"logo\":{\"@type\":\"ImageObject\",\"inLanguage\":\"en-US\",\"@id\":\"https:\/\/www.hsce.com.br\/#\/schema\/logo\/image\/\",\"url\":\"https:\/\/www.hsce.com.br\/wp-content\/uploads\/2015\/09\/handson.png\",\"contentUrl\":\"https:\/\/www.hsce.com.br\/wp-content\/uploads\/2015\/09\/handson.png\",\"width\":230,\"height\":68,\"caption\":\"Hands on Solutions\"},\"image\":{\"@id\":\"https:\/\/www.hsce.com.br\/#\/schema\/logo\/image\/\"},\"sameAs\":[\"https:\/\/www.linkedin.com\/company\/hsce-ltda?trk=company_logo\"]},{\"@type\":\"Person\",\"@id\":\"https:\/\/www.hsce.com.br\/#\/schema\/person\/ce400a0e9f66b1195f845fb1fdca8b33\",\"name\":\"hsce\",\"image\":{\"@type\":\"ImageObject\",\"inLanguage\":\"en-US\",\"@id\":\"https:\/\/secure.gravatar.com\/avatar\/5cfe77ad71593df19912d9dffea7f5a8f3b3f45feff1ac302d60b22d3629b491?s=96&d=mm&r=g\",\"url\":\"https:\/\/secure.gravatar.com\/avatar\/5cfe77ad71593df19912d9dffea7f5a8f3b3f45feff1ac302d60b22d3629b491?s=96&d=mm&r=g\",\"contentUrl\":\"https:\/\/secure.gravatar.com\/avatar\/5cfe77ad71593df19912d9dffea7f5a8f3b3f45feff1ac302d60b22d3629b491?s=96&d=mm&r=g\",\"caption\":\"hsce\"},\"url\":\"https:\/\/www.hsce.com.br\/en\/author\/hsce\/\"}]}<\/script>\n<!-- \/ Yoast SEO plugin. -->","yoast_head_json":{"title":"STJ decide que prescri\u00e7\u00e3o intercorrente se aplica a infra\u00e7\u00f5es aduaneiras - Hands on Solutions","robots":{"index":"index","follow":"follow","max-snippet":"max-snippet:-1","max-image-preview":"max-image-preview:large","max-video-preview":"max-video-preview:-1"},"canonical":"https:\/\/www.hsce.com.br\/en\/stj-decide-que-prescricao-intercorrente-se-aplica-a-infracoes-aduaneiras\/","og_locale":"en_US","og_type":"article","og_title":"STJ decide que prescri\u00e7\u00e3o intercorrente se aplica a infra\u00e7\u00f5es aduaneiras - Hands on Solutions","og_description":"Colegiado: 1\u00aa Se\u00e7\u00e3o Processo: REsps&nbsp;2147578\/SP&nbsp;e&nbsp;2147583\/SP&nbsp;(Tema 1293) Partes: Schenker do Brasil Transportes Internacionais Ltda. e World Cargo &#8211; Log\u00edstica Internacional Ltda. X Fazenda Nacional Relator: Paulo S\u00e9rgio Domingues Por unanimidade, a 1\u00aa Se\u00e7\u00e3o do Superior Tribunal de Justi\u00e7a (STJ) decidiu que a prescri\u00e7\u00e3o intercorrente, ou seja, o arquivamento do processo ap\u00f3s paralisa\u00e7\u00e3o por mais de tr\u00eas [&hellip;]","og_url":"https:\/\/www.hsce.com.br\/en\/stj-decide-que-prescricao-intercorrente-se-aplica-a-infracoes-aduaneiras\/","og_site_name":"Hands on Solutions","article_published_time":"2025-03-13T11:27:37+00:00","og_image":[{"width":2560,"height":1472,"url":"https:\/\/www.hsce.com.br\/wp-content\/uploads\/2025\/03\/30082023-lula4510-2-scaled.jpg","type":"image\/jpeg"}],"author":"hsce","twitter_misc":{"Written by":"hsce","Est. reading time":"5 minutes"},"schema":{"@context":"https:\/\/schema.org","@graph":[{"@type":"Article","@id":"https:\/\/www.hsce.com.br\/stj-decide-que-prescricao-intercorrente-se-aplica-a-infracoes-aduaneiras\/#article","isPartOf":{"@id":"https:\/\/www.hsce.com.br\/stj-decide-que-prescricao-intercorrente-se-aplica-a-infracoes-aduaneiras\/"},"author":{"name":"hsce","@id":"https:\/\/www.hsce.com.br\/#\/schema\/person\/ce400a0e9f66b1195f845fb1fdca8b33"},"headline":"STJ decide que prescri\u00e7\u00e3o intercorrente se aplica a infra\u00e7\u00f5es aduaneiras","datePublished":"2025-03-13T11:27:37+00:00","mainEntityOfPage":{"@id":"https:\/\/www.hsce.com.br\/stj-decide-que-prescricao-intercorrente-se-aplica-a-infracoes-aduaneiras\/"},"wordCount":885,"commentCount":0,"publisher":{"@id":"https:\/\/www.hsce.com.br\/#organization"},"image":{"@id":"https:\/\/www.hsce.com.br\/stj-decide-que-prescricao-intercorrente-se-aplica-a-infracoes-aduaneiras\/#primaryimage"},"thumbnailUrl":"https:\/\/www.hsce.com.br\/wp-content\/uploads\/2025\/03\/30082023-lula4510-2-scaled.jpg","keywords":["#CARF","#stj"],"articleSection":["Not\u00edcias"],"inLanguage":"en-US","potentialAction":[{"@type":"CommentAction","name":"Comment","target":["https:\/\/www.hsce.com.br\/stj-decide-que-prescricao-intercorrente-se-aplica-a-infracoes-aduaneiras\/#respond"]}]},{"@type":"WebPage","@id":"https:\/\/www.hsce.com.br\/stj-decide-que-prescricao-intercorrente-se-aplica-a-infracoes-aduaneiras\/","url":"https:\/\/www.hsce.com.br\/stj-decide-que-prescricao-intercorrente-se-aplica-a-infracoes-aduaneiras\/","name":"STJ decide que prescri\u00e7\u00e3o intercorrente se aplica a infra\u00e7\u00f5es aduaneiras - Hands on Solutions","isPartOf":{"@id":"https:\/\/www.hsce.com.br\/#website"},"primaryImageOfPage":{"@id":"https:\/\/www.hsce.com.br\/stj-decide-que-prescricao-intercorrente-se-aplica-a-infracoes-aduaneiras\/#primaryimage"},"image":{"@id":"https:\/\/www.hsce.com.br\/stj-decide-que-prescricao-intercorrente-se-aplica-a-infracoes-aduaneiras\/#primaryimage"},"thumbnailUrl":"https:\/\/www.hsce.com.br\/wp-content\/uploads\/2025\/03\/30082023-lula4510-2-scaled.jpg","datePublished":"2025-03-13T11:27:37+00:00","breadcrumb":{"@id":"https:\/\/www.hsce.com.br\/stj-decide-que-prescricao-intercorrente-se-aplica-a-infracoes-aduaneiras\/#breadcrumb"},"inLanguage":"en-US","potentialAction":[{"@type":"ReadAction","target":["https:\/\/www.hsce.com.br\/stj-decide-que-prescricao-intercorrente-se-aplica-a-infracoes-aduaneiras\/"]}]},{"@type":"ImageObject","inLanguage":"en-US","@id":"https:\/\/www.hsce.com.br\/stj-decide-que-prescricao-intercorrente-se-aplica-a-infracoes-aduaneiras\/#primaryimage","url":"https:\/\/www.hsce.com.br\/wp-content\/uploads\/2025\/03\/30082023-lula4510-2-scaled.jpg","contentUrl":"https:\/\/www.hsce.com.br\/wp-content\/uploads\/2025\/03\/30082023-lula4510-2-scaled.jpg","width":2560,"height":1472,"caption":"Bras\u00edlia (DF) 30\/08\/ 2023 Senadores discutem o projeto de lei disciplina a proclama\u00e7\u00e3o de resultados de julgamentos na hip\u00f3tese de empate na vota\u00e7\u00e3o no \u00e2mbito do Conselho Administrativo de Recursos Fiscais (Carf). Foto Lula Marques\/ Ag\u00eancia Brasil"},{"@type":"BreadcrumbList","@id":"https:\/\/www.hsce.com.br\/stj-decide-que-prescricao-intercorrente-se-aplica-a-infracoes-aduaneiras\/#breadcrumb","itemListElement":[{"@type":"ListItem","position":1,"name":"In\u00edcio","item":"https:\/\/www.hsce.com.br\/"},{"@type":"ListItem","position":2,"name":"STJ decide que prescri\u00e7\u00e3o intercorrente se aplica a infra\u00e7\u00f5es aduaneiras"}]},{"@type":"WebSite","@id":"https:\/\/www.hsce.com.br\/#website","url":"https:\/\/www.hsce.com.br\/","name":"Hands on Solutions","description":"","publisher":{"@id":"https:\/\/www.hsce.com.br\/#organization"},"potentialAction":[{"@type":"SearchAction","target":{"@type":"EntryPoint","urlTemplate":"https:\/\/www.hsce.com.br\/?s={search_term_string}"},"query-input":{"@type":"PropertyValueSpecification","valueRequired":true,"valueName":"search_term_string"}}],"inLanguage":"en-US"},{"@type":"Organization","@id":"https:\/\/www.hsce.com.br\/#organization","name":"Hands on Solutions","url":"https:\/\/www.hsce.com.br\/","logo":{"@type":"ImageObject","inLanguage":"en-US","@id":"https:\/\/www.hsce.com.br\/#\/schema\/logo\/image\/","url":"https:\/\/www.hsce.com.br\/wp-content\/uploads\/2015\/09\/handson.png","contentUrl":"https:\/\/www.hsce.com.br\/wp-content\/uploads\/2015\/09\/handson.png","width":230,"height":68,"caption":"Hands on Solutions"},"image":{"@id":"https:\/\/www.hsce.com.br\/#\/schema\/logo\/image\/"},"sameAs":["https:\/\/www.linkedin.com\/company\/hsce-ltda?trk=company_logo"]},{"@type":"Person","@id":"https:\/\/www.hsce.com.br\/#\/schema\/person\/ce400a0e9f66b1195f845fb1fdca8b33","name":"hsce","image":{"@type":"ImageObject","inLanguage":"en-US","@id":"https:\/\/secure.gravatar.com\/avatar\/5cfe77ad71593df19912d9dffea7f5a8f3b3f45feff1ac302d60b22d3629b491?s=96&d=mm&r=g","url":"https:\/\/secure.gravatar.com\/avatar\/5cfe77ad71593df19912d9dffea7f5a8f3b3f45feff1ac302d60b22d3629b491?s=96&d=mm&r=g","contentUrl":"https:\/\/secure.gravatar.com\/avatar\/5cfe77ad71593df19912d9dffea7f5a8f3b3f45feff1ac302d60b22d3629b491?s=96&d=mm&r=g","caption":"hsce"},"url":"https:\/\/www.hsce.com.br\/en\/author\/hsce\/"}]}},"_links":{"self":[{"href":"https:\/\/www.hsce.com.br\/en\/wp-json\/wp\/v2\/posts\/1577","targetHints":{"allow":["GET"]}}],"collection":[{"href":"https:\/\/www.hsce.com.br\/en\/wp-json\/wp\/v2\/posts"}],"about":[{"href":"https:\/\/www.hsce.com.br\/en\/wp-json\/wp\/v2\/types\/post"}],"author":[{"embeddable":true,"href":"https:\/\/www.hsce.com.br\/en\/wp-json\/wp\/v2\/users\/8"}],"replies":[{"embeddable":true,"href":"https:\/\/www.hsce.com.br\/en\/wp-json\/wp\/v2\/comments?post=1577"}],"version-history":[{"count":1,"href":"https:\/\/www.hsce.com.br\/en\/wp-json\/wp\/v2\/posts\/1577\/revisions"}],"predecessor-version":[{"id":1579,"href":"https:\/\/www.hsce.com.br\/en\/wp-json\/wp\/v2\/posts\/1577\/revisions\/1579"}],"wp:featuredmedia":[{"embeddable":true,"href":"https:\/\/www.hsce.com.br\/en\/wp-json\/wp\/v2\/media\/1578"}],"wp:attachment":[{"href":"https:\/\/www.hsce.com.br\/en\/wp-json\/wp\/v2\/media?parent=1577"}],"wp:term":[{"taxonomy":"category","embeddable":true,"href":"https:\/\/www.hsce.com.br\/en\/wp-json\/wp\/v2\/categories?post=1577"},{"taxonomy":"post_tag","embeddable":true,"href":"https:\/\/www.hsce.com.br\/en\/wp-json\/wp\/v2\/tags?post=1577"}],"curies":[{"name":"wp","href":"https:\/\/api.w.org\/{rel}","templated":true}]}}