{"id":1560,"date":"2025-03-10T20:09:39","date_gmt":"2025-03-10T20:09:39","guid":{"rendered":"https:\/\/www.hsce.com.br\/?p=1560"},"modified":"2025-03-10T20:09:40","modified_gmt":"2025-03-10T20:09:40","slug":"carf-suspende-sessoes-de-turmas-devido-a-greve-dos-auditores-fiscais","status":"publish","type":"post","link":"https:\/\/www.hsce.com.br\/en\/carf-suspende-sessoes-de-turmas-devido-a-greve-dos-auditores-fiscais\/","title":{"rendered":"Carf suspende sess\u00f5es de turmas devido \u00e0 greve dos auditores fiscais"},"content":{"rendered":"<p>O presidente do Conselho Administrativo de Recursos Fiscais (Carf), Carlos Higino, suspendeu na \u00faltima sexta-feira (7\/3) algumas sess\u00f5es de julgamento agendadas para as pr\u00f3ximas semanas do m\u00eas de mar\u00e7o. O motivo \u00e9 a ades\u00e3o \u00e0 greve por parte dos conselheiros representantes da Fazenda Nacional, o que compromete o qu\u00f3rum para os julgamentos.<\/p>\n\n\n\n<p>Ao todo, seis turmas tiveram as sess\u00f5es suspensas, s\u00e3o elas: 1\u00aa Turma da 2\u00aa C\u00e2mara 2\u00aa Se\u00e7\u00e3o, 2\u00aa Turma da 2\u00aa C\u00e2mara da 2\u00aa Se\u00e7\u00e3o, 1\u00aa Turma da 3\u00aa C\u00e2mara da 2\u00aa Se\u00e7\u00e3o, 2\u00aa Turma da 3\u00aa C\u00e2mara da 2\u00aa Se\u00e7\u00e3o, 2\u00aa Turma da 4\u00aa C\u00e2mara 2\u00aa Se\u00e7\u00e3o e 2\u00aa Turma Extraordin\u00e1ria da 2\u00aa Se\u00e7\u00e3o. A portaria traz como exce\u00e7\u00e3o de suspens\u00e3o os atos que \u201cdevam ser praticados em fun\u00e7\u00e3o de decis\u00e3o judicial\u201d.<\/p>\n\n\n\n<p>As turmas da 2\u00aa Se\u00e7\u00e3o julgam processos relacionados ao Imposto sobre a Renda de Pessoa F\u00edsica (IRPF), Imposto de Renda Retido na Fonte (IRRF), Imposto Territorial Rural (ITR) e contribui\u00e7\u00f5es previdenci\u00e1rias.<\/p>\n\n\n\n<p>At\u00e9 o momento, os julgamentos nas C\u00e2maras Superiores est\u00e3o mantidos \u2013 a 1\u00aa Turma far\u00e1 julgamentos presenciais, enquanto a 2\u00aa e 3\u00aa far\u00e3o no plen\u00e1rio virtual. O JOTA antecipou que as suspens\u00f5es deveriam ocorrer semanalmente a partir de mar\u00e7o, conforme o qu\u00f3rum e a paridade nos colegiados, devido \u00e0 intensifica\u00e7\u00e3o do movimento grevista. A tend\u00eancia, segundo os conselheiros, \u00e9 de que a paralisa\u00e7\u00e3o atinja as demais se\u00e7\u00f5es, caso as reivindica\u00e7\u00f5es da categoria n\u00e3o sejam atendidas.<\/p>\n\n\n\n<p>O presidente do Carf n\u00e3o pretendia suspender os julgamentos, considerando que tinha qu\u00f3rum para an\u00e1lise dos processos. Em um primeiro momento, os conselheiros do fisco retiraram de pauta os processos de suas relatorias, mas a ades\u00e3o \u00e0 greve cresceu nas \u00faltimas semanas, culminando na entrega de uma carta a Higino. No documento, os conselheiros do fisco informaram que n\u00e3o participariam dos julgamentos.<\/p>\n\n\n\n<p>Ao menos 37 conselheiros representantes da Fazenda permanecer\u00e3o participando das reuni\u00f5es, o que deve manter o julgamento em algumas turmas da 1\u00aa e 3\u00aa Se\u00e7\u00e3o, al\u00e9m das turmas aduaneiras. Os conselheiros fazend\u00e1rios que permanecer\u00e3o participando das sess\u00f5es devem continuar retirando ou n\u00e3o indicando os processos de sua relatoria da pauta.<\/p>\n\n\n\n<blockquote class=\"wp-block-quote is-layout-flow wp-block-quote-is-layout-flow\">\n<p>Source:&nbsp;<a href=\"https:\/\/www.jota.info\/tributos\/carf-suspende-sessoes-de-turmas-devido-a-greve-dos-auditores-fiscais\">https:\/\/www.jota.info\/tributos\/carf-suspende-sessoes-de-turmas-devido-a-greve-dos-auditores-fiscais<\/a><\/p>\n<\/blockquote>","protected":false},"excerpt":{"rendered":"<p>O presidente do Conselho Administrativo de Recursos Fiscais (Carf), Carlos Higino, suspendeu na \u00faltima sexta-feira (7\/3) algumas sess\u00f5es de julgamento agendadas para as pr\u00f3ximas semanas do m\u00eas de mar\u00e7o. O motivo \u00e9 a ades\u00e3o \u00e0 greve por parte dos conselheiros representantes da Fazenda Nacional, o que compromete o qu\u00f3rum para os julgamentos. Ao todo, seis [&hellip;]<\/p>","protected":false},"author":8,"featured_media":1473,"comment_status":"open","ping_status":"open","sticky":false,"template":"","format":"standard","meta":{"_monsterinsights_skip_tracking":false,"_monsterinsights_sitenote_active":false,"_monsterinsights_sitenote_note":"","_monsterinsights_sitenote_category":0,"footnotes":""},"categories":[76],"tags":[165],"class_list":["post-1560","post","type-post","status-publish","format-standard","has-post-thumbnail","hentry","category-noticias","tag-carf"],"yoast_head":"<!-- This site is optimized with the Yoast SEO plugin v27.2 - https:\/\/yoast.com\/product\/yoast-seo-wordpress\/ -->\n<title>Carf suspende sess\u00f5es de turmas devido \u00e0 greve dos auditores fiscais - Hands on Solutions<\/title>\n<meta name=\"robots\" content=\"index, follow, max-snippet:-1, max-image-preview:large, max-video-preview:-1\" \/>\n<link rel=\"canonical\" href=\"https:\/\/www.hsce.com.br\/en\/carf-suspende-sessoes-de-turmas-devido-a-greve-dos-auditores-fiscais\/\" \/>\n<meta property=\"og:locale\" content=\"en_US\" \/>\n<meta property=\"og:type\" content=\"article\" \/>\n<meta property=\"og:title\" content=\"Carf suspende sess\u00f5es de turmas devido \u00e0 greve dos auditores fiscais - Hands on Solutions\" \/>\n<meta property=\"og:description\" content=\"O presidente do Conselho Administrativo de Recursos Fiscais (Carf), Carlos Higino, suspendeu na \u00faltima sexta-feira (7\/3) algumas sess\u00f5es de julgamento agendadas para as pr\u00f3ximas semanas do m\u00eas de mar\u00e7o. O motivo \u00e9 a ades\u00e3o \u00e0 greve por parte dos conselheiros representantes da Fazenda Nacional, o que compromete o qu\u00f3rum para os julgamentos. Ao todo, seis [&hellip;]\" \/>\n<meta property=\"og:url\" content=\"https:\/\/www.hsce.com.br\/en\/carf-suspende-sessoes-de-turmas-devido-a-greve-dos-auditores-fiscais\/\" \/>\n<meta property=\"og:site_name\" content=\"Hands on Solutions\" \/>\n<meta property=\"article:published_time\" content=\"2025-03-10T20:09:39+00:00\" \/>\n<meta property=\"article:modified_time\" content=\"2025-03-10T20:09:40+00:00\" \/>\n<meta property=\"og:image\" content=\"https:\/\/www.hsce.com.br\/wp-content\/uploads\/2024\/09\/1087744-df_jfcruz_abr_2208172401.webp\" \/>\n\t<meta property=\"og:image:width\" content=\"1024\" \/>\n\t<meta property=\"og:image:height\" content=\"768\" \/>\n\t<meta property=\"og:image:type\" content=\"image\/webp\" \/>\n<meta name=\"author\" content=\"hsce\" \/>\n<meta name=\"twitter:label1\" content=\"Written by\" \/>\n\t<meta name=\"twitter:data1\" content=\"hsce\" \/>\n\t<meta name=\"twitter:label2\" content=\"Est. reading time\" \/>\n\t<meta name=\"twitter:data2\" content=\"3 minutes\" \/>\n<script type=\"application\/ld+json\" class=\"yoast-schema-graph\">{\"@context\":\"https:\/\/schema.org\",\"@graph\":[{\"@type\":\"Article\",\"@id\":\"https:\/\/www.hsce.com.br\/carf-suspende-sessoes-de-turmas-devido-a-greve-dos-auditores-fiscais\/#article\",\"isPartOf\":{\"@id\":\"https:\/\/www.hsce.com.br\/carf-suspende-sessoes-de-turmas-devido-a-greve-dos-auditores-fiscais\/\"},\"author\":{\"name\":\"hsce\",\"@id\":\"https:\/\/www.hsce.com.br\/#\/schema\/person\/ce400a0e9f66b1195f845fb1fdca8b33\"},\"headline\":\"Carf suspende sess\u00f5es de turmas devido \u00e0 greve dos auditores fiscais\",\"datePublished\":\"2025-03-10T20:09:39+00:00\",\"dateModified\":\"2025-03-10T20:09:40+00:00\",\"mainEntityOfPage\":{\"@id\":\"https:\/\/www.hsce.com.br\/carf-suspende-sessoes-de-turmas-devido-a-greve-dos-auditores-fiscais\/\"},\"wordCount\":385,\"commentCount\":0,\"publisher\":{\"@id\":\"https:\/\/www.hsce.com.br\/#organization\"},\"image\":{\"@id\":\"https:\/\/www.hsce.com.br\/carf-suspende-sessoes-de-turmas-devido-a-greve-dos-auditores-fiscais\/#primaryimage\"},\"thumbnailUrl\":\"https:\/\/www.hsce.com.br\/wp-content\/uploads\/2024\/09\/1087744-df_jfcruz_abr_2208172401.webp\",\"keywords\":[\"#CARF\"],\"articleSection\":[\"Not\u00edcias\"],\"inLanguage\":\"en-US\",\"potentialAction\":[{\"@type\":\"CommentAction\",\"name\":\"Comment\",\"target\":[\"https:\/\/www.hsce.com.br\/carf-suspende-sessoes-de-turmas-devido-a-greve-dos-auditores-fiscais\/#respond\"]}]},{\"@type\":\"WebPage\",\"@id\":\"https:\/\/www.hsce.com.br\/carf-suspende-sessoes-de-turmas-devido-a-greve-dos-auditores-fiscais\/\",\"url\":\"https:\/\/www.hsce.com.br\/carf-suspende-sessoes-de-turmas-devido-a-greve-dos-auditores-fiscais\/\",\"name\":\"Carf suspende sess\u00f5es de turmas devido \u00e0 greve dos auditores fiscais - Hands on Solutions\",\"isPartOf\":{\"@id\":\"https:\/\/www.hsce.com.br\/#website\"},\"primaryImageOfPage\":{\"@id\":\"https:\/\/www.hsce.com.br\/carf-suspende-sessoes-de-turmas-devido-a-greve-dos-auditores-fiscais\/#primaryimage\"},\"image\":{\"@id\":\"https:\/\/www.hsce.com.br\/carf-suspende-sessoes-de-turmas-devido-a-greve-dos-auditores-fiscais\/#primaryimage\"},\"thumbnailUrl\":\"https:\/\/www.hsce.com.br\/wp-content\/uploads\/2024\/09\/1087744-df_jfcruz_abr_2208172401.webp\",\"datePublished\":\"2025-03-10T20:09:39+00:00\",\"dateModified\":\"2025-03-10T20:09:40+00:00\",\"breadcrumb\":{\"@id\":\"https:\/\/www.hsce.com.br\/carf-suspende-sessoes-de-turmas-devido-a-greve-dos-auditores-fiscais\/#breadcrumb\"},\"inLanguage\":\"en-US\",\"potentialAction\":[{\"@type\":\"ReadAction\",\"target\":[\"https:\/\/www.hsce.com.br\/carf-suspende-sessoes-de-turmas-devido-a-greve-dos-auditores-fiscais\/\"]}]},{\"@type\":\"ImageObject\",\"inLanguage\":\"en-US\",\"@id\":\"https:\/\/www.hsce.com.br\/carf-suspende-sessoes-de-turmas-devido-a-greve-dos-auditores-fiscais\/#primaryimage\",\"url\":\"https:\/\/www.hsce.com.br\/wp-content\/uploads\/2024\/09\/1087744-df_jfcruz_abr_2208172401.webp\",\"contentUrl\":\"https:\/\/www.hsce.com.br\/wp-content\/uploads\/2024\/09\/1087744-df_jfcruz_abr_2208172401.webp\",\"width\":1024,\"height\":768},{\"@type\":\"BreadcrumbList\",\"@id\":\"https:\/\/www.hsce.com.br\/carf-suspende-sessoes-de-turmas-devido-a-greve-dos-auditores-fiscais\/#breadcrumb\",\"itemListElement\":[{\"@type\":\"ListItem\",\"position\":1,\"name\":\"In\u00edcio\",\"item\":\"https:\/\/www.hsce.com.br\/\"},{\"@type\":\"ListItem\",\"position\":2,\"name\":\"Carf suspende sess\u00f5es de turmas devido \u00e0 greve dos auditores fiscais\"}]},{\"@type\":\"WebSite\",\"@id\":\"https:\/\/www.hsce.com.br\/#website\",\"url\":\"https:\/\/www.hsce.com.br\/\",\"name\":\"Hands on Solutions\",\"description\":\"\",\"publisher\":{\"@id\":\"https:\/\/www.hsce.com.br\/#organization\"},\"potentialAction\":[{\"@type\":\"SearchAction\",\"target\":{\"@type\":\"EntryPoint\",\"urlTemplate\":\"https:\/\/www.hsce.com.br\/?s={search_term_string}\"},\"query-input\":{\"@type\":\"PropertyValueSpecification\",\"valueRequired\":true,\"valueName\":\"search_term_string\"}}],\"inLanguage\":\"en-US\"},{\"@type\":\"Organization\",\"@id\":\"https:\/\/www.hsce.com.br\/#organization\",\"name\":\"Hands on Solutions\",\"url\":\"https:\/\/www.hsce.com.br\/\",\"logo\":{\"@type\":\"ImageObject\",\"inLanguage\":\"en-US\",\"@id\":\"https:\/\/www.hsce.com.br\/#\/schema\/logo\/image\/\",\"url\":\"https:\/\/www.hsce.com.br\/wp-content\/uploads\/2015\/09\/handson.png\",\"contentUrl\":\"https:\/\/www.hsce.com.br\/wp-content\/uploads\/2015\/09\/handson.png\",\"width\":230,\"height\":68,\"caption\":\"Hands on Solutions\"},\"image\":{\"@id\":\"https:\/\/www.hsce.com.br\/#\/schema\/logo\/image\/\"},\"sameAs\":[\"https:\/\/www.linkedin.com\/company\/hsce-ltda?trk=company_logo\"]},{\"@type\":\"Person\",\"@id\":\"https:\/\/www.hsce.com.br\/#\/schema\/person\/ce400a0e9f66b1195f845fb1fdca8b33\",\"name\":\"hsce\",\"image\":{\"@type\":\"ImageObject\",\"inLanguage\":\"en-US\",\"@id\":\"https:\/\/secure.gravatar.com\/avatar\/5cfe77ad71593df19912d9dffea7f5a8f3b3f45feff1ac302d60b22d3629b491?s=96&d=mm&r=g\",\"url\":\"https:\/\/secure.gravatar.com\/avatar\/5cfe77ad71593df19912d9dffea7f5a8f3b3f45feff1ac302d60b22d3629b491?s=96&d=mm&r=g\",\"contentUrl\":\"https:\/\/secure.gravatar.com\/avatar\/5cfe77ad71593df19912d9dffea7f5a8f3b3f45feff1ac302d60b22d3629b491?s=96&d=mm&r=g\",\"caption\":\"hsce\"},\"url\":\"https:\/\/www.hsce.com.br\/en\/author\/hsce\/\"}]}<\/script>\n<!-- \/ Yoast SEO plugin. -->","yoast_head_json":{"title":"Carf suspende sess\u00f5es de turmas devido \u00e0 greve dos auditores fiscais - Hands on Solutions","robots":{"index":"index","follow":"follow","max-snippet":"max-snippet:-1","max-image-preview":"max-image-preview:large","max-video-preview":"max-video-preview:-1"},"canonical":"https:\/\/www.hsce.com.br\/en\/carf-suspende-sessoes-de-turmas-devido-a-greve-dos-auditores-fiscais\/","og_locale":"en_US","og_type":"article","og_title":"Carf suspende sess\u00f5es de turmas devido \u00e0 greve dos auditores fiscais - Hands on Solutions","og_description":"O presidente do Conselho Administrativo de Recursos Fiscais (Carf), Carlos Higino, suspendeu na \u00faltima sexta-feira (7\/3) algumas sess\u00f5es de julgamento agendadas para as pr\u00f3ximas semanas do m\u00eas de mar\u00e7o. O motivo \u00e9 a ades\u00e3o \u00e0 greve por parte dos conselheiros representantes da Fazenda Nacional, o que compromete o qu\u00f3rum para os julgamentos. Ao todo, seis [&hellip;]","og_url":"https:\/\/www.hsce.com.br\/en\/carf-suspende-sessoes-de-turmas-devido-a-greve-dos-auditores-fiscais\/","og_site_name":"Hands on Solutions","article_published_time":"2025-03-10T20:09:39+00:00","article_modified_time":"2025-03-10T20:09:40+00:00","og_image":[{"width":1024,"height":768,"url":"https:\/\/www.hsce.com.br\/wp-content\/uploads\/2024\/09\/1087744-df_jfcruz_abr_2208172401.webp","type":"image\/webp"}],"author":"hsce","twitter_misc":{"Written by":"hsce","Est. reading time":"3 minutes"},"schema":{"@context":"https:\/\/schema.org","@graph":[{"@type":"Article","@id":"https:\/\/www.hsce.com.br\/carf-suspende-sessoes-de-turmas-devido-a-greve-dos-auditores-fiscais\/#article","isPartOf":{"@id":"https:\/\/www.hsce.com.br\/carf-suspende-sessoes-de-turmas-devido-a-greve-dos-auditores-fiscais\/"},"author":{"name":"hsce","@id":"https:\/\/www.hsce.com.br\/#\/schema\/person\/ce400a0e9f66b1195f845fb1fdca8b33"},"headline":"Carf suspende sess\u00f5es de turmas devido \u00e0 greve dos auditores fiscais","datePublished":"2025-03-10T20:09:39+00:00","dateModified":"2025-03-10T20:09:40+00:00","mainEntityOfPage":{"@id":"https:\/\/www.hsce.com.br\/carf-suspende-sessoes-de-turmas-devido-a-greve-dos-auditores-fiscais\/"},"wordCount":385,"commentCount":0,"publisher":{"@id":"https:\/\/www.hsce.com.br\/#organization"},"image":{"@id":"https:\/\/www.hsce.com.br\/carf-suspende-sessoes-de-turmas-devido-a-greve-dos-auditores-fiscais\/#primaryimage"},"thumbnailUrl":"https:\/\/www.hsce.com.br\/wp-content\/uploads\/2024\/09\/1087744-df_jfcruz_abr_2208172401.webp","keywords":["#CARF"],"articleSection":["Not\u00edcias"],"inLanguage":"en-US","potentialAction":[{"@type":"CommentAction","name":"Comment","target":["https:\/\/www.hsce.com.br\/carf-suspende-sessoes-de-turmas-devido-a-greve-dos-auditores-fiscais\/#respond"]}]},{"@type":"WebPage","@id":"https:\/\/www.hsce.com.br\/carf-suspende-sessoes-de-turmas-devido-a-greve-dos-auditores-fiscais\/","url":"https:\/\/www.hsce.com.br\/carf-suspende-sessoes-de-turmas-devido-a-greve-dos-auditores-fiscais\/","name":"Carf suspende sess\u00f5es de turmas devido \u00e0 greve dos auditores fiscais - Hands on Solutions","isPartOf":{"@id":"https:\/\/www.hsce.com.br\/#website"},"primaryImageOfPage":{"@id":"https:\/\/www.hsce.com.br\/carf-suspende-sessoes-de-turmas-devido-a-greve-dos-auditores-fiscais\/#primaryimage"},"image":{"@id":"https:\/\/www.hsce.com.br\/carf-suspende-sessoes-de-turmas-devido-a-greve-dos-auditores-fiscais\/#primaryimage"},"thumbnailUrl":"https:\/\/www.hsce.com.br\/wp-content\/uploads\/2024\/09\/1087744-df_jfcruz_abr_2208172401.webp","datePublished":"2025-03-10T20:09:39+00:00","dateModified":"2025-03-10T20:09:40+00:00","breadcrumb":{"@id":"https:\/\/www.hsce.com.br\/carf-suspende-sessoes-de-turmas-devido-a-greve-dos-auditores-fiscais\/#breadcrumb"},"inLanguage":"en-US","potentialAction":[{"@type":"ReadAction","target":["https:\/\/www.hsce.com.br\/carf-suspende-sessoes-de-turmas-devido-a-greve-dos-auditores-fiscais\/"]}]},{"@type":"ImageObject","inLanguage":"en-US","@id":"https:\/\/www.hsce.com.br\/carf-suspende-sessoes-de-turmas-devido-a-greve-dos-auditores-fiscais\/#primaryimage","url":"https:\/\/www.hsce.com.br\/wp-content\/uploads\/2024\/09\/1087744-df_jfcruz_abr_2208172401.webp","contentUrl":"https:\/\/www.hsce.com.br\/wp-content\/uploads\/2024\/09\/1087744-df_jfcruz_abr_2208172401.webp","width":1024,"height":768},{"@type":"BreadcrumbList","@id":"https:\/\/www.hsce.com.br\/carf-suspende-sessoes-de-turmas-devido-a-greve-dos-auditores-fiscais\/#breadcrumb","itemListElement":[{"@type":"ListItem","position":1,"name":"In\u00edcio","item":"https:\/\/www.hsce.com.br\/"},{"@type":"ListItem","position":2,"name":"Carf suspende sess\u00f5es de turmas devido \u00e0 greve dos auditores fiscais"}]},{"@type":"WebSite","@id":"https:\/\/www.hsce.com.br\/#website","url":"https:\/\/www.hsce.com.br\/","name":"Hands on Solutions","description":"","publisher":{"@id":"https:\/\/www.hsce.com.br\/#organization"},"potentialAction":[{"@type":"SearchAction","target":{"@type":"EntryPoint","urlTemplate":"https:\/\/www.hsce.com.br\/?s={search_term_string}"},"query-input":{"@type":"PropertyValueSpecification","valueRequired":true,"valueName":"search_term_string"}}],"inLanguage":"en-US"},{"@type":"Organization","@id":"https:\/\/www.hsce.com.br\/#organization","name":"Hands on Solutions","url":"https:\/\/www.hsce.com.br\/","logo":{"@type":"ImageObject","inLanguage":"en-US","@id":"https:\/\/www.hsce.com.br\/#\/schema\/logo\/image\/","url":"https:\/\/www.hsce.com.br\/wp-content\/uploads\/2015\/09\/handson.png","contentUrl":"https:\/\/www.hsce.com.br\/wp-content\/uploads\/2015\/09\/handson.png","width":230,"height":68,"caption":"Hands on Solutions"},"image":{"@id":"https:\/\/www.hsce.com.br\/#\/schema\/logo\/image\/"},"sameAs":["https:\/\/www.linkedin.com\/company\/hsce-ltda?trk=company_logo"]},{"@type":"Person","@id":"https:\/\/www.hsce.com.br\/#\/schema\/person\/ce400a0e9f66b1195f845fb1fdca8b33","name":"hsce","image":{"@type":"ImageObject","inLanguage":"en-US","@id":"https:\/\/secure.gravatar.com\/avatar\/5cfe77ad71593df19912d9dffea7f5a8f3b3f45feff1ac302d60b22d3629b491?s=96&d=mm&r=g","url":"https:\/\/secure.gravatar.com\/avatar\/5cfe77ad71593df19912d9dffea7f5a8f3b3f45feff1ac302d60b22d3629b491?s=96&d=mm&r=g","contentUrl":"https:\/\/secure.gravatar.com\/avatar\/5cfe77ad71593df19912d9dffea7f5a8f3b3f45feff1ac302d60b22d3629b491?s=96&d=mm&r=g","caption":"hsce"},"url":"https:\/\/www.hsce.com.br\/en\/author\/hsce\/"}]}},"_links":{"self":[{"href":"https:\/\/www.hsce.com.br\/en\/wp-json\/wp\/v2\/posts\/1560","targetHints":{"allow":["GET"]}}],"collection":[{"href":"https:\/\/www.hsce.com.br\/en\/wp-json\/wp\/v2\/posts"}],"about":[{"href":"https:\/\/www.hsce.com.br\/en\/wp-json\/wp\/v2\/types\/post"}],"author":[{"embeddable":true,"href":"https:\/\/www.hsce.com.br\/en\/wp-json\/wp\/v2\/users\/8"}],"replies":[{"embeddable":true,"href":"https:\/\/www.hsce.com.br\/en\/wp-json\/wp\/v2\/comments?post=1560"}],"version-history":[{"count":1,"href":"https:\/\/www.hsce.com.br\/en\/wp-json\/wp\/v2\/posts\/1560\/revisions"}],"predecessor-version":[{"id":1561,"href":"https:\/\/www.hsce.com.br\/en\/wp-json\/wp\/v2\/posts\/1560\/revisions\/1561"}],"wp:featuredmedia":[{"embeddable":true,"href":"https:\/\/www.hsce.com.br\/en\/wp-json\/wp\/v2\/media\/1473"}],"wp:attachment":[{"href":"https:\/\/www.hsce.com.br\/en\/wp-json\/wp\/v2\/media?parent=1560"}],"wp:term":[{"taxonomy":"category","embeddable":true,"href":"https:\/\/www.hsce.com.br\/en\/wp-json\/wp\/v2\/categories?post=1560"},{"taxonomy":"post_tag","embeddable":true,"href":"https:\/\/www.hsce.com.br\/en\/wp-json\/wp\/v2\/tags?post=1560"}],"curies":[{"name":"wp","href":"https:\/\/api.w.org\/{rel}","templated":true}]}}