{"id":1189,"date":"2022-11-09T17:11:00","date_gmt":"2022-11-09T17:11:00","guid":{"rendered":"http:\/\/www.hsce.com.br\/?p=1189"},"modified":"2022-11-09T17:44:03","modified_gmt":"2022-11-09T17:44:03","slug":"difal-de-icms-toffoli-diverge-e-vota-para-que-cobranca-ocorra-desde-5-4-de-2022","status":"publish","type":"post","link":"https:\/\/www.hsce.com.br\/en\/difal-de-icms-toffoli-diverge-e-vota-para-que-cobranca-ocorra-desde-5-4-de-2022\/","title":{"rendered":"ICMS Difal: Toffoli disagrees and votes for the charge to occur from 5\/4\/2022"},"content":{"rendered":"<p>In a vote presented this Friday, Minister Dias Toffoli, of the Federal Supreme Court (STF), partially disagreed with the rapporteur and recognized the constitutionality of the provision that determines that the complementary law regulating the collection of the ICMS tax rate differential (Difal) respects the ninetieth day. The vote was given in ADIs 7,066, 7,070 and 7,078.<\/p>\n\n\n\n<p>In practice, if this position prevails, the states and the Federal District will be able to charge the ICMS Difal from April 5, 2022. In addition, in the case of federative units that started charging earlier, taxpayers will be able to request the refund of amounts collected unduly. The score is 1-1 for the law to respect the noventena.<\/p>\n\n\n\n<p>The controversy concerns Complementary Law 190\/22. The law regulated the collection, by states, of Difal in transactions involving goods destined for non-taxpayer end consumers located in another state. The problem is that, as LC 190\/22 was published on January 5, 2022, since then, states and taxpayers have disagreed on the start of its effects, whether in 2022 or 2023, in compliance with the principles of nonagesimal and general (annual) prior notice.<\/p>\n\n\n\n<p>The trial had been suspended since September 27 and was resumed this Friday (11\/4). In his dissenting vote, Minister Dias Toffoli understood that the complementary law does not establish or increase taxes, but merely defines general rules, and therefore, as a rule, should not observe the previous ones.<\/p>\n\n\n\n<p>However, Toffoli considered article 3 of LC 190\/22 to be constitutional. This provision makes express reference to article 150, paragraph III, item c, of the Constitution, which provides for respect for the 90-day prior notice and also defines that the provisions of item b must be observed. This, in turn, deals with annual prior notice.<\/p>\n\n\n\n<p>For Toffoli, although there is an \u201cobjective doubt\u201d about the need to also observe the annuality \u2013 which would validate the collection only from 2023 \u2013, it is \u201cunequivocal that the complementary legislator, since the start of the legislative process, wanted to establish, in favor of taxpayers, the minimum time period of ninety days\u201d. For Toffoli, the legislator acted legitimately and in order to ensure \u201cother safeguards for the taxpayer, guiding the power to tax\u201d.<\/p>\n\n\n\n<p>The minister also noted that some states, on their own initiative, decided to comply with the provisions of article 3 of LC 190\/22, starting to charge only on April 5, 2002. Among them are Amap\u00e1, Amazonas and Minas Gerais.<\/p>\n\n\n\n<p>Partial divergence<\/p>\n\n\n\n<p>In September, the rapporteur, Minister Alexandre de Moraes, concluded in his vote that the ICMS Difal could be charged regularly in 2022. For the minister, LC 190\/22 does not establish or increase the tax and, therefore, does not need to respect the nonagesimal and general (annual) priorities. In line with this understanding, Moraes also considered the final part of article 3 of LC 190\/22, which expressly defined compliance with the noventena, to be unconstitutional.<\/p>\n\n\n\n<p>Thus, in today&#039;s vote, Toffoli disagreed only with regard to the last point, considering the option made by the legislator to be legitimate and, therefore, constitutional, Article 3 of LC 190\/22. Toffoli also agreed with the rapporteur to consider constitutional the provision according to which the new definitions of taxpayer, place and time of the Difal taxable event may take effect on the first business day of the third month following the provision of the Difal portal. This is Article 24-A, paragraph four, of the Kandir Law (LC 87\/96), included by LC 190\/2022.<\/p>\n\n\n\n<p>Taxpayers defend the annual prioritization of ICMS Difal<\/p>\n\n\n\n<p>For lawyer Saul Tourinho Leal, partner at the Ayres Britto law firm, although Toffoli&#039;s vote recognizes premises such as the legislator&#039;s desire to protect taxpayers, the correct thing to do would be to respect both the 90-day and annual prior notice.<\/p>\n\n\n\n<p>\u201cMinister Toffoli\u2019s vote acknowledges the premises presented by taxpayers, but concludes in a way that is detrimental to the normative force of the Constitution itself, since he understands that, in the face of an objective hermeneutical doubt \u2013 the words are those of His Excellency \u2013, the interpreter is responsible for the path that least protects fundamental rights. For us, it is the opposite. In these reasonable disagreements, the solution is the one that best achieves the protected fundamental good, which, in this case, is the prior exercise, not just the ninety-day period\u201d, states Tourinho Leal, who represents Abimaq in ADI 7066.<\/p>\n\n\n\n<p>Tax specialist Eduardo Pugliese Pinceli, partner at Schneider Pugliese, agrees that it is not possible to dissociate the noventena from the annual prior notice, and the charge should only be valid from 2023. One of the arguments is that item c, of article 150, paragraph III, of the Constitution, when dealing with the noventena, also defines that the provisions of item b must be observed. This, in turn, deals with the annual prior notice.<\/p>\n\n\n\n<p>\u201cI fully agree with Toffoli when he says that the supplementary legislator can choose the prior period as the deadline for the law to take effect. My only disagreement is that only the ninety-day period should not be observed,\u201d says Pugliese.<\/p>\n\n\n\n<p>For the attorney for the state of Cear\u00e1 and president of the National Association of Attorneys for the States and the Federal District (Anape), Vicente Braga, Toffoli&#039;s vote represents, to some extent, a victory for the states, since, if this position prevails, the charge could be made in 2022, even if from April 5th.<\/p>\n\n\n\n<p>\u201cThere is no need to talk about a new deadline for the rule to come into effect, since the tax already existed. The ICMS differential rate already existed as provided for in state or Federal District law; all that had to be obeyed was the constitutional requirement regarding the existence of a supplementary law establishing general rules. The collection starting in April represents at least a partial victory for most states,\u201d said Braga, who made an oral argument within the scope of ADI 7,078.<\/p>\n\n\n\n<blockquote class=\"wp-block-quote is-layout-flow wp-block-quote-is-layout-flow\"><p>Source:\u00a0<a href=\"https:\/\/www.jota.info\/tributos-e-empresas\/tributario\/difal-de-icms-toffoli-diverge-e-vota-para-que-cobranca-ocorra-desde-5-4-de-2022-04112022\">https:\/\/www.jota.info\/tributos-e-empresas\/tributario\/difal-de-icms-toffoli-diverge-e-vota-para-que-cobranca-ocorra-desde-5-4-de-2022-04112022<\/a><\/p><\/blockquote>","protected":false},"excerpt":{"rendered":"<p>Em voto apresentado nesta sexta-feira, o ministro Dias Toffoli, do Supremo Tribunal Federal (STF), divergiu parcialmente do relator e reconheceu a constitucionalidade do dispositivo que determina que a lei complementar regulamentadora da cobran\u00e7a do diferencial de al\u00edquota (Difal) de ICMS respeite a noventena. O voto foi proferido nas ADIs 7.066, 7.070 e 7.078. Na pr\u00e1tica, [&hellip;]<\/p>","protected":false},"author":8,"featured_media":0,"comment_status":"open","ping_status":"open","sticky":false,"template":"","format":"standard","meta":{"_monsterinsights_skip_tracking":false,"_monsterinsights_sitenote_active":false,"_monsterinsights_sitenote_note":"","_monsterinsights_sitenote_category":0,"footnotes":""},"categories":[76],"tags":[251,102,100],"class_list":["post-1189","post","type-post","status-publish","format-standard","hentry","category-noticias","tag-difal","tag-icms-2","tag-stf-2"],"yoast_head":"<!-- This site is optimized with the Yoast SEO plugin v27.2 - https:\/\/yoast.com\/product\/yoast-seo-wordpress\/ -->\n<title>Difal de ICMS: Toffoli diverge e vota para que cobran\u00e7a ocorra desde 5\/4 de 2022 - Hands on Solutions<\/title>\n<meta name=\"robots\" content=\"index, follow, max-snippet:-1, max-image-preview:large, max-video-preview:-1\" \/>\n<link rel=\"canonical\" href=\"https:\/\/www.hsce.com.br\/en\/difal-de-icms-toffoli-diverge-e-vota-para-que-cobranca-ocorra-desde-5-4-de-2022\/\" \/>\n<meta property=\"og:locale\" content=\"en_US\" \/>\n<meta property=\"og:type\" content=\"article\" \/>\n<meta property=\"og:title\" content=\"Difal de ICMS: Toffoli diverge e vota para que cobran\u00e7a ocorra desde 5\/4 de 2022 - Hands on Solutions\" \/>\n<meta property=\"og:description\" content=\"Em voto apresentado nesta sexta-feira, o ministro Dias Toffoli, do Supremo Tribunal Federal (STF), divergiu parcialmente do relator e reconheceu a constitucionalidade do dispositivo que determina que a lei complementar regulamentadora da cobran\u00e7a do diferencial de al\u00edquota (Difal) de ICMS respeite a noventena. O voto foi proferido nas ADIs 7.066, 7.070 e 7.078. Na pr\u00e1tica, [&hellip;]\" \/>\n<meta property=\"og:url\" content=\"https:\/\/www.hsce.com.br\/en\/difal-de-icms-toffoli-diverge-e-vota-para-que-cobranca-ocorra-desde-5-4-de-2022\/\" \/>\n<meta property=\"og:site_name\" content=\"Hands on Solutions\" \/>\n<meta property=\"article:published_time\" content=\"2022-11-09T17:11:00+00:00\" \/>\n<meta property=\"article:modified_time\" content=\"2022-11-09T17:44:03+00:00\" \/>\n<meta name=\"author\" content=\"hsce\" \/>\n<meta name=\"twitter:label1\" content=\"Written by\" \/>\n\t<meta name=\"twitter:data1\" content=\"hsce\" \/>\n\t<meta name=\"twitter:label2\" content=\"Est. reading time\" \/>\n\t<meta name=\"twitter:data2\" content=\"5 minutes\" \/>\n<script type=\"application\/ld+json\" class=\"yoast-schema-graph\">{\"@context\":\"https:\/\/schema.org\",\"@graph\":[{\"@type\":\"Article\",\"@id\":\"https:\/\/www.hsce.com.br\/difal-de-icms-toffoli-diverge-e-vota-para-que-cobranca-ocorra-desde-5-4-de-2022\/#article\",\"isPartOf\":{\"@id\":\"https:\/\/www.hsce.com.br\/difal-de-icms-toffoli-diverge-e-vota-para-que-cobranca-ocorra-desde-5-4-de-2022\/\"},\"author\":{\"name\":\"hsce\",\"@id\":\"https:\/\/www.hsce.com.br\/#\/schema\/person\/ce400a0e9f66b1195f845fb1fdca8b33\"},\"headline\":\"Difal de ICMS: Toffoli diverge e vota para que cobran\u00e7a ocorra desde 5\/4 de 2022\",\"datePublished\":\"2022-11-09T17:11:00+00:00\",\"dateModified\":\"2022-11-09T17:44:03+00:00\",\"mainEntityOfPage\":{\"@id\":\"https:\/\/www.hsce.com.br\/difal-de-icms-toffoli-diverge-e-vota-para-que-cobranca-ocorra-desde-5-4-de-2022\/\"},\"wordCount\":1015,\"commentCount\":0,\"publisher\":{\"@id\":\"https:\/\/www.hsce.com.br\/#organization\"},\"keywords\":[\"#difal\",\"#ICMS\",\"#STF\"],\"articleSection\":[\"Not\u00edcias\"],\"inLanguage\":\"en-US\",\"potentialAction\":[{\"@type\":\"CommentAction\",\"name\":\"Comment\",\"target\":[\"https:\/\/www.hsce.com.br\/difal-de-icms-toffoli-diverge-e-vota-para-que-cobranca-ocorra-desde-5-4-de-2022\/#respond\"]}]},{\"@type\":\"WebPage\",\"@id\":\"https:\/\/www.hsce.com.br\/difal-de-icms-toffoli-diverge-e-vota-para-que-cobranca-ocorra-desde-5-4-de-2022\/\",\"url\":\"https:\/\/www.hsce.com.br\/difal-de-icms-toffoli-diverge-e-vota-para-que-cobranca-ocorra-desde-5-4-de-2022\/\",\"name\":\"Difal de ICMS: Toffoli diverge e vota para que cobran\u00e7a ocorra desde 5\/4 de 2022 - Hands on Solutions\",\"isPartOf\":{\"@id\":\"https:\/\/www.hsce.com.br\/#website\"},\"datePublished\":\"2022-11-09T17:11:00+00:00\",\"dateModified\":\"2022-11-09T17:44:03+00:00\",\"breadcrumb\":{\"@id\":\"https:\/\/www.hsce.com.br\/difal-de-icms-toffoli-diverge-e-vota-para-que-cobranca-ocorra-desde-5-4-de-2022\/#breadcrumb\"},\"inLanguage\":\"en-US\",\"potentialAction\":[{\"@type\":\"ReadAction\",\"target\":[\"https:\/\/www.hsce.com.br\/difal-de-icms-toffoli-diverge-e-vota-para-que-cobranca-ocorra-desde-5-4-de-2022\/\"]}]},{\"@type\":\"BreadcrumbList\",\"@id\":\"https:\/\/www.hsce.com.br\/difal-de-icms-toffoli-diverge-e-vota-para-que-cobranca-ocorra-desde-5-4-de-2022\/#breadcrumb\",\"itemListElement\":[{\"@type\":\"ListItem\",\"position\":1,\"name\":\"In\u00edcio\",\"item\":\"https:\/\/www.hsce.com.br\/\"},{\"@type\":\"ListItem\",\"position\":2,\"name\":\"Difal de ICMS: Toffoli diverge e vota para que cobran\u00e7a ocorra desde 5\/4 de 2022\"}]},{\"@type\":\"WebSite\",\"@id\":\"https:\/\/www.hsce.com.br\/#website\",\"url\":\"https:\/\/www.hsce.com.br\/\",\"name\":\"Hands on Solutions\",\"description\":\"\",\"publisher\":{\"@id\":\"https:\/\/www.hsce.com.br\/#organization\"},\"potentialAction\":[{\"@type\":\"SearchAction\",\"target\":{\"@type\":\"EntryPoint\",\"urlTemplate\":\"https:\/\/www.hsce.com.br\/?s={search_term_string}\"},\"query-input\":{\"@type\":\"PropertyValueSpecification\",\"valueRequired\":true,\"valueName\":\"search_term_string\"}}],\"inLanguage\":\"en-US\"},{\"@type\":\"Organization\",\"@id\":\"https:\/\/www.hsce.com.br\/#organization\",\"name\":\"Hands on Solutions\",\"url\":\"https:\/\/www.hsce.com.br\/\",\"logo\":{\"@type\":\"ImageObject\",\"inLanguage\":\"en-US\",\"@id\":\"https:\/\/www.hsce.com.br\/#\/schema\/logo\/image\/\",\"url\":\"https:\/\/www.hsce.com.br\/wp-content\/uploads\/2015\/09\/handson.png\",\"contentUrl\":\"https:\/\/www.hsce.com.br\/wp-content\/uploads\/2015\/09\/handson.png\",\"width\":230,\"height\":68,\"caption\":\"Hands on Solutions\"},\"image\":{\"@id\":\"https:\/\/www.hsce.com.br\/#\/schema\/logo\/image\/\"},\"sameAs\":[\"https:\/\/www.linkedin.com\/company\/hsce-ltda?trk=company_logo\"]},{\"@type\":\"Person\",\"@id\":\"https:\/\/www.hsce.com.br\/#\/schema\/person\/ce400a0e9f66b1195f845fb1fdca8b33\",\"name\":\"hsce\",\"image\":{\"@type\":\"ImageObject\",\"inLanguage\":\"en-US\",\"@id\":\"https:\/\/secure.gravatar.com\/avatar\/5cfe77ad71593df19912d9dffea7f5a8f3b3f45feff1ac302d60b22d3629b491?s=96&d=mm&r=g\",\"url\":\"https:\/\/secure.gravatar.com\/avatar\/5cfe77ad71593df19912d9dffea7f5a8f3b3f45feff1ac302d60b22d3629b491?s=96&d=mm&r=g\",\"contentUrl\":\"https:\/\/secure.gravatar.com\/avatar\/5cfe77ad71593df19912d9dffea7f5a8f3b3f45feff1ac302d60b22d3629b491?s=96&d=mm&r=g\",\"caption\":\"hsce\"},\"url\":\"https:\/\/www.hsce.com.br\/en\/author\/hsce\/\"}]}<\/script>\n<!-- \/ Yoast SEO plugin. -->","yoast_head_json":{"title":"Difal de ICMS: Toffoli diverge e vota para que cobran\u00e7a ocorra desde 5\/4 de 2022 - Hands on Solutions","robots":{"index":"index","follow":"follow","max-snippet":"max-snippet:-1","max-image-preview":"max-image-preview:large","max-video-preview":"max-video-preview:-1"},"canonical":"https:\/\/www.hsce.com.br\/en\/difal-de-icms-toffoli-diverge-e-vota-para-que-cobranca-ocorra-desde-5-4-de-2022\/","og_locale":"en_US","og_type":"article","og_title":"Difal de ICMS: Toffoli diverge e vota para que cobran\u00e7a ocorra desde 5\/4 de 2022 - Hands on Solutions","og_description":"Em voto apresentado nesta sexta-feira, o ministro Dias Toffoli, do Supremo Tribunal Federal (STF), divergiu parcialmente do relator e reconheceu a constitucionalidade do dispositivo que determina que a lei complementar regulamentadora da cobran\u00e7a do diferencial de al\u00edquota (Difal) de ICMS respeite a noventena. O voto foi proferido nas ADIs 7.066, 7.070 e 7.078. Na pr\u00e1tica, [&hellip;]","og_url":"https:\/\/www.hsce.com.br\/en\/difal-de-icms-toffoli-diverge-e-vota-para-que-cobranca-ocorra-desde-5-4-de-2022\/","og_site_name":"Hands on Solutions","article_published_time":"2022-11-09T17:11:00+00:00","article_modified_time":"2022-11-09T17:44:03+00:00","author":"hsce","twitter_misc":{"Written by":"hsce","Est. reading time":"5 minutes"},"schema":{"@context":"https:\/\/schema.org","@graph":[{"@type":"Article","@id":"https:\/\/www.hsce.com.br\/difal-de-icms-toffoli-diverge-e-vota-para-que-cobranca-ocorra-desde-5-4-de-2022\/#article","isPartOf":{"@id":"https:\/\/www.hsce.com.br\/difal-de-icms-toffoli-diverge-e-vota-para-que-cobranca-ocorra-desde-5-4-de-2022\/"},"author":{"name":"hsce","@id":"https:\/\/www.hsce.com.br\/#\/schema\/person\/ce400a0e9f66b1195f845fb1fdca8b33"},"headline":"Difal de ICMS: Toffoli diverge e vota para que cobran\u00e7a ocorra desde 5\/4 de 2022","datePublished":"2022-11-09T17:11:00+00:00","dateModified":"2022-11-09T17:44:03+00:00","mainEntityOfPage":{"@id":"https:\/\/www.hsce.com.br\/difal-de-icms-toffoli-diverge-e-vota-para-que-cobranca-ocorra-desde-5-4-de-2022\/"},"wordCount":1015,"commentCount":0,"publisher":{"@id":"https:\/\/www.hsce.com.br\/#organization"},"keywords":["#difal","#ICMS","#STF"],"articleSection":["Not\u00edcias"],"inLanguage":"en-US","potentialAction":[{"@type":"CommentAction","name":"Comment","target":["https:\/\/www.hsce.com.br\/difal-de-icms-toffoli-diverge-e-vota-para-que-cobranca-ocorra-desde-5-4-de-2022\/#respond"]}]},{"@type":"WebPage","@id":"https:\/\/www.hsce.com.br\/difal-de-icms-toffoli-diverge-e-vota-para-que-cobranca-ocorra-desde-5-4-de-2022\/","url":"https:\/\/www.hsce.com.br\/difal-de-icms-toffoli-diverge-e-vota-para-que-cobranca-ocorra-desde-5-4-de-2022\/","name":"Difal de ICMS: Toffoli diverge e vota para que cobran\u00e7a ocorra desde 5\/4 de 2022 - Hands on Solutions","isPartOf":{"@id":"https:\/\/www.hsce.com.br\/#website"},"datePublished":"2022-11-09T17:11:00+00:00","dateModified":"2022-11-09T17:44:03+00:00","breadcrumb":{"@id":"https:\/\/www.hsce.com.br\/difal-de-icms-toffoli-diverge-e-vota-para-que-cobranca-ocorra-desde-5-4-de-2022\/#breadcrumb"},"inLanguage":"en-US","potentialAction":[{"@type":"ReadAction","target":["https:\/\/www.hsce.com.br\/difal-de-icms-toffoli-diverge-e-vota-para-que-cobranca-ocorra-desde-5-4-de-2022\/"]}]},{"@type":"BreadcrumbList","@id":"https:\/\/www.hsce.com.br\/difal-de-icms-toffoli-diverge-e-vota-para-que-cobranca-ocorra-desde-5-4-de-2022\/#breadcrumb","itemListElement":[{"@type":"ListItem","position":1,"name":"In\u00edcio","item":"https:\/\/www.hsce.com.br\/"},{"@type":"ListItem","position":2,"name":"Difal de ICMS: Toffoli diverge e vota para que cobran\u00e7a ocorra desde 5\/4 de 2022"}]},{"@type":"WebSite","@id":"https:\/\/www.hsce.com.br\/#website","url":"https:\/\/www.hsce.com.br\/","name":"Hands on Solutions","description":"","publisher":{"@id":"https:\/\/www.hsce.com.br\/#organization"},"potentialAction":[{"@type":"SearchAction","target":{"@type":"EntryPoint","urlTemplate":"https:\/\/www.hsce.com.br\/?s={search_term_string}"},"query-input":{"@type":"PropertyValueSpecification","valueRequired":true,"valueName":"search_term_string"}}],"inLanguage":"en-US"},{"@type":"Organization","@id":"https:\/\/www.hsce.com.br\/#organization","name":"Hands on Solutions","url":"https:\/\/www.hsce.com.br\/","logo":{"@type":"ImageObject","inLanguage":"en-US","@id":"https:\/\/www.hsce.com.br\/#\/schema\/logo\/image\/","url":"https:\/\/www.hsce.com.br\/wp-content\/uploads\/2015\/09\/handson.png","contentUrl":"https:\/\/www.hsce.com.br\/wp-content\/uploads\/2015\/09\/handson.png","width":230,"height":68,"caption":"Hands on Solutions"},"image":{"@id":"https:\/\/www.hsce.com.br\/#\/schema\/logo\/image\/"},"sameAs":["https:\/\/www.linkedin.com\/company\/hsce-ltda?trk=company_logo"]},{"@type":"Person","@id":"https:\/\/www.hsce.com.br\/#\/schema\/person\/ce400a0e9f66b1195f845fb1fdca8b33","name":"hsce","image":{"@type":"ImageObject","inLanguage":"en-US","@id":"https:\/\/secure.gravatar.com\/avatar\/5cfe77ad71593df19912d9dffea7f5a8f3b3f45feff1ac302d60b22d3629b491?s=96&d=mm&r=g","url":"https:\/\/secure.gravatar.com\/avatar\/5cfe77ad71593df19912d9dffea7f5a8f3b3f45feff1ac302d60b22d3629b491?s=96&d=mm&r=g","contentUrl":"https:\/\/secure.gravatar.com\/avatar\/5cfe77ad71593df19912d9dffea7f5a8f3b3f45feff1ac302d60b22d3629b491?s=96&d=mm&r=g","caption":"hsce"},"url":"https:\/\/www.hsce.com.br\/en\/author\/hsce\/"}]}},"_links":{"self":[{"href":"https:\/\/www.hsce.com.br\/en\/wp-json\/wp\/v2\/posts\/1189","targetHints":{"allow":["GET"]}}],"collection":[{"href":"https:\/\/www.hsce.com.br\/en\/wp-json\/wp\/v2\/posts"}],"about":[{"href":"https:\/\/www.hsce.com.br\/en\/wp-json\/wp\/v2\/types\/post"}],"author":[{"embeddable":true,"href":"https:\/\/www.hsce.com.br\/en\/wp-json\/wp\/v2\/users\/8"}],"replies":[{"embeddable":true,"href":"https:\/\/www.hsce.com.br\/en\/wp-json\/wp\/v2\/comments?post=1189"}],"version-history":[{"count":1,"href":"https:\/\/www.hsce.com.br\/en\/wp-json\/wp\/v2\/posts\/1189\/revisions"}],"predecessor-version":[{"id":1190,"href":"https:\/\/www.hsce.com.br\/en\/wp-json\/wp\/v2\/posts\/1189\/revisions\/1190"}],"wp:attachment":[{"href":"https:\/\/www.hsce.com.br\/en\/wp-json\/wp\/v2\/media?parent=1189"}],"wp:term":[{"taxonomy":"category","embeddable":true,"href":"https:\/\/www.hsce.com.br\/en\/wp-json\/wp\/v2\/categories?post=1189"},{"taxonomy":"post_tag","embeddable":true,"href":"https:\/\/www.hsce.com.br\/en\/wp-json\/wp\/v2\/tags?post=1189"}],"curies":[{"name":"wp","href":"https:\/\/api.w.org\/{rel}","templated":true}]}}