{"id":1175,"date":"2022-10-06T02:26:00","date_gmt":"2022-10-06T02:26:00","guid":{"rendered":"http:\/\/www.hsce.com.br\/?p=1175"},"modified":"2022-10-10T12:34:17","modified_gmt":"2022-10-10T12:34:17","slug":"carf-destacar-frete-em-nota-fiscal-nao-e-imprescindivel-para-credito-presumido-do-ipi","status":"publish","type":"post","link":"https:\/\/www.hsce.com.br\/en\/carf-destacar-frete-em-nota-fiscal-nao-e-imprescindivel-para-credito-presumido-do-ipi\/","title":{"rendered":"Carf: highlighting freight on the invoice is not essential for presumed IPI credit"},"content":{"rendered":"<p>By 8x2, the panel decided that highlighting the freight value on the tax document is not the only way to guarantee the presumed credit of 3% on IPI. However, the councilors understood that, in order to have access to the benefit, the taxpayer must prove in other ways that the freight value is included in the vehicle&#039;s commercialization value. The specific case involves Toyota do Brasil.<br>The panel dismissed the Treasury&#039;s appeal, maintaining the understanding of the lower panel, according to which it is only necessary to highlight the freight on the invoice if it is charged to the customer separately from the price of the vehicle.<br>The presumed credit on IPI is a special regime provided for in article 56 of MP 2.158-35\/2001, which allows automakers a credit of 3% on the tax amount shown on the invoice. To benefit from the credit, it is necessary to add the freight value to the vehicle&#039;s commercialization value, thus increasing the tax calculation basis.<br>The taxpayer&#039;s lawyer, Jo\u00e3o Paulo Toledo de Rezende, partner at Lira Advogados, submitted documents to the case that would prove that freight was included in the price of the vehicle, such as the company&#039;s tax records. According to him, proof of compliance with the requirement can be provided by presenting accounting and tax documents.<br>However, the rapporteur, counselor Jorge Olmiro Lock Freire, voted to grant the Treasury&#039;s appeal. Freire understood that highlighting the freight value on the invoice is essential to enjoy the presumed credit.<br>Councilor Rosaldo Trevisan opened the dissent. For Trevisan, what must be taken into account in order to access the benefit is whether or not the taxpayer proved the inclusion of the freight value in the commercialization value. The majority of councilors agreed with the position, with the exception of the president of the group, Carlos Henrique de Oliveira, who agreed with the rapporteur.<br>The case is being processed under number 11065.723927\/2017-30.<\/p>\n\n\n\n<blockquote class=\"wp-block-quote is-layout-flow wp-block-quote-is-layout-flow\"><p>Source:\u00a0<a href=\"https:\/\/www.jota.info\/tributos-e-empresas\/tributario\/carf-destacar-frete-em-nota-fiscal-nao-e-imprescindivel-para-credito-presumido-do-ipi-06102022\" target=\"_blank\" rel=\"noreferrer noopener\">https:\/\/www.jota.info\/tributos-e-empresas\/tributario\/carf-destacar-frete-em-nota-fiscal-nao-e-imprescindivel-para-credito-presumido-do-ipi-06102022<\/a><\/p><\/blockquote>","protected":false},"excerpt":{"rendered":"<p>Por 8\u00d72, o colegiado decidiu que destacar o valor do frete no documento fiscal n\u00e3o \u00e9 a \u00fanica forma de garantir o cr\u00e9dito presumido de 3% sobre o IPI. Contudo, os conselheiros entenderam que, para ter acesso ao benef\u00edcio, o contribuinte deve comprovar de outras formas que o valor do frete est\u00e1 inclu\u00eddo no valor [&hellip;]<\/p>","protected":false},"author":8,"featured_media":0,"comment_status":"open","ping_status":"open","sticky":false,"template":"","format":"standard","meta":{"_monsterinsights_skip_tracking":false,"_monsterinsights_sitenote_active":false,"_monsterinsights_sitenote_note":"","_monsterinsights_sitenote_category":0,"footnotes":""},"categories":[76],"tags":[469,468,453,131,467],"class_list":["post-1175","post","type-post","status-publish","format-standard","hentry","category-noticias","tag-creditopresumido","tag-destaque","tag-frete","tag-ipi","tag-notafiscal"],"yoast_head":"<!-- This site is optimized with the Yoast SEO plugin v27.2 - https:\/\/yoast.com\/product\/yoast-seo-wordpress\/ -->\n<title>Carf: destacar frete em nota fiscal n\u00e3o \u00e9 imprescind\u00edvel para cr\u00e9dito presumido do IPI - Hands on Solutions<\/title>\n<meta name=\"robots\" content=\"index, follow, max-snippet:-1, max-image-preview:large, max-video-preview:-1\" \/>\n<link rel=\"canonical\" href=\"https:\/\/www.hsce.com.br\/en\/carf-destacar-frete-em-nota-fiscal-nao-e-imprescindivel-para-credito-presumido-do-ipi\/\" \/>\n<meta property=\"og:locale\" content=\"en_US\" \/>\n<meta property=\"og:type\" content=\"article\" \/>\n<meta property=\"og:title\" content=\"Carf: destacar frete em nota fiscal n\u00e3o \u00e9 imprescind\u00edvel para cr\u00e9dito presumido do IPI - Hands on Solutions\" \/>\n<meta property=\"og:description\" content=\"Por 8\u00d72, o colegiado decidiu que destacar o valor do frete no documento fiscal n\u00e3o \u00e9 a \u00fanica forma de garantir o cr\u00e9dito presumido de 3% sobre o IPI. Contudo, os conselheiros entenderam que, para ter acesso ao benef\u00edcio, o contribuinte deve comprovar de outras formas que o valor do frete est\u00e1 inclu\u00eddo no valor [&hellip;]\" \/>\n<meta property=\"og:url\" content=\"https:\/\/www.hsce.com.br\/en\/carf-destacar-frete-em-nota-fiscal-nao-e-imprescindivel-para-credito-presumido-do-ipi\/\" \/>\n<meta property=\"og:site_name\" content=\"Hands on Solutions\" \/>\n<meta property=\"article:published_time\" content=\"2022-10-06T02:26:00+00:00\" \/>\n<meta property=\"article:modified_time\" content=\"2022-10-10T12:34:17+00:00\" \/>\n<meta name=\"author\" content=\"hsce\" \/>\n<meta name=\"twitter:label1\" content=\"Written by\" \/>\n\t<meta name=\"twitter:data1\" content=\"hsce\" \/>\n\t<meta name=\"twitter:label2\" content=\"Est. reading time\" \/>\n\t<meta name=\"twitter:data2\" content=\"2 minutes\" \/>\n<script type=\"application\/ld+json\" class=\"yoast-schema-graph\">{\"@context\":\"https:\/\/schema.org\",\"@graph\":[{\"@type\":\"Article\",\"@id\":\"https:\/\/www.hsce.com.br\/carf-destacar-frete-em-nota-fiscal-nao-e-imprescindivel-para-credito-presumido-do-ipi\/#article\",\"isPartOf\":{\"@id\":\"https:\/\/www.hsce.com.br\/carf-destacar-frete-em-nota-fiscal-nao-e-imprescindivel-para-credito-presumido-do-ipi\/\"},\"author\":{\"name\":\"hsce\",\"@id\":\"https:\/\/www.hsce.com.br\/#\/schema\/person\/ce400a0e9f66b1195f845fb1fdca8b33\"},\"headline\":\"Carf: destacar frete em nota fiscal n\u00e3o \u00e9 imprescind\u00edvel para cr\u00e9dito presumido do IPI\",\"datePublished\":\"2022-10-06T02:26:00+00:00\",\"dateModified\":\"2022-10-10T12:34:17+00:00\",\"mainEntityOfPage\":{\"@id\":\"https:\/\/www.hsce.com.br\/carf-destacar-frete-em-nota-fiscal-nao-e-imprescindivel-para-credito-presumido-do-ipi\/\"},\"wordCount\":366,\"commentCount\":0,\"publisher\":{\"@id\":\"https:\/\/www.hsce.com.br\/#organization\"},\"keywords\":[\"#creditopresumido\",\"#destaque\",\"#frete\",\"#IPI\",\"#notafiscal\"],\"articleSection\":[\"Not\u00edcias\"],\"inLanguage\":\"en-US\",\"potentialAction\":[{\"@type\":\"CommentAction\",\"name\":\"Comment\",\"target\":[\"https:\/\/www.hsce.com.br\/carf-destacar-frete-em-nota-fiscal-nao-e-imprescindivel-para-credito-presumido-do-ipi\/#respond\"]}]},{\"@type\":\"WebPage\",\"@id\":\"https:\/\/www.hsce.com.br\/carf-destacar-frete-em-nota-fiscal-nao-e-imprescindivel-para-credito-presumido-do-ipi\/\",\"url\":\"https:\/\/www.hsce.com.br\/carf-destacar-frete-em-nota-fiscal-nao-e-imprescindivel-para-credito-presumido-do-ipi\/\",\"name\":\"Carf: destacar frete em nota fiscal n\u00e3o \u00e9 imprescind\u00edvel para cr\u00e9dito presumido do IPI - Hands on Solutions\",\"isPartOf\":{\"@id\":\"https:\/\/www.hsce.com.br\/#website\"},\"datePublished\":\"2022-10-06T02:26:00+00:00\",\"dateModified\":\"2022-10-10T12:34:17+00:00\",\"breadcrumb\":{\"@id\":\"https:\/\/www.hsce.com.br\/carf-destacar-frete-em-nota-fiscal-nao-e-imprescindivel-para-credito-presumido-do-ipi\/#breadcrumb\"},\"inLanguage\":\"en-US\",\"potentialAction\":[{\"@type\":\"ReadAction\",\"target\":[\"https:\/\/www.hsce.com.br\/carf-destacar-frete-em-nota-fiscal-nao-e-imprescindivel-para-credito-presumido-do-ipi\/\"]}]},{\"@type\":\"BreadcrumbList\",\"@id\":\"https:\/\/www.hsce.com.br\/carf-destacar-frete-em-nota-fiscal-nao-e-imprescindivel-para-credito-presumido-do-ipi\/#breadcrumb\",\"itemListElement\":[{\"@type\":\"ListItem\",\"position\":1,\"name\":\"In\u00edcio\",\"item\":\"https:\/\/www.hsce.com.br\/\"},{\"@type\":\"ListItem\",\"position\":2,\"name\":\"Carf: destacar frete em nota fiscal n\u00e3o \u00e9 imprescind\u00edvel para cr\u00e9dito presumido do IPI\"}]},{\"@type\":\"WebSite\",\"@id\":\"https:\/\/www.hsce.com.br\/#website\",\"url\":\"https:\/\/www.hsce.com.br\/\",\"name\":\"Hands on Solutions\",\"description\":\"\",\"publisher\":{\"@id\":\"https:\/\/www.hsce.com.br\/#organization\"},\"potentialAction\":[{\"@type\":\"SearchAction\",\"target\":{\"@type\":\"EntryPoint\",\"urlTemplate\":\"https:\/\/www.hsce.com.br\/?s={search_term_string}\"},\"query-input\":{\"@type\":\"PropertyValueSpecification\",\"valueRequired\":true,\"valueName\":\"search_term_string\"}}],\"inLanguage\":\"en-US\"},{\"@type\":\"Organization\",\"@id\":\"https:\/\/www.hsce.com.br\/#organization\",\"name\":\"Hands on Solutions\",\"url\":\"https:\/\/www.hsce.com.br\/\",\"logo\":{\"@type\":\"ImageObject\",\"inLanguage\":\"en-US\",\"@id\":\"https:\/\/www.hsce.com.br\/#\/schema\/logo\/image\/\",\"url\":\"https:\/\/www.hsce.com.br\/wp-content\/uploads\/2015\/09\/handson.png\",\"contentUrl\":\"https:\/\/www.hsce.com.br\/wp-content\/uploads\/2015\/09\/handson.png\",\"width\":230,\"height\":68,\"caption\":\"Hands on Solutions\"},\"image\":{\"@id\":\"https:\/\/www.hsce.com.br\/#\/schema\/logo\/image\/\"},\"sameAs\":[\"https:\/\/www.linkedin.com\/company\/hsce-ltda?trk=company_logo\"]},{\"@type\":\"Person\",\"@id\":\"https:\/\/www.hsce.com.br\/#\/schema\/person\/ce400a0e9f66b1195f845fb1fdca8b33\",\"name\":\"hsce\",\"image\":{\"@type\":\"ImageObject\",\"inLanguage\":\"en-US\",\"@id\":\"https:\/\/secure.gravatar.com\/avatar\/5cfe77ad71593df19912d9dffea7f5a8f3b3f45feff1ac302d60b22d3629b491?s=96&d=mm&r=g\",\"url\":\"https:\/\/secure.gravatar.com\/avatar\/5cfe77ad71593df19912d9dffea7f5a8f3b3f45feff1ac302d60b22d3629b491?s=96&d=mm&r=g\",\"contentUrl\":\"https:\/\/secure.gravatar.com\/avatar\/5cfe77ad71593df19912d9dffea7f5a8f3b3f45feff1ac302d60b22d3629b491?s=96&d=mm&r=g\",\"caption\":\"hsce\"},\"url\":\"https:\/\/www.hsce.com.br\/en\/author\/hsce\/\"}]}<\/script>\n<!-- \/ Yoast SEO plugin. -->","yoast_head_json":{"title":"Carf: destacar frete em nota fiscal n\u00e3o \u00e9 imprescind\u00edvel para cr\u00e9dito presumido do IPI - Hands on Solutions","robots":{"index":"index","follow":"follow","max-snippet":"max-snippet:-1","max-image-preview":"max-image-preview:large","max-video-preview":"max-video-preview:-1"},"canonical":"https:\/\/www.hsce.com.br\/en\/carf-destacar-frete-em-nota-fiscal-nao-e-imprescindivel-para-credito-presumido-do-ipi\/","og_locale":"en_US","og_type":"article","og_title":"Carf: destacar frete em nota fiscal n\u00e3o \u00e9 imprescind\u00edvel para cr\u00e9dito presumido do IPI - Hands on Solutions","og_description":"Por 8\u00d72, o colegiado decidiu que destacar o valor do frete no documento fiscal n\u00e3o \u00e9 a \u00fanica forma de garantir o cr\u00e9dito presumido de 3% sobre o IPI. Contudo, os conselheiros entenderam que, para ter acesso ao benef\u00edcio, o contribuinte deve comprovar de outras formas que o valor do frete est\u00e1 inclu\u00eddo no valor [&hellip;]","og_url":"https:\/\/www.hsce.com.br\/en\/carf-destacar-frete-em-nota-fiscal-nao-e-imprescindivel-para-credito-presumido-do-ipi\/","og_site_name":"Hands on Solutions","article_published_time":"2022-10-06T02:26:00+00:00","article_modified_time":"2022-10-10T12:34:17+00:00","author":"hsce","twitter_misc":{"Written by":"hsce","Est. reading time":"2 minutes"},"schema":{"@context":"https:\/\/schema.org","@graph":[{"@type":"Article","@id":"https:\/\/www.hsce.com.br\/carf-destacar-frete-em-nota-fiscal-nao-e-imprescindivel-para-credito-presumido-do-ipi\/#article","isPartOf":{"@id":"https:\/\/www.hsce.com.br\/carf-destacar-frete-em-nota-fiscal-nao-e-imprescindivel-para-credito-presumido-do-ipi\/"},"author":{"name":"hsce","@id":"https:\/\/www.hsce.com.br\/#\/schema\/person\/ce400a0e9f66b1195f845fb1fdca8b33"},"headline":"Carf: destacar frete em nota fiscal n\u00e3o \u00e9 imprescind\u00edvel para cr\u00e9dito presumido do IPI","datePublished":"2022-10-06T02:26:00+00:00","dateModified":"2022-10-10T12:34:17+00:00","mainEntityOfPage":{"@id":"https:\/\/www.hsce.com.br\/carf-destacar-frete-em-nota-fiscal-nao-e-imprescindivel-para-credito-presumido-do-ipi\/"},"wordCount":366,"commentCount":0,"publisher":{"@id":"https:\/\/www.hsce.com.br\/#organization"},"keywords":["#creditopresumido","#destaque","#frete","#IPI","#notafiscal"],"articleSection":["Not\u00edcias"],"inLanguage":"en-US","potentialAction":[{"@type":"CommentAction","name":"Comment","target":["https:\/\/www.hsce.com.br\/carf-destacar-frete-em-nota-fiscal-nao-e-imprescindivel-para-credito-presumido-do-ipi\/#respond"]}]},{"@type":"WebPage","@id":"https:\/\/www.hsce.com.br\/carf-destacar-frete-em-nota-fiscal-nao-e-imprescindivel-para-credito-presumido-do-ipi\/","url":"https:\/\/www.hsce.com.br\/carf-destacar-frete-em-nota-fiscal-nao-e-imprescindivel-para-credito-presumido-do-ipi\/","name":"Carf: destacar frete em nota fiscal n\u00e3o \u00e9 imprescind\u00edvel para cr\u00e9dito presumido do IPI - Hands on Solutions","isPartOf":{"@id":"https:\/\/www.hsce.com.br\/#website"},"datePublished":"2022-10-06T02:26:00+00:00","dateModified":"2022-10-10T12:34:17+00:00","breadcrumb":{"@id":"https:\/\/www.hsce.com.br\/carf-destacar-frete-em-nota-fiscal-nao-e-imprescindivel-para-credito-presumido-do-ipi\/#breadcrumb"},"inLanguage":"en-US","potentialAction":[{"@type":"ReadAction","target":["https:\/\/www.hsce.com.br\/carf-destacar-frete-em-nota-fiscal-nao-e-imprescindivel-para-credito-presumido-do-ipi\/"]}]},{"@type":"BreadcrumbList","@id":"https:\/\/www.hsce.com.br\/carf-destacar-frete-em-nota-fiscal-nao-e-imprescindivel-para-credito-presumido-do-ipi\/#breadcrumb","itemListElement":[{"@type":"ListItem","position":1,"name":"In\u00edcio","item":"https:\/\/www.hsce.com.br\/"},{"@type":"ListItem","position":2,"name":"Carf: destacar frete em nota fiscal n\u00e3o \u00e9 imprescind\u00edvel para cr\u00e9dito presumido do IPI"}]},{"@type":"WebSite","@id":"https:\/\/www.hsce.com.br\/#website","url":"https:\/\/www.hsce.com.br\/","name":"Hands on Solutions","description":"","publisher":{"@id":"https:\/\/www.hsce.com.br\/#organization"},"potentialAction":[{"@type":"SearchAction","target":{"@type":"EntryPoint","urlTemplate":"https:\/\/www.hsce.com.br\/?s={search_term_string}"},"query-input":{"@type":"PropertyValueSpecification","valueRequired":true,"valueName":"search_term_string"}}],"inLanguage":"en-US"},{"@type":"Organization","@id":"https:\/\/www.hsce.com.br\/#organization","name":"Hands on Solutions","url":"https:\/\/www.hsce.com.br\/","logo":{"@type":"ImageObject","inLanguage":"en-US","@id":"https:\/\/www.hsce.com.br\/#\/schema\/logo\/image\/","url":"https:\/\/www.hsce.com.br\/wp-content\/uploads\/2015\/09\/handson.png","contentUrl":"https:\/\/www.hsce.com.br\/wp-content\/uploads\/2015\/09\/handson.png","width":230,"height":68,"caption":"Hands on Solutions"},"image":{"@id":"https:\/\/www.hsce.com.br\/#\/schema\/logo\/image\/"},"sameAs":["https:\/\/www.linkedin.com\/company\/hsce-ltda?trk=company_logo"]},{"@type":"Person","@id":"https:\/\/www.hsce.com.br\/#\/schema\/person\/ce400a0e9f66b1195f845fb1fdca8b33","name":"hsce","image":{"@type":"ImageObject","inLanguage":"en-US","@id":"https:\/\/secure.gravatar.com\/avatar\/5cfe77ad71593df19912d9dffea7f5a8f3b3f45feff1ac302d60b22d3629b491?s=96&d=mm&r=g","url":"https:\/\/secure.gravatar.com\/avatar\/5cfe77ad71593df19912d9dffea7f5a8f3b3f45feff1ac302d60b22d3629b491?s=96&d=mm&r=g","contentUrl":"https:\/\/secure.gravatar.com\/avatar\/5cfe77ad71593df19912d9dffea7f5a8f3b3f45feff1ac302d60b22d3629b491?s=96&d=mm&r=g","caption":"hsce"},"url":"https:\/\/www.hsce.com.br\/en\/author\/hsce\/"}]}},"_links":{"self":[{"href":"https:\/\/www.hsce.com.br\/en\/wp-json\/wp\/v2\/posts\/1175","targetHints":{"allow":["GET"]}}],"collection":[{"href":"https:\/\/www.hsce.com.br\/en\/wp-json\/wp\/v2\/posts"}],"about":[{"href":"https:\/\/www.hsce.com.br\/en\/wp-json\/wp\/v2\/types\/post"}],"author":[{"embeddable":true,"href":"https:\/\/www.hsce.com.br\/en\/wp-json\/wp\/v2\/users\/8"}],"replies":[{"embeddable":true,"href":"https:\/\/www.hsce.com.br\/en\/wp-json\/wp\/v2\/comments?post=1175"}],"version-history":[{"count":1,"href":"https:\/\/www.hsce.com.br\/en\/wp-json\/wp\/v2\/posts\/1175\/revisions"}],"predecessor-version":[{"id":1176,"href":"https:\/\/www.hsce.com.br\/en\/wp-json\/wp\/v2\/posts\/1175\/revisions\/1176"}],"wp:attachment":[{"href":"https:\/\/www.hsce.com.br\/en\/wp-json\/wp\/v2\/media?parent=1175"}],"wp:term":[{"taxonomy":"category","embeddable":true,"href":"https:\/\/www.hsce.com.br\/en\/wp-json\/wp\/v2\/categories?post=1175"},{"taxonomy":"post_tag","embeddable":true,"href":"https:\/\/www.hsce.com.br\/en\/wp-json\/wp\/v2\/tags?post=1175"}],"curies":[{"name":"wp","href":"https:\/\/api.w.org\/{rel}","templated":true}]}}