{"id":1166,"date":"2022-09-27T19:48:00","date_gmt":"2022-09-27T19:48:00","guid":{"rendered":"http:\/\/www.hsce.com.br\/?p=1166"},"modified":"2022-09-28T14:21:15","modified_gmt":"2022-09-28T14:21:15","slug":"difal-de-icms-toffoli-pede-vista-e-suspende-julgamento","status":"publish","type":"post","link":"https:\/\/www.hsce.com.br\/en\/difal-de-icms-toffoli-pede-vista-e-suspende-julgamento\/","title":{"rendered":"ICMS Difal: Toffoli requests review and suspends judgment"},"content":{"rendered":"<p>A request for review by Minister Dias Toffoli, of the Federal Supreme Court (STF), suspended this Tuesday (27\/9) the trial of the actions that discuss the moment of charging the ICMS tax rate differential (Difal) in operations involving goods destined for the final consumer who is not a taxpayer of the tax located in another state.<\/p>\n\n\n\n<p>The trial was scheduled to end on Friday (9\/30). With the request for review, however, there is no date for ADIs 7,066, 7,070 and 7,078 to return to the agenda.<\/p>\n\n\n\n<p>Difal was regulated by Complementary Law 190\/22, published on January 5, 2022. Since then, states and taxpayers have disagreed on when its effects will begin, whether in 2022 or 2023. Before Toffoli&#039;s request for review, the rapporteur, Minister Alexandre de Moraes, voted so that the ICMS Difal can be charged regularly in 2022. For the minister, Complementary Law 190\/22 does not establish or increase taxes and, therefore, does not need to respect the nonagesimal and general (annual) priorities.<\/p>\n\n\n\n<p>Under the 90-day prior notice, states are prohibited from collecting taxes before 90 days have passed since the date of publication of the law that instituted or increased them. Under the annual prior notice, this collection cannot be carried out in the same financial year as the publication of the law that instituted or increased the taxes.<\/p>\n\n\n\n<p>On the other hand, Moraes understood that the provision according to which the new definitions of taxpayer, location and time of the taxable event of the ICMS Difal can take effect on the first business day of the third month following the availability of the Difal portal is constitutional. This is article 24-A, paragraph four, of the Kandir Law (LC 87\/96), included by LC 190\/2022.<\/p>\n\n\n\n<p>Therefore, if the rapporteur&#039;s position prevails, states will analyze whether the ICMS Difal can be charged starting in March or April. The Difal portal was established on December 29, 2021, based on Agreement 235\/21, published on the same date. The problem is that this agreement only took effect on January 1, 2022. As a result, some states, such as Santa Catarina, understand that the date the portal was established, still in December, should be considered, meaning that Difal can be charged starting on March 2, 2022 (since March 1 was not a useful date). Other analyses advocate the start date of collection of April 1.<\/p>\n\n\n\n<p>In his vote, Moraes also accepted the request of the states of Cear\u00e1 and Alagoas to declare the unconstitutionality of the part of article 3 of LC 190\/22 that makes express reference to article 150, paragraph III, item c, of the Constitution. This constitutional provision provides for respect for the 90-day prior notice and also defines that the provisions of item b must be observed. This, in turn, deals with the annual prior notice.<\/p>\n\n\n\n<p>For Saul Tourinho Leal, partner at Ayres Britto and representative of Abimaq in ADI 7,066, the suspension of the trial reaffirms the connection between the current debate and the reasons for the decision that supported the STF&#039;s decision in the joint trial of ADI 5,469 and RE 128,019, in 2021. At that time, the judges concluded that EC 87\/15, by establishing Difal, created a new legal-tax relationship and that, therefore, there should be regulation by means of a complementary law, which was done by means of LC 190\/22.<\/p>\n\n\n\n<p>For taxpayers, when establishing this new legal-tax relationship, LC 190\/22 should observe the nonagesimal and general priorities in the collection of ICMS Difal.<\/p>\n\n\n\n<p>\u201cToffoli\u2019s request for review is an opportunity to better reflect on the relevance of the legislator\u2019s will in responding to an appeal made by the Supreme Court itself. It is also an opportunity for the current decision to respect the fundamental rights of taxpayers and, at the same time, legal certainty,\u201d says Tourinho Leal.<\/p>\n\n\n\n<blockquote class=\"wp-block-quote is-layout-flow wp-block-quote-is-layout-flow\"><p>Source: <a href=\"https:\/\/www.jota.info\/tributos-e-empresas\/tributario\/difal-de-icms-toffoli-pede-vista-e-suspende-julgamento-27092022\">https:\/\/www.jota.info\/tributos-e-empresas\/tributario\/difal-de-icms-toffoli-pede-vista-e-suspende-julgamento-27092022<\/a><\/p><\/blockquote>","protected":false},"excerpt":{"rendered":"<p>Um pedido de vista do ministro Dias Toffoli, do Supremo Tribunal Federal (STF), suspendeu nesta ter\u00e7a-feira (27\/9) o julgamento das a\u00e7\u00f5es que discutem o momento de cobran\u00e7a do diferencial de al\u00edquota (Difal) de ICMS em opera\u00e7\u00f5es envolvendo mercadoria destinada a consumidor final n\u00e3o contribuinte do imposto localizado em outro estado. O julgamento estava previsto para [&hellip;]<\/p>","protected":false},"author":8,"featured_media":0,"comment_status":"open","ping_status":"open","sticky":false,"template":"","format":"standard","meta":{"_monsterinsights_skip_tracking":false,"_monsterinsights_sitenote_active":false,"_monsterinsights_sitenote_note":"","_monsterinsights_sitenote_category":0,"footnotes":""},"categories":[76],"tags":[142,251,463,102],"class_list":["post-1166","post","type-post","status-publish","format-standard","hentry","category-noticias","tag-aliquota","tag-difal","tag-diferencial","tag-icms-2"],"yoast_head":"<!-- This site is optimized with the Yoast SEO plugin v27.2 - https:\/\/yoast.com\/product\/yoast-seo-wordpress\/ -->\n<title>Difal de ICMS: Toffoli pede vista e suspende julgamento - Hands on Solutions<\/title>\n<meta name=\"robots\" content=\"index, follow, max-snippet:-1, max-image-preview:large, max-video-preview:-1\" \/>\n<link rel=\"canonical\" href=\"https:\/\/www.hsce.com.br\/en\/difal-de-icms-toffoli-pede-vista-e-suspende-julgamento\/\" \/>\n<meta property=\"og:locale\" content=\"en_US\" \/>\n<meta property=\"og:type\" content=\"article\" \/>\n<meta property=\"og:title\" content=\"Difal de ICMS: Toffoli pede vista e suspende julgamento - Hands on Solutions\" \/>\n<meta property=\"og:description\" content=\"Um pedido de vista do ministro Dias Toffoli, do Supremo Tribunal Federal (STF), suspendeu nesta ter\u00e7a-feira (27\/9) o julgamento das a\u00e7\u00f5es que discutem o momento de cobran\u00e7a do diferencial de al\u00edquota (Difal) de ICMS em opera\u00e7\u00f5es envolvendo mercadoria destinada a consumidor final n\u00e3o contribuinte do imposto localizado em outro estado. O julgamento estava previsto para [&hellip;]\" \/>\n<meta property=\"og:url\" content=\"https:\/\/www.hsce.com.br\/en\/difal-de-icms-toffoli-pede-vista-e-suspende-julgamento\/\" \/>\n<meta property=\"og:site_name\" content=\"Hands on Solutions\" \/>\n<meta property=\"article:published_time\" content=\"2022-09-27T19:48:00+00:00\" \/>\n<meta property=\"article:modified_time\" content=\"2022-09-28T14:21:15+00:00\" \/>\n<meta name=\"author\" content=\"hsce\" \/>\n<meta name=\"twitter:label1\" content=\"Written by\" \/>\n\t<meta name=\"twitter:data1\" content=\"hsce\" \/>\n\t<meta name=\"twitter:label2\" content=\"Est. reading time\" \/>\n\t<meta name=\"twitter:data2\" content=\"3 minutes\" \/>\n<script type=\"application\/ld+json\" class=\"yoast-schema-graph\">{\"@context\":\"https:\/\/schema.org\",\"@graph\":[{\"@type\":\"Article\",\"@id\":\"https:\/\/www.hsce.com.br\/difal-de-icms-toffoli-pede-vista-e-suspende-julgamento\/#article\",\"isPartOf\":{\"@id\":\"https:\/\/www.hsce.com.br\/difal-de-icms-toffoli-pede-vista-e-suspende-julgamento\/\"},\"author\":{\"name\":\"hsce\",\"@id\":\"https:\/\/www.hsce.com.br\/#\/schema\/person\/ce400a0e9f66b1195f845fb1fdca8b33\"},\"headline\":\"Difal de ICMS: Toffoli pede vista e suspende julgamento\",\"datePublished\":\"2022-09-27T19:48:00+00:00\",\"dateModified\":\"2022-09-28T14:21:15+00:00\",\"mainEntityOfPage\":{\"@id\":\"https:\/\/www.hsce.com.br\/difal-de-icms-toffoli-pede-vista-e-suspende-julgamento\/\"},\"wordCount\":664,\"commentCount\":0,\"publisher\":{\"@id\":\"https:\/\/www.hsce.com.br\/#organization\"},\"keywords\":[\"#aliquota\",\"#difal\",\"#diferencial\",\"#ICMS\"],\"articleSection\":[\"Not\u00edcias\"],\"inLanguage\":\"en-US\",\"potentialAction\":[{\"@type\":\"CommentAction\",\"name\":\"Comment\",\"target\":[\"https:\/\/www.hsce.com.br\/difal-de-icms-toffoli-pede-vista-e-suspende-julgamento\/#respond\"]}]},{\"@type\":\"WebPage\",\"@id\":\"https:\/\/www.hsce.com.br\/difal-de-icms-toffoli-pede-vista-e-suspende-julgamento\/\",\"url\":\"https:\/\/www.hsce.com.br\/difal-de-icms-toffoli-pede-vista-e-suspende-julgamento\/\",\"name\":\"Difal de ICMS: Toffoli pede vista e suspende julgamento - Hands on Solutions\",\"isPartOf\":{\"@id\":\"https:\/\/www.hsce.com.br\/#website\"},\"datePublished\":\"2022-09-27T19:48:00+00:00\",\"dateModified\":\"2022-09-28T14:21:15+00:00\",\"breadcrumb\":{\"@id\":\"https:\/\/www.hsce.com.br\/difal-de-icms-toffoli-pede-vista-e-suspende-julgamento\/#breadcrumb\"},\"inLanguage\":\"en-US\",\"potentialAction\":[{\"@type\":\"ReadAction\",\"target\":[\"https:\/\/www.hsce.com.br\/difal-de-icms-toffoli-pede-vista-e-suspende-julgamento\/\"]}]},{\"@type\":\"BreadcrumbList\",\"@id\":\"https:\/\/www.hsce.com.br\/difal-de-icms-toffoli-pede-vista-e-suspende-julgamento\/#breadcrumb\",\"itemListElement\":[{\"@type\":\"ListItem\",\"position\":1,\"name\":\"In\u00edcio\",\"item\":\"https:\/\/www.hsce.com.br\/\"},{\"@type\":\"ListItem\",\"position\":2,\"name\":\"Difal de ICMS: Toffoli pede vista e suspende julgamento\"}]},{\"@type\":\"WebSite\",\"@id\":\"https:\/\/www.hsce.com.br\/#website\",\"url\":\"https:\/\/www.hsce.com.br\/\",\"name\":\"Hands on Solutions\",\"description\":\"\",\"publisher\":{\"@id\":\"https:\/\/www.hsce.com.br\/#organization\"},\"potentialAction\":[{\"@type\":\"SearchAction\",\"target\":{\"@type\":\"EntryPoint\",\"urlTemplate\":\"https:\/\/www.hsce.com.br\/?s={search_term_string}\"},\"query-input\":{\"@type\":\"PropertyValueSpecification\",\"valueRequired\":true,\"valueName\":\"search_term_string\"}}],\"inLanguage\":\"en-US\"},{\"@type\":\"Organization\",\"@id\":\"https:\/\/www.hsce.com.br\/#organization\",\"name\":\"Hands on Solutions\",\"url\":\"https:\/\/www.hsce.com.br\/\",\"logo\":{\"@type\":\"ImageObject\",\"inLanguage\":\"en-US\",\"@id\":\"https:\/\/www.hsce.com.br\/#\/schema\/logo\/image\/\",\"url\":\"https:\/\/www.hsce.com.br\/wp-content\/uploads\/2015\/09\/handson.png\",\"contentUrl\":\"https:\/\/www.hsce.com.br\/wp-content\/uploads\/2015\/09\/handson.png\",\"width\":230,\"height\":68,\"caption\":\"Hands on Solutions\"},\"image\":{\"@id\":\"https:\/\/www.hsce.com.br\/#\/schema\/logo\/image\/\"},\"sameAs\":[\"https:\/\/www.linkedin.com\/company\/hsce-ltda?trk=company_logo\"]},{\"@type\":\"Person\",\"@id\":\"https:\/\/www.hsce.com.br\/#\/schema\/person\/ce400a0e9f66b1195f845fb1fdca8b33\",\"name\":\"hsce\",\"image\":{\"@type\":\"ImageObject\",\"inLanguage\":\"en-US\",\"@id\":\"https:\/\/secure.gravatar.com\/avatar\/5cfe77ad71593df19912d9dffea7f5a8f3b3f45feff1ac302d60b22d3629b491?s=96&d=mm&r=g\",\"url\":\"https:\/\/secure.gravatar.com\/avatar\/5cfe77ad71593df19912d9dffea7f5a8f3b3f45feff1ac302d60b22d3629b491?s=96&d=mm&r=g\",\"contentUrl\":\"https:\/\/secure.gravatar.com\/avatar\/5cfe77ad71593df19912d9dffea7f5a8f3b3f45feff1ac302d60b22d3629b491?s=96&d=mm&r=g\",\"caption\":\"hsce\"},\"url\":\"https:\/\/www.hsce.com.br\/en\/author\/hsce\/\"}]}<\/script>\n<!-- \/ Yoast SEO plugin. -->","yoast_head_json":{"title":"Difal de ICMS: Toffoli pede vista e suspende julgamento - Hands on Solutions","robots":{"index":"index","follow":"follow","max-snippet":"max-snippet:-1","max-image-preview":"max-image-preview:large","max-video-preview":"max-video-preview:-1"},"canonical":"https:\/\/www.hsce.com.br\/en\/difal-de-icms-toffoli-pede-vista-e-suspende-julgamento\/","og_locale":"en_US","og_type":"article","og_title":"Difal de ICMS: Toffoli pede vista e suspende julgamento - Hands on Solutions","og_description":"Um pedido de vista do ministro Dias Toffoli, do Supremo Tribunal Federal (STF), suspendeu nesta ter\u00e7a-feira (27\/9) o julgamento das a\u00e7\u00f5es que discutem o momento de cobran\u00e7a do diferencial de al\u00edquota (Difal) de ICMS em opera\u00e7\u00f5es envolvendo mercadoria destinada a consumidor final n\u00e3o contribuinte do imposto localizado em outro estado. O julgamento estava previsto para [&hellip;]","og_url":"https:\/\/www.hsce.com.br\/en\/difal-de-icms-toffoli-pede-vista-e-suspende-julgamento\/","og_site_name":"Hands on Solutions","article_published_time":"2022-09-27T19:48:00+00:00","article_modified_time":"2022-09-28T14:21:15+00:00","author":"hsce","twitter_misc":{"Written by":"hsce","Est. reading time":"3 minutes"},"schema":{"@context":"https:\/\/schema.org","@graph":[{"@type":"Article","@id":"https:\/\/www.hsce.com.br\/difal-de-icms-toffoli-pede-vista-e-suspende-julgamento\/#article","isPartOf":{"@id":"https:\/\/www.hsce.com.br\/difal-de-icms-toffoli-pede-vista-e-suspende-julgamento\/"},"author":{"name":"hsce","@id":"https:\/\/www.hsce.com.br\/#\/schema\/person\/ce400a0e9f66b1195f845fb1fdca8b33"},"headline":"Difal de ICMS: Toffoli pede vista e suspende julgamento","datePublished":"2022-09-27T19:48:00+00:00","dateModified":"2022-09-28T14:21:15+00:00","mainEntityOfPage":{"@id":"https:\/\/www.hsce.com.br\/difal-de-icms-toffoli-pede-vista-e-suspende-julgamento\/"},"wordCount":664,"commentCount":0,"publisher":{"@id":"https:\/\/www.hsce.com.br\/#organization"},"keywords":["#aliquota","#difal","#diferencial","#ICMS"],"articleSection":["Not\u00edcias"],"inLanguage":"en-US","potentialAction":[{"@type":"CommentAction","name":"Comment","target":["https:\/\/www.hsce.com.br\/difal-de-icms-toffoli-pede-vista-e-suspende-julgamento\/#respond"]}]},{"@type":"WebPage","@id":"https:\/\/www.hsce.com.br\/difal-de-icms-toffoli-pede-vista-e-suspende-julgamento\/","url":"https:\/\/www.hsce.com.br\/difal-de-icms-toffoli-pede-vista-e-suspende-julgamento\/","name":"Difal de ICMS: Toffoli pede vista e suspende julgamento - Hands on Solutions","isPartOf":{"@id":"https:\/\/www.hsce.com.br\/#website"},"datePublished":"2022-09-27T19:48:00+00:00","dateModified":"2022-09-28T14:21:15+00:00","breadcrumb":{"@id":"https:\/\/www.hsce.com.br\/difal-de-icms-toffoli-pede-vista-e-suspende-julgamento\/#breadcrumb"},"inLanguage":"en-US","potentialAction":[{"@type":"ReadAction","target":["https:\/\/www.hsce.com.br\/difal-de-icms-toffoli-pede-vista-e-suspende-julgamento\/"]}]},{"@type":"BreadcrumbList","@id":"https:\/\/www.hsce.com.br\/difal-de-icms-toffoli-pede-vista-e-suspende-julgamento\/#breadcrumb","itemListElement":[{"@type":"ListItem","position":1,"name":"In\u00edcio","item":"https:\/\/www.hsce.com.br\/"},{"@type":"ListItem","position":2,"name":"Difal de ICMS: Toffoli pede vista e suspende julgamento"}]},{"@type":"WebSite","@id":"https:\/\/www.hsce.com.br\/#website","url":"https:\/\/www.hsce.com.br\/","name":"Hands on Solutions","description":"","publisher":{"@id":"https:\/\/www.hsce.com.br\/#organization"},"potentialAction":[{"@type":"SearchAction","target":{"@type":"EntryPoint","urlTemplate":"https:\/\/www.hsce.com.br\/?s={search_term_string}"},"query-input":{"@type":"PropertyValueSpecification","valueRequired":true,"valueName":"search_term_string"}}],"inLanguage":"en-US"},{"@type":"Organization","@id":"https:\/\/www.hsce.com.br\/#organization","name":"Hands on Solutions","url":"https:\/\/www.hsce.com.br\/","logo":{"@type":"ImageObject","inLanguage":"en-US","@id":"https:\/\/www.hsce.com.br\/#\/schema\/logo\/image\/","url":"https:\/\/www.hsce.com.br\/wp-content\/uploads\/2015\/09\/handson.png","contentUrl":"https:\/\/www.hsce.com.br\/wp-content\/uploads\/2015\/09\/handson.png","width":230,"height":68,"caption":"Hands on Solutions"},"image":{"@id":"https:\/\/www.hsce.com.br\/#\/schema\/logo\/image\/"},"sameAs":["https:\/\/www.linkedin.com\/company\/hsce-ltda?trk=company_logo"]},{"@type":"Person","@id":"https:\/\/www.hsce.com.br\/#\/schema\/person\/ce400a0e9f66b1195f845fb1fdca8b33","name":"hsce","image":{"@type":"ImageObject","inLanguage":"en-US","@id":"https:\/\/secure.gravatar.com\/avatar\/5cfe77ad71593df19912d9dffea7f5a8f3b3f45feff1ac302d60b22d3629b491?s=96&d=mm&r=g","url":"https:\/\/secure.gravatar.com\/avatar\/5cfe77ad71593df19912d9dffea7f5a8f3b3f45feff1ac302d60b22d3629b491?s=96&d=mm&r=g","contentUrl":"https:\/\/secure.gravatar.com\/avatar\/5cfe77ad71593df19912d9dffea7f5a8f3b3f45feff1ac302d60b22d3629b491?s=96&d=mm&r=g","caption":"hsce"},"url":"https:\/\/www.hsce.com.br\/en\/author\/hsce\/"}]}},"_links":{"self":[{"href":"https:\/\/www.hsce.com.br\/en\/wp-json\/wp\/v2\/posts\/1166","targetHints":{"allow":["GET"]}}],"collection":[{"href":"https:\/\/www.hsce.com.br\/en\/wp-json\/wp\/v2\/posts"}],"about":[{"href":"https:\/\/www.hsce.com.br\/en\/wp-json\/wp\/v2\/types\/post"}],"author":[{"embeddable":true,"href":"https:\/\/www.hsce.com.br\/en\/wp-json\/wp\/v2\/users\/8"}],"replies":[{"embeddable":true,"href":"https:\/\/www.hsce.com.br\/en\/wp-json\/wp\/v2\/comments?post=1166"}],"version-history":[{"count":1,"href":"https:\/\/www.hsce.com.br\/en\/wp-json\/wp\/v2\/posts\/1166\/revisions"}],"predecessor-version":[{"id":1167,"href":"https:\/\/www.hsce.com.br\/en\/wp-json\/wp\/v2\/posts\/1166\/revisions\/1167"}],"wp:attachment":[{"href":"https:\/\/www.hsce.com.br\/en\/wp-json\/wp\/v2\/media?parent=1166"}],"wp:term":[{"taxonomy":"category","embeddable":true,"href":"https:\/\/www.hsce.com.br\/en\/wp-json\/wp\/v2\/categories?post=1166"},{"taxonomy":"post_tag","embeddable":true,"href":"https:\/\/www.hsce.com.br\/en\/wp-json\/wp\/v2\/tags?post=1166"}],"curies":[{"name":"wp","href":"https:\/\/api.w.org\/{rel}","templated":true}]}}