{"id":1154,"date":"2022-09-12T18:05:00","date_gmt":"2022-09-12T18:05:00","guid":{"rendered":"http:\/\/www.hsce.com.br\/?p=1154"},"modified":"2022-09-13T12:17:18","modified_gmt":"2022-09-13T12:17:18","slug":"decisao-contribuicao-previdenciaria-patronal-incide-sobre-valores-descontados-do-empregado-referentes-a-planos-de-saude","status":"publish","type":"post","link":"https:\/\/www.hsce.com.br\/en\/decisao-contribuicao-previdenciaria-patronal-incide-sobre-valores-descontados-do-empregado-referentes-a-planos-de-saude\/","title":{"rendered":"DECISION: Employer&#039;s social security contribution is levied on amounts discounted from employees for health plans"},"content":{"rendered":"<p>The 8th Panel of the Federal Regional Court of the 1st Region (TRF1) denied the request of a company that intended to stop collecting social security and third-party contributions (for example, education salary, Incra, Sistema S) on the installments discounted from its employees relating to medical and dental assistance plans, with the corresponding compensation and monthly interest on arrears equivalent to the Selic rate.<\/p>\n\n\n\n<p>The Board upheld the first instance decision which concluded that the non-collection of these taxes would constitute unjust enrichment of the plaintiff company, which appealed the ruling.<\/p>\n\n\n\n<p>Employer social security contribution is the collection, by the company, of social contributions to the National Social Security Institute (INSS employer) based on its payroll calculation.<\/p>\n\n\n\n<p>When analyzing the appeal at the TRF1, the rapporteur, federal judge Nov\u00e9ly Vilanova, explained that, according to Law 8,212\/1991 (which provides for social security) and the case law of the Superior Court of Justice, the employee&#039;s social security contribution is included in his\/her payroll as an item of the company&#039;s remuneration and the basis for calculating the employer&#039;s contribution. Therefore, the discounts corresponding to the employee&#039;s costs in the medical and dental care plans are part of the employee&#039;s remuneration.<\/p>\n\n\n\n<p>In the case analyzed, the judge emphasized that \u201cthe amounts corresponding to the Social Security Contribution owed by the employee are credited to their payroll as amounts forming part of their remuneration and are then debited to settle their tax obligations, thus forming part of the calculation basis for employer social security contributions\u201d.<\/p>\n\n\n\n<p>Unanimously, the Panel upheld the sentence in accordance with the rapporteur&#039;s vote.<\/p>\n\n\n\n<p>Case: 1049610-97.2020.4.01.3800<\/p>\n\n\n\n<p>Trial date: 08\/08\/2022<\/p>\n\n\n\n<p>Publication date: 08\/15\/2022<\/p>\n\n\n\n<p>RS\/CB<\/p>\n\n\n\n<p>Social Communication Advisory<\/p>\n\n\n\n<p>Federal Regional Court of the 1st Region<\/p>\n\n\n\n<blockquote class=\"wp-block-quote is-layout-flow wp-block-quote-is-layout-flow\"><p>Source: <a href=\"https:\/\/portal.trf1.jus.br\/portaltrf1\/comunicacao-social\/imprensa\/noticias\/decisao-contribuicao-previdenciaria-patronal-incide-sobre-valores-descontados-do-empregado-referentes-a-planos-de-saude.htm\">https:\/\/portal.trf1.jus.br\/portaltrf1\/comunicacao-social\/imprensa\/noticias\/decisao-contribuicao-previdenciaria-patronal-incide-sobre-valores-descontados-do-empregado-referentes-a-planos-de-saude.htm<\/a><\/p><\/blockquote>","protected":false},"excerpt":{"rendered":"<p>A 8\u00aa Turma do Tribunal Regional Federal da 1\u00aa Regi\u00e3o (TRF1) negou o pedido de uma empresa que pretendia deixar de recolher a contribui\u00e7\u00e3o previdenci\u00e1ria e de terceiros (por exemplo, sal\u00e1rio-educa\u00e7\u00e3o, Incra, Sistema S) sobre as parcelas descontadas de seus empregados referentes a planos de assist\u00eancia m\u00e9dica e odontol\u00f3gica, com a correspondente compensa\u00e7\u00e3o e juros [&hellip;]<\/p>","protected":false},"author":8,"featured_media":0,"comment_status":"open","ping_status":"open","sticky":false,"template":"","format":"standard","meta":{"_monsterinsights_skip_tracking":false,"_monsterinsights_sitenote_active":false,"_monsterinsights_sitenote_note":"","_monsterinsights_sitenote_category":0,"footnotes":""},"categories":[76],"tags":[457,300,400],"class_list":["post-1154","post","type-post","status-publish","format-standard","hentry","category-noticias","tag-contribuicaoprevidenciaria","tag-dentista","tag-planodesaude"],"yoast_head":"<!-- This site is optimized with the Yoast SEO plugin v27.2 - https:\/\/yoast.com\/product\/yoast-seo-wordpress\/ -->\n<title>DECIS\u00c3O: Contribui\u00e7\u00e3o previdenci\u00e1ria patronal incide sobre valores descontados do empregado referentes a planos de sa\u00fade - Hands on Solutions<\/title>\n<meta name=\"robots\" content=\"index, follow, max-snippet:-1, max-image-preview:large, max-video-preview:-1\" \/>\n<link rel=\"canonical\" href=\"https:\/\/www.hsce.com.br\/en\/decisao-contribuicao-previdenciaria-patronal-incide-sobre-valores-descontados-do-empregado-referentes-a-planos-de-saude\/\" \/>\n<meta property=\"og:locale\" content=\"en_US\" \/>\n<meta property=\"og:type\" content=\"article\" \/>\n<meta property=\"og:title\" content=\"DECIS\u00c3O: Contribui\u00e7\u00e3o previdenci\u00e1ria patronal incide sobre valores descontados do empregado referentes a planos de sa\u00fade - Hands on Solutions\" \/>\n<meta property=\"og:description\" content=\"A 8\u00aa Turma do Tribunal Regional Federal da 1\u00aa Regi\u00e3o (TRF1) negou o pedido de uma empresa que pretendia deixar de recolher a contribui\u00e7\u00e3o previdenci\u00e1ria e de terceiros (por exemplo, sal\u00e1rio-educa\u00e7\u00e3o, Incra, Sistema S) sobre as parcelas descontadas de seus empregados referentes a planos de assist\u00eancia m\u00e9dica e odontol\u00f3gica, com a correspondente compensa\u00e7\u00e3o e juros [&hellip;]\" \/>\n<meta property=\"og:url\" content=\"https:\/\/www.hsce.com.br\/en\/decisao-contribuicao-previdenciaria-patronal-incide-sobre-valores-descontados-do-empregado-referentes-a-planos-de-saude\/\" \/>\n<meta property=\"og:site_name\" content=\"Hands on Solutions\" \/>\n<meta property=\"article:published_time\" content=\"2022-09-12T18:05:00+00:00\" \/>\n<meta property=\"article:modified_time\" content=\"2022-09-13T12:17:18+00:00\" \/>\n<meta name=\"author\" content=\"hsce\" \/>\n<meta name=\"twitter:label1\" content=\"Written by\" \/>\n\t<meta name=\"twitter:data1\" content=\"hsce\" \/>\n\t<meta name=\"twitter:label2\" content=\"Est. reading time\" \/>\n\t<meta name=\"twitter:data2\" content=\"2 minutes\" \/>\n<script type=\"application\/ld+json\" class=\"yoast-schema-graph\">{\"@context\":\"https:\/\/schema.org\",\"@graph\":[{\"@type\":\"Article\",\"@id\":\"https:\/\/www.hsce.com.br\/decisao-contribuicao-previdenciaria-patronal-incide-sobre-valores-descontados-do-empregado-referentes-a-planos-de-saude\/#article\",\"isPartOf\":{\"@id\":\"https:\/\/www.hsce.com.br\/decisao-contribuicao-previdenciaria-patronal-incide-sobre-valores-descontados-do-empregado-referentes-a-planos-de-saude\/\"},\"author\":{\"name\":\"hsce\",\"@id\":\"https:\/\/www.hsce.com.br\/#\/schema\/person\/ce400a0e9f66b1195f845fb1fdca8b33\"},\"headline\":\"DECIS\u00c3O: Contribui\u00e7\u00e3o previdenci\u00e1ria patronal incide sobre valores descontados do empregado referentes a planos de sa\u00fade\",\"datePublished\":\"2022-09-12T18:05:00+00:00\",\"dateModified\":\"2022-09-13T12:17:18+00:00\",\"mainEntityOfPage\":{\"@id\":\"https:\/\/www.hsce.com.br\/decisao-contribuicao-previdenciaria-patronal-incide-sobre-valores-descontados-do-empregado-referentes-a-planos-de-saude\/\"},\"wordCount\":347,\"commentCount\":0,\"publisher\":{\"@id\":\"https:\/\/www.hsce.com.br\/#organization\"},\"keywords\":[\"#contribuicaoprevidenciaria\",\"#dentista\",\"#planodesaude\"],\"articleSection\":[\"Not\u00edcias\"],\"inLanguage\":\"en-US\",\"potentialAction\":[{\"@type\":\"CommentAction\",\"name\":\"Comment\",\"target\":[\"https:\/\/www.hsce.com.br\/decisao-contribuicao-previdenciaria-patronal-incide-sobre-valores-descontados-do-empregado-referentes-a-planos-de-saude\/#respond\"]}]},{\"@type\":\"WebPage\",\"@id\":\"https:\/\/www.hsce.com.br\/decisao-contribuicao-previdenciaria-patronal-incide-sobre-valores-descontados-do-empregado-referentes-a-planos-de-saude\/\",\"url\":\"https:\/\/www.hsce.com.br\/decisao-contribuicao-previdenciaria-patronal-incide-sobre-valores-descontados-do-empregado-referentes-a-planos-de-saude\/\",\"name\":\"DECIS\u00c3O: Contribui\u00e7\u00e3o previdenci\u00e1ria patronal incide sobre valores descontados do empregado referentes a planos de sa\u00fade - Hands on Solutions\",\"isPartOf\":{\"@id\":\"https:\/\/www.hsce.com.br\/#website\"},\"datePublished\":\"2022-09-12T18:05:00+00:00\",\"dateModified\":\"2022-09-13T12:17:18+00:00\",\"breadcrumb\":{\"@id\":\"https:\/\/www.hsce.com.br\/decisao-contribuicao-previdenciaria-patronal-incide-sobre-valores-descontados-do-empregado-referentes-a-planos-de-saude\/#breadcrumb\"},\"inLanguage\":\"en-US\",\"potentialAction\":[{\"@type\":\"ReadAction\",\"target\":[\"https:\/\/www.hsce.com.br\/decisao-contribuicao-previdenciaria-patronal-incide-sobre-valores-descontados-do-empregado-referentes-a-planos-de-saude\/\"]}]},{\"@type\":\"BreadcrumbList\",\"@id\":\"https:\/\/www.hsce.com.br\/decisao-contribuicao-previdenciaria-patronal-incide-sobre-valores-descontados-do-empregado-referentes-a-planos-de-saude\/#breadcrumb\",\"itemListElement\":[{\"@type\":\"ListItem\",\"position\":1,\"name\":\"In\u00edcio\",\"item\":\"https:\/\/www.hsce.com.br\/\"},{\"@type\":\"ListItem\",\"position\":2,\"name\":\"DECIS\u00c3O: Contribui\u00e7\u00e3o previdenci\u00e1ria patronal incide sobre valores descontados do empregado referentes a planos de sa\u00fade\"}]},{\"@type\":\"WebSite\",\"@id\":\"https:\/\/www.hsce.com.br\/#website\",\"url\":\"https:\/\/www.hsce.com.br\/\",\"name\":\"Hands on Solutions\",\"description\":\"\",\"publisher\":{\"@id\":\"https:\/\/www.hsce.com.br\/#organization\"},\"potentialAction\":[{\"@type\":\"SearchAction\",\"target\":{\"@type\":\"EntryPoint\",\"urlTemplate\":\"https:\/\/www.hsce.com.br\/?s={search_term_string}\"},\"query-input\":{\"@type\":\"PropertyValueSpecification\",\"valueRequired\":true,\"valueName\":\"search_term_string\"}}],\"inLanguage\":\"en-US\"},{\"@type\":\"Organization\",\"@id\":\"https:\/\/www.hsce.com.br\/#organization\",\"name\":\"Hands on Solutions\",\"url\":\"https:\/\/www.hsce.com.br\/\",\"logo\":{\"@type\":\"ImageObject\",\"inLanguage\":\"en-US\",\"@id\":\"https:\/\/www.hsce.com.br\/#\/schema\/logo\/image\/\",\"url\":\"https:\/\/www.hsce.com.br\/wp-content\/uploads\/2015\/09\/handson.png\",\"contentUrl\":\"https:\/\/www.hsce.com.br\/wp-content\/uploads\/2015\/09\/handson.png\",\"width\":230,\"height\":68,\"caption\":\"Hands on Solutions\"},\"image\":{\"@id\":\"https:\/\/www.hsce.com.br\/#\/schema\/logo\/image\/\"},\"sameAs\":[\"https:\/\/www.linkedin.com\/company\/hsce-ltda?trk=company_logo\"]},{\"@type\":\"Person\",\"@id\":\"https:\/\/www.hsce.com.br\/#\/schema\/person\/ce400a0e9f66b1195f845fb1fdca8b33\",\"name\":\"hsce\",\"image\":{\"@type\":\"ImageObject\",\"inLanguage\":\"en-US\",\"@id\":\"https:\/\/secure.gravatar.com\/avatar\/5cfe77ad71593df19912d9dffea7f5a8f3b3f45feff1ac302d60b22d3629b491?s=96&d=mm&r=g\",\"url\":\"https:\/\/secure.gravatar.com\/avatar\/5cfe77ad71593df19912d9dffea7f5a8f3b3f45feff1ac302d60b22d3629b491?s=96&d=mm&r=g\",\"contentUrl\":\"https:\/\/secure.gravatar.com\/avatar\/5cfe77ad71593df19912d9dffea7f5a8f3b3f45feff1ac302d60b22d3629b491?s=96&d=mm&r=g\",\"caption\":\"hsce\"},\"url\":\"https:\/\/www.hsce.com.br\/en\/author\/hsce\/\"}]}<\/script>\n<!-- \/ Yoast SEO plugin. -->","yoast_head_json":{"title":"DECIS\u00c3O: Contribui\u00e7\u00e3o previdenci\u00e1ria patronal incide sobre valores descontados do empregado referentes a planos de sa\u00fade - Hands on Solutions","robots":{"index":"index","follow":"follow","max-snippet":"max-snippet:-1","max-image-preview":"max-image-preview:large","max-video-preview":"max-video-preview:-1"},"canonical":"https:\/\/www.hsce.com.br\/en\/decisao-contribuicao-previdenciaria-patronal-incide-sobre-valores-descontados-do-empregado-referentes-a-planos-de-saude\/","og_locale":"en_US","og_type":"article","og_title":"DECIS\u00c3O: Contribui\u00e7\u00e3o previdenci\u00e1ria patronal incide sobre valores descontados do empregado referentes a planos de sa\u00fade - Hands on Solutions","og_description":"A 8\u00aa Turma do Tribunal Regional Federal da 1\u00aa Regi\u00e3o (TRF1) negou o pedido de uma empresa que pretendia deixar de recolher a contribui\u00e7\u00e3o previdenci\u00e1ria e de terceiros (por exemplo, sal\u00e1rio-educa\u00e7\u00e3o, Incra, Sistema S) sobre as parcelas descontadas de seus empregados referentes a planos de assist\u00eancia m\u00e9dica e odontol\u00f3gica, com a correspondente compensa\u00e7\u00e3o e juros [&hellip;]","og_url":"https:\/\/www.hsce.com.br\/en\/decisao-contribuicao-previdenciaria-patronal-incide-sobre-valores-descontados-do-empregado-referentes-a-planos-de-saude\/","og_site_name":"Hands on Solutions","article_published_time":"2022-09-12T18:05:00+00:00","article_modified_time":"2022-09-13T12:17:18+00:00","author":"hsce","twitter_misc":{"Written by":"hsce","Est. reading time":"2 minutes"},"schema":{"@context":"https:\/\/schema.org","@graph":[{"@type":"Article","@id":"https:\/\/www.hsce.com.br\/decisao-contribuicao-previdenciaria-patronal-incide-sobre-valores-descontados-do-empregado-referentes-a-planos-de-saude\/#article","isPartOf":{"@id":"https:\/\/www.hsce.com.br\/decisao-contribuicao-previdenciaria-patronal-incide-sobre-valores-descontados-do-empregado-referentes-a-planos-de-saude\/"},"author":{"name":"hsce","@id":"https:\/\/www.hsce.com.br\/#\/schema\/person\/ce400a0e9f66b1195f845fb1fdca8b33"},"headline":"DECIS\u00c3O: Contribui\u00e7\u00e3o previdenci\u00e1ria patronal incide sobre valores descontados do empregado referentes a planos de sa\u00fade","datePublished":"2022-09-12T18:05:00+00:00","dateModified":"2022-09-13T12:17:18+00:00","mainEntityOfPage":{"@id":"https:\/\/www.hsce.com.br\/decisao-contribuicao-previdenciaria-patronal-incide-sobre-valores-descontados-do-empregado-referentes-a-planos-de-saude\/"},"wordCount":347,"commentCount":0,"publisher":{"@id":"https:\/\/www.hsce.com.br\/#organization"},"keywords":["#contribuicaoprevidenciaria","#dentista","#planodesaude"],"articleSection":["Not\u00edcias"],"inLanguage":"en-US","potentialAction":[{"@type":"CommentAction","name":"Comment","target":["https:\/\/www.hsce.com.br\/decisao-contribuicao-previdenciaria-patronal-incide-sobre-valores-descontados-do-empregado-referentes-a-planos-de-saude\/#respond"]}]},{"@type":"WebPage","@id":"https:\/\/www.hsce.com.br\/decisao-contribuicao-previdenciaria-patronal-incide-sobre-valores-descontados-do-empregado-referentes-a-planos-de-saude\/","url":"https:\/\/www.hsce.com.br\/decisao-contribuicao-previdenciaria-patronal-incide-sobre-valores-descontados-do-empregado-referentes-a-planos-de-saude\/","name":"DECIS\u00c3O: Contribui\u00e7\u00e3o previdenci\u00e1ria patronal incide sobre valores descontados do empregado referentes a planos de sa\u00fade - Hands on Solutions","isPartOf":{"@id":"https:\/\/www.hsce.com.br\/#website"},"datePublished":"2022-09-12T18:05:00+00:00","dateModified":"2022-09-13T12:17:18+00:00","breadcrumb":{"@id":"https:\/\/www.hsce.com.br\/decisao-contribuicao-previdenciaria-patronal-incide-sobre-valores-descontados-do-empregado-referentes-a-planos-de-saude\/#breadcrumb"},"inLanguage":"en-US","potentialAction":[{"@type":"ReadAction","target":["https:\/\/www.hsce.com.br\/decisao-contribuicao-previdenciaria-patronal-incide-sobre-valores-descontados-do-empregado-referentes-a-planos-de-saude\/"]}]},{"@type":"BreadcrumbList","@id":"https:\/\/www.hsce.com.br\/decisao-contribuicao-previdenciaria-patronal-incide-sobre-valores-descontados-do-empregado-referentes-a-planos-de-saude\/#breadcrumb","itemListElement":[{"@type":"ListItem","position":1,"name":"In\u00edcio","item":"https:\/\/www.hsce.com.br\/"},{"@type":"ListItem","position":2,"name":"DECIS\u00c3O: Contribui\u00e7\u00e3o previdenci\u00e1ria patronal incide sobre valores descontados do empregado referentes a planos de sa\u00fade"}]},{"@type":"WebSite","@id":"https:\/\/www.hsce.com.br\/#website","url":"https:\/\/www.hsce.com.br\/","name":"Hands on Solutions","description":"","publisher":{"@id":"https:\/\/www.hsce.com.br\/#organization"},"potentialAction":[{"@type":"SearchAction","target":{"@type":"EntryPoint","urlTemplate":"https:\/\/www.hsce.com.br\/?s={search_term_string}"},"query-input":{"@type":"PropertyValueSpecification","valueRequired":true,"valueName":"search_term_string"}}],"inLanguage":"en-US"},{"@type":"Organization","@id":"https:\/\/www.hsce.com.br\/#organization","name":"Hands on Solutions","url":"https:\/\/www.hsce.com.br\/","logo":{"@type":"ImageObject","inLanguage":"en-US","@id":"https:\/\/www.hsce.com.br\/#\/schema\/logo\/image\/","url":"https:\/\/www.hsce.com.br\/wp-content\/uploads\/2015\/09\/handson.png","contentUrl":"https:\/\/www.hsce.com.br\/wp-content\/uploads\/2015\/09\/handson.png","width":230,"height":68,"caption":"Hands on Solutions"},"image":{"@id":"https:\/\/www.hsce.com.br\/#\/schema\/logo\/image\/"},"sameAs":["https:\/\/www.linkedin.com\/company\/hsce-ltda?trk=company_logo"]},{"@type":"Person","@id":"https:\/\/www.hsce.com.br\/#\/schema\/person\/ce400a0e9f66b1195f845fb1fdca8b33","name":"hsce","image":{"@type":"ImageObject","inLanguage":"en-US","@id":"https:\/\/secure.gravatar.com\/avatar\/5cfe77ad71593df19912d9dffea7f5a8f3b3f45feff1ac302d60b22d3629b491?s=96&d=mm&r=g","url":"https:\/\/secure.gravatar.com\/avatar\/5cfe77ad71593df19912d9dffea7f5a8f3b3f45feff1ac302d60b22d3629b491?s=96&d=mm&r=g","contentUrl":"https:\/\/secure.gravatar.com\/avatar\/5cfe77ad71593df19912d9dffea7f5a8f3b3f45feff1ac302d60b22d3629b491?s=96&d=mm&r=g","caption":"hsce"},"url":"https:\/\/www.hsce.com.br\/en\/author\/hsce\/"}]}},"_links":{"self":[{"href":"https:\/\/www.hsce.com.br\/en\/wp-json\/wp\/v2\/posts\/1154","targetHints":{"allow":["GET"]}}],"collection":[{"href":"https:\/\/www.hsce.com.br\/en\/wp-json\/wp\/v2\/posts"}],"about":[{"href":"https:\/\/www.hsce.com.br\/en\/wp-json\/wp\/v2\/types\/post"}],"author":[{"embeddable":true,"href":"https:\/\/www.hsce.com.br\/en\/wp-json\/wp\/v2\/users\/8"}],"replies":[{"embeddable":true,"href":"https:\/\/www.hsce.com.br\/en\/wp-json\/wp\/v2\/comments?post=1154"}],"version-history":[{"count":1,"href":"https:\/\/www.hsce.com.br\/en\/wp-json\/wp\/v2\/posts\/1154\/revisions"}],"predecessor-version":[{"id":1155,"href":"https:\/\/www.hsce.com.br\/en\/wp-json\/wp\/v2\/posts\/1154\/revisions\/1155"}],"wp:attachment":[{"href":"https:\/\/www.hsce.com.br\/en\/wp-json\/wp\/v2\/media?parent=1154"}],"wp:term":[{"taxonomy":"category","embeddable":true,"href":"https:\/\/www.hsce.com.br\/en\/wp-json\/wp\/v2\/categories?post=1154"},{"taxonomy":"post_tag","embeddable":true,"href":"https:\/\/www.hsce.com.br\/en\/wp-json\/wp\/v2\/tags?post=1154"}],"curies":[{"name":"wp","href":"https:\/\/api.w.org\/{rel}","templated":true}]}}