{"id":1089,"date":"2022-06-13T14:30:00","date_gmt":"2022-06-13T14:30:00","guid":{"rendered":"http:\/\/www.hsce.com.br\/?p=1089"},"modified":"2022-06-30T14:36:08","modified_gmt":"2022-06-30T14:36:08","slug":"sentenca-adia-cobranca-do-icms-difal-para-2023","status":"publish","type":"post","link":"https:\/\/www.hsce.com.br\/en\/sentenca-adia-cobranca-do-icms-difal-para-2023\/","title":{"rendered":"Ruling postpones ICMS Difal collection until 2023"},"content":{"rendered":"<p>The 4th Civil Court of Curitiba ruled, in a decision on the merits, that the ICMS tax rate differential (Difal) on e-commerce should only be charged next year. The ruling, which benefits Luizzi Ind\u00fastria e Com\u00e9rcio de Sof\u00e1s, is the first such ruling to date.<\/p>\n\n\n\n<p>Until then, according to lawyers, only preliminary injunctions had been granted and many of them were later revoked by presidents of Courts of Justice (TJs). They took into account, among other arguments, the effect on public coffers. Without this revenue, Brazilian states run the risk of losing R$15T 9.8 billion this year.<\/p>\n\n\n\n<p>The debate between taxpayers and state governments began at the beginning of the year, with the delay in the publication, by the federal government, of the complementary law required by the Federal Supreme Court (STF) for the collection. Approved by the National Congress on December 20, the rule, number 190, was only published in January.<\/p>\n\n\n\n<p>Therefore, taxpayers began to argue in court that Difal should only be collected from 2023 onwards. The States, in turn, decided to start collecting it \u2013 some only applied the so-called noventena (a period of 90 days from the publication of the law).<\/p>\n\n\n\n<p>In Curitiba, Luizzi obtained an injunction against the collection of Difal this year, which was confirmed by a ruling earlier this month. In the decision, substitute judge Eduardo Louren\u00e7o Bana understood that the State should respect the so-called annual prior notice \u2013 which determines that entities can only collect taxes in the year following the one in which the law that instituted or increased it was published.<\/p>\n\n\n\n<p>For him, the effect of the declaration of unconstitutionality of the rule that dealt with the differential in tax rates by the Supreme Court, in February 2021, is its withdrawal from the legal system, \u201cas if it had never existed\u201d. \u201cTherefore, constituting a new tax, the Difal requirement must comply with the provisions of article 150, paragraph III, items \u201ca\u201d, \u201cb\u201d and \u201cc\u201d, of the Federal Constitution\u201d, he says in the sentence.<\/p>\n\n\n\n<p>The Supreme Court&#039;s decision declared the unconstitutionality of clauses one, two, three and six of ICMS Agreement No. 93\/2015, which dealt with the difference in tax rates. \u201cDifal ceased to exist, as its requirement was legitimized by the aforementioned clauses of ICMS Agreement No. 93\/2015,\u201d the judge stated.<\/p>\n\n\n\n<p>The new rule required by the Supreme Court \u2013 the supplementary law \u2013, the judge recalls in the decision, was only published at the beginning of this year, which automatically postpones the collection to the following fiscal year. \u201cIt is concluded that the claimant has a clear and certain right not to be charged the Difal due to the State of Paran\u00e1 until 12\/31\/2022, so that the tax can only be demanded by the federated entity in the following financial year (2023)\u201d, he says.<\/p>\n\n\n\n<p>In the sentence, the judge adds that this understanding \u201cis not changed by the fact that there is a state rule enabling the collection of Difal (article 2, item VIII, of State Law No. 11580\/2006, included by Law No. 20,949\/2021).<\/p>\n\n\n\n<p>According to Augusto Fauvel, a partner at the Fauvel Moraes law firm, which represents the company in the lawsuit, the Federal Constitution is very clear when it comes to annual prior notice. \u201cBut we see that the budgetary issue has been a factor,\u201d he says. \u201cThere are decisions that disregard prior notice and do not apply the Constitution, for political-budgetary reasons. It is one thing to lose a well-played game, but another to lose on the green table,\u201d he says.<\/p>\n\n\n\n<p>The State Attorney General&#039;s Office defends the collection of Difal in this fiscal year of 2022 and is appealing all contrary decisions, which remove this requirement, according to a note sent to Valor.<\/p>\n\n\n\n<p>The final word on the matter, however, will be up to the Supreme Federal Court, which is analyzing four direct actions of unconstitutionality (ADIs). There was an expectation that the issue could be resolved through preliminary injunctions, but Justice Alexandre de Moraes denied all requests. He considered that the necessary requirements for granting the preliminary injunctions were not present.<\/p>\n\n\n\n<blockquote class=\"wp-block-quote is-layout-flow wp-block-quote-is-layout-flow\"><p>Source:\u00a0<a href=\"https:\/\/valor.globo.com\/legislacao\/noticia\/2022\/06\/13\/sentenca-adia-cobranca-do-icms-difal-para-2023.ghtml\" target=\"_blank\" rel=\"noreferrer noopener\">https:\/\/valor.globo.com\/legislacao\/noticia\/2022\/06\/13\/sentenca-adia-cobranca-do-icms-difal-para-2023.ghtml<\/a><\/p><\/blockquote>","protected":false},"excerpt":{"rendered":"<p>A 4\u00aa Vara C\u00edvel de Curitiba entendeu, em decis\u00e3o de m\u00e9rito, que o diferencial de al\u00edquotas (Difal) do ICMS no com\u00e9rcio eletr\u00f4nico s\u00f3 deve ser cobrado no ano que vem. A senten\u00e7a, que beneficia a Luizzi Ind\u00fastria e Com\u00e9rcio de Sof\u00e1s, \u00e9 a primeira que se tem not\u00edcia. At\u00e9 ent\u00e3o, segundo advogados, s\u00f3 haviam sido [&hellip;]<\/p>","protected":false},"author":8,"featured_media":0,"comment_status":"open","ping_status":"open","sticky":false,"template":"","format":"standard","meta":{"_monsterinsights_skip_tracking":false,"_monsterinsights_sitenote_active":false,"_monsterinsights_sitenote_note":"","_monsterinsights_sitenote_category":0,"footnotes":""},"categories":[76],"tags":[406,405,409,410,411,408,251,102,93,407,100],"class_list":["post-1089","post","type-post","status-publish","format-standard","hentry","category-noticias","tag-adiamentocobrancadodifal","tag-adis","tag-beneficiamento","tag-comercio","tag-comerciodesofa","tag-comercioeletronico-2","tag-difal","tag-icms-2","tag-industria","tag-sentenca","tag-stf-2"],"yoast_head":"<!-- This site is optimized with the Yoast SEO plugin v27.2 - https:\/\/yoast.com\/product\/yoast-seo-wordpress\/ -->\n<title>Senten\u00e7a adia cobran\u00e7a do ICMS Difal para 2023 - Hands on Solutions<\/title>\n<meta name=\"robots\" content=\"index, follow, max-snippet:-1, max-image-preview:large, max-video-preview:-1\" \/>\n<link rel=\"canonical\" href=\"https:\/\/www.hsce.com.br\/en\/sentenca-adia-cobranca-do-icms-difal-para-2023\/\" \/>\n<meta property=\"og:locale\" content=\"en_US\" \/>\n<meta property=\"og:type\" content=\"article\" \/>\n<meta property=\"og:title\" content=\"Senten\u00e7a adia cobran\u00e7a do ICMS Difal para 2023 - Hands on Solutions\" \/>\n<meta property=\"og:description\" content=\"A 4\u00aa Vara C\u00edvel de Curitiba entendeu, em decis\u00e3o de m\u00e9rito, que o diferencial de al\u00edquotas (Difal) do ICMS no com\u00e9rcio eletr\u00f4nico s\u00f3 deve ser cobrado no ano que vem. A senten\u00e7a, que beneficia a Luizzi Ind\u00fastria e Com\u00e9rcio de Sof\u00e1s, \u00e9 a primeira que se tem not\u00edcia. At\u00e9 ent\u00e3o, segundo advogados, s\u00f3 haviam sido [&hellip;]\" \/>\n<meta property=\"og:url\" content=\"https:\/\/www.hsce.com.br\/en\/sentenca-adia-cobranca-do-icms-difal-para-2023\/\" \/>\n<meta property=\"og:site_name\" content=\"Hands on Solutions\" \/>\n<meta property=\"article:published_time\" content=\"2022-06-13T14:30:00+00:00\" \/>\n<meta property=\"article:modified_time\" content=\"2022-06-30T14:36:08+00:00\" \/>\n<meta name=\"author\" content=\"hsce\" \/>\n<meta name=\"twitter:label1\" content=\"Written by\" \/>\n\t<meta name=\"twitter:data1\" content=\"hsce\" \/>\n\t<meta name=\"twitter:label2\" content=\"Est. reading time\" \/>\n\t<meta name=\"twitter:data2\" content=\"3 minutes\" \/>\n<script type=\"application\/ld+json\" class=\"yoast-schema-graph\">{\"@context\":\"https:\/\/schema.org\",\"@graph\":[{\"@type\":\"Article\",\"@id\":\"https:\/\/www.hsce.com.br\/sentenca-adia-cobranca-do-icms-difal-para-2023\/#article\",\"isPartOf\":{\"@id\":\"https:\/\/www.hsce.com.br\/sentenca-adia-cobranca-do-icms-difal-para-2023\/\"},\"author\":{\"name\":\"hsce\",\"@id\":\"https:\/\/www.hsce.com.br\/#\/schema\/person\/ce400a0e9f66b1195f845fb1fdca8b33\"},\"headline\":\"Senten\u00e7a adia cobran\u00e7a do ICMS Difal para 2023\",\"datePublished\":\"2022-06-13T14:30:00+00:00\",\"dateModified\":\"2022-06-30T14:36:08+00:00\",\"mainEntityOfPage\":{\"@id\":\"https:\/\/www.hsce.com.br\/sentenca-adia-cobranca-do-icms-difal-para-2023\/\"},\"wordCount\":713,\"commentCount\":0,\"publisher\":{\"@id\":\"https:\/\/www.hsce.com.br\/#organization\"},\"keywords\":[\"#adiamentocobran\u00e7adodifal\",\"#adis\",\"#beneficiamento\",\"#comercio\",\"#comerciodesofa\",\"#comercioeletronico\",\"#difal\",\"#ICMS\",\"#industria\",\"#senten\u00e7a\",\"#STF\"],\"articleSection\":[\"Not\u00edcias\"],\"inLanguage\":\"en-US\",\"potentialAction\":[{\"@type\":\"CommentAction\",\"name\":\"Comment\",\"target\":[\"https:\/\/www.hsce.com.br\/sentenca-adia-cobranca-do-icms-difal-para-2023\/#respond\"]}]},{\"@type\":\"WebPage\",\"@id\":\"https:\/\/www.hsce.com.br\/sentenca-adia-cobranca-do-icms-difal-para-2023\/\",\"url\":\"https:\/\/www.hsce.com.br\/sentenca-adia-cobranca-do-icms-difal-para-2023\/\",\"name\":\"Senten\u00e7a adia cobran\u00e7a do ICMS Difal para 2023 - Hands on Solutions\",\"isPartOf\":{\"@id\":\"https:\/\/www.hsce.com.br\/#website\"},\"datePublished\":\"2022-06-13T14:30:00+00:00\",\"dateModified\":\"2022-06-30T14:36:08+00:00\",\"breadcrumb\":{\"@id\":\"https:\/\/www.hsce.com.br\/sentenca-adia-cobranca-do-icms-difal-para-2023\/#breadcrumb\"},\"inLanguage\":\"en-US\",\"potentialAction\":[{\"@type\":\"ReadAction\",\"target\":[\"https:\/\/www.hsce.com.br\/sentenca-adia-cobranca-do-icms-difal-para-2023\/\"]}]},{\"@type\":\"BreadcrumbList\",\"@id\":\"https:\/\/www.hsce.com.br\/sentenca-adia-cobranca-do-icms-difal-para-2023\/#breadcrumb\",\"itemListElement\":[{\"@type\":\"ListItem\",\"position\":1,\"name\":\"In\u00edcio\",\"item\":\"https:\/\/www.hsce.com.br\/\"},{\"@type\":\"ListItem\",\"position\":2,\"name\":\"Senten\u00e7a adia cobran\u00e7a do ICMS Difal para 2023\"}]},{\"@type\":\"WebSite\",\"@id\":\"https:\/\/www.hsce.com.br\/#website\",\"url\":\"https:\/\/www.hsce.com.br\/\",\"name\":\"Hands on Solutions\",\"description\":\"\",\"publisher\":{\"@id\":\"https:\/\/www.hsce.com.br\/#organization\"},\"potentialAction\":[{\"@type\":\"SearchAction\",\"target\":{\"@type\":\"EntryPoint\",\"urlTemplate\":\"https:\/\/www.hsce.com.br\/?s={search_term_string}\"},\"query-input\":{\"@type\":\"PropertyValueSpecification\",\"valueRequired\":true,\"valueName\":\"search_term_string\"}}],\"inLanguage\":\"en-US\"},{\"@type\":\"Organization\",\"@id\":\"https:\/\/www.hsce.com.br\/#organization\",\"name\":\"Hands on Solutions\",\"url\":\"https:\/\/www.hsce.com.br\/\",\"logo\":{\"@type\":\"ImageObject\",\"inLanguage\":\"en-US\",\"@id\":\"https:\/\/www.hsce.com.br\/#\/schema\/logo\/image\/\",\"url\":\"https:\/\/www.hsce.com.br\/wp-content\/uploads\/2015\/09\/handson.png\",\"contentUrl\":\"https:\/\/www.hsce.com.br\/wp-content\/uploads\/2015\/09\/handson.png\",\"width\":230,\"height\":68,\"caption\":\"Hands on Solutions\"},\"image\":{\"@id\":\"https:\/\/www.hsce.com.br\/#\/schema\/logo\/image\/\"},\"sameAs\":[\"https:\/\/www.linkedin.com\/company\/hsce-ltda?trk=company_logo\"]},{\"@type\":\"Person\",\"@id\":\"https:\/\/www.hsce.com.br\/#\/schema\/person\/ce400a0e9f66b1195f845fb1fdca8b33\",\"name\":\"hsce\",\"image\":{\"@type\":\"ImageObject\",\"inLanguage\":\"en-US\",\"@id\":\"https:\/\/secure.gravatar.com\/avatar\/5cfe77ad71593df19912d9dffea7f5a8f3b3f45feff1ac302d60b22d3629b491?s=96&d=mm&r=g\",\"url\":\"https:\/\/secure.gravatar.com\/avatar\/5cfe77ad71593df19912d9dffea7f5a8f3b3f45feff1ac302d60b22d3629b491?s=96&d=mm&r=g\",\"contentUrl\":\"https:\/\/secure.gravatar.com\/avatar\/5cfe77ad71593df19912d9dffea7f5a8f3b3f45feff1ac302d60b22d3629b491?s=96&d=mm&r=g\",\"caption\":\"hsce\"},\"url\":\"https:\/\/www.hsce.com.br\/en\/author\/hsce\/\"}]}<\/script>\n<!-- \/ Yoast SEO plugin. -->","yoast_head_json":{"title":"Senten\u00e7a adia cobran\u00e7a do ICMS Difal para 2023 - Hands on Solutions","robots":{"index":"index","follow":"follow","max-snippet":"max-snippet:-1","max-image-preview":"max-image-preview:large","max-video-preview":"max-video-preview:-1"},"canonical":"https:\/\/www.hsce.com.br\/en\/sentenca-adia-cobranca-do-icms-difal-para-2023\/","og_locale":"en_US","og_type":"article","og_title":"Senten\u00e7a adia cobran\u00e7a do ICMS Difal para 2023 - Hands on Solutions","og_description":"A 4\u00aa Vara C\u00edvel de Curitiba entendeu, em decis\u00e3o de m\u00e9rito, que o diferencial de al\u00edquotas (Difal) do ICMS no com\u00e9rcio eletr\u00f4nico s\u00f3 deve ser cobrado no ano que vem. A senten\u00e7a, que beneficia a Luizzi Ind\u00fastria e Com\u00e9rcio de Sof\u00e1s, \u00e9 a primeira que se tem not\u00edcia. At\u00e9 ent\u00e3o, segundo advogados, s\u00f3 haviam sido [&hellip;]","og_url":"https:\/\/www.hsce.com.br\/en\/sentenca-adia-cobranca-do-icms-difal-para-2023\/","og_site_name":"Hands on Solutions","article_published_time":"2022-06-13T14:30:00+00:00","article_modified_time":"2022-06-30T14:36:08+00:00","author":"hsce","twitter_misc":{"Written by":"hsce","Est. reading time":"3 minutes"},"schema":{"@context":"https:\/\/schema.org","@graph":[{"@type":"Article","@id":"https:\/\/www.hsce.com.br\/sentenca-adia-cobranca-do-icms-difal-para-2023\/#article","isPartOf":{"@id":"https:\/\/www.hsce.com.br\/sentenca-adia-cobranca-do-icms-difal-para-2023\/"},"author":{"name":"hsce","@id":"https:\/\/www.hsce.com.br\/#\/schema\/person\/ce400a0e9f66b1195f845fb1fdca8b33"},"headline":"Senten\u00e7a adia cobran\u00e7a do ICMS Difal para 2023","datePublished":"2022-06-13T14:30:00+00:00","dateModified":"2022-06-30T14:36:08+00:00","mainEntityOfPage":{"@id":"https:\/\/www.hsce.com.br\/sentenca-adia-cobranca-do-icms-difal-para-2023\/"},"wordCount":713,"commentCount":0,"publisher":{"@id":"https:\/\/www.hsce.com.br\/#organization"},"keywords":["#adiamentocobran\u00e7adodifal","#adis","#beneficiamento","#comercio","#comerciodesofa","#comercioeletronico","#difal","#ICMS","#industria","#senten\u00e7a","#STF"],"articleSection":["Not\u00edcias"],"inLanguage":"en-US","potentialAction":[{"@type":"CommentAction","name":"Comment","target":["https:\/\/www.hsce.com.br\/sentenca-adia-cobranca-do-icms-difal-para-2023\/#respond"]}]},{"@type":"WebPage","@id":"https:\/\/www.hsce.com.br\/sentenca-adia-cobranca-do-icms-difal-para-2023\/","url":"https:\/\/www.hsce.com.br\/sentenca-adia-cobranca-do-icms-difal-para-2023\/","name":"Senten\u00e7a adia cobran\u00e7a do ICMS Difal para 2023 - Hands on Solutions","isPartOf":{"@id":"https:\/\/www.hsce.com.br\/#website"},"datePublished":"2022-06-13T14:30:00+00:00","dateModified":"2022-06-30T14:36:08+00:00","breadcrumb":{"@id":"https:\/\/www.hsce.com.br\/sentenca-adia-cobranca-do-icms-difal-para-2023\/#breadcrumb"},"inLanguage":"en-US","potentialAction":[{"@type":"ReadAction","target":["https:\/\/www.hsce.com.br\/sentenca-adia-cobranca-do-icms-difal-para-2023\/"]}]},{"@type":"BreadcrumbList","@id":"https:\/\/www.hsce.com.br\/sentenca-adia-cobranca-do-icms-difal-para-2023\/#breadcrumb","itemListElement":[{"@type":"ListItem","position":1,"name":"In\u00edcio","item":"https:\/\/www.hsce.com.br\/"},{"@type":"ListItem","position":2,"name":"Senten\u00e7a adia cobran\u00e7a do ICMS Difal para 2023"}]},{"@type":"WebSite","@id":"https:\/\/www.hsce.com.br\/#website","url":"https:\/\/www.hsce.com.br\/","name":"Hands on Solutions","description":"","publisher":{"@id":"https:\/\/www.hsce.com.br\/#organization"},"potentialAction":[{"@type":"SearchAction","target":{"@type":"EntryPoint","urlTemplate":"https:\/\/www.hsce.com.br\/?s={search_term_string}"},"query-input":{"@type":"PropertyValueSpecification","valueRequired":true,"valueName":"search_term_string"}}],"inLanguage":"en-US"},{"@type":"Organization","@id":"https:\/\/www.hsce.com.br\/#organization","name":"Hands on Solutions","url":"https:\/\/www.hsce.com.br\/","logo":{"@type":"ImageObject","inLanguage":"en-US","@id":"https:\/\/www.hsce.com.br\/#\/schema\/logo\/image\/","url":"https:\/\/www.hsce.com.br\/wp-content\/uploads\/2015\/09\/handson.png","contentUrl":"https:\/\/www.hsce.com.br\/wp-content\/uploads\/2015\/09\/handson.png","width":230,"height":68,"caption":"Hands on Solutions"},"image":{"@id":"https:\/\/www.hsce.com.br\/#\/schema\/logo\/image\/"},"sameAs":["https:\/\/www.linkedin.com\/company\/hsce-ltda?trk=company_logo"]},{"@type":"Person","@id":"https:\/\/www.hsce.com.br\/#\/schema\/person\/ce400a0e9f66b1195f845fb1fdca8b33","name":"hsce","image":{"@type":"ImageObject","inLanguage":"en-US","@id":"https:\/\/secure.gravatar.com\/avatar\/5cfe77ad71593df19912d9dffea7f5a8f3b3f45feff1ac302d60b22d3629b491?s=96&d=mm&r=g","url":"https:\/\/secure.gravatar.com\/avatar\/5cfe77ad71593df19912d9dffea7f5a8f3b3f45feff1ac302d60b22d3629b491?s=96&d=mm&r=g","contentUrl":"https:\/\/secure.gravatar.com\/avatar\/5cfe77ad71593df19912d9dffea7f5a8f3b3f45feff1ac302d60b22d3629b491?s=96&d=mm&r=g","caption":"hsce"},"url":"https:\/\/www.hsce.com.br\/en\/author\/hsce\/"}]}},"_links":{"self":[{"href":"https:\/\/www.hsce.com.br\/en\/wp-json\/wp\/v2\/posts\/1089","targetHints":{"allow":["GET"]}}],"collection":[{"href":"https:\/\/www.hsce.com.br\/en\/wp-json\/wp\/v2\/posts"}],"about":[{"href":"https:\/\/www.hsce.com.br\/en\/wp-json\/wp\/v2\/types\/post"}],"author":[{"embeddable":true,"href":"https:\/\/www.hsce.com.br\/en\/wp-json\/wp\/v2\/users\/8"}],"replies":[{"embeddable":true,"href":"https:\/\/www.hsce.com.br\/en\/wp-json\/wp\/v2\/comments?post=1089"}],"version-history":[{"count":1,"href":"https:\/\/www.hsce.com.br\/en\/wp-json\/wp\/v2\/posts\/1089\/revisions"}],"predecessor-version":[{"id":1090,"href":"https:\/\/www.hsce.com.br\/en\/wp-json\/wp\/v2\/posts\/1089\/revisions\/1090"}],"wp:attachment":[{"href":"https:\/\/www.hsce.com.br\/en\/wp-json\/wp\/v2\/media?parent=1089"}],"wp:term":[{"taxonomy":"category","embeddable":true,"href":"https:\/\/www.hsce.com.br\/en\/wp-json\/wp\/v2\/categories?post=1089"},{"taxonomy":"post_tag","embeddable":true,"href":"https:\/\/www.hsce.com.br\/en\/wp-json\/wp\/v2\/tags?post=1089"}],"curies":[{"name":"wp","href":"https:\/\/api.w.org\/{rel}","templated":true}]}}